{"id":333,"date":"2022-09-07T14:01:10","date_gmt":"2022-09-07T14:01:10","guid":{"rendered":"https:\/\/localhost\/radiomajaguabo\/?p=333"},"modified":"2022-09-07T14:01:10","modified_gmt":"2022-09-07T14:01:10","slug":"legisladora-de-bolivia-exige-cese-de-bloqueo-contra-cuba","status":"publish","type":"post","link":"https:\/\/www.radiomajaguabo.icrt.cu\/?p=333","title":{"rendered":"Legisladora de Bolivia exige cese de bloqueo contra Cuba"},"content":{"rendered":"<div class=\"elementor-element elementor-element-44014e52 elementor-widget elementor-widget-theme-post-excerpt\" data-id=\"44014e52\" data-element_type=\"widget\" data-widget_type=\"theme-post-excerpt.default\">\n<div class=\"elementor-widget-container\">La Paz, 7 sep (Prensa Latina) La vicepresidenta del Grupo Parlamentario de Amistad Bolivia-Cuba, Juana Amanda Iriarte, asegur\u00f3 hoy que el bloqueo econ\u00f3mico, comercial y financiero de Estados Unidos contra la isla debe cesar.<\/div>\n<\/div>\n<p><!--more--><\/p>\n<div class=\"elementor-element elementor-element-560e1f7e elementor-widget elementor-widget-theme-post-content\" data-id=\"560e1f7e\" data-element_type=\"widget\" data-widget_type=\"theme-post-content.default\">\n<div class=\"elementor-widget-container\">\n<p>\u201cResulta admirable c\u00f3mo la poblaci\u00f3n cubana a pesar de vivir 60 a\u00f1os en condiciones de agobio por ese bloqueo sigue de pie, con la convicci\u00f3n y el compromiso de trabajar por su pa\u00eds, por la Revoluci\u00f3n\u201d, afirm\u00f3 la diputada en entrevista a Prensa Latina.<\/p>\n<p>Subray\u00f3 que la crueldad de esa pol\u00edtica de Washington radica en que incluye represalias con el objetivo de desesperar y provocar la explosi\u00f3n de todo un pueblo.<\/p>\n<p>\u201cEstudi\u00e9 la carrera de Medicina en Cuba y vi con ojos propios que no es posible realizar transferencias bancarias, no llegan los insumos ni los equipamientos para continuar transformando las industrias en las diferentes esferas\u201d, coment\u00f3 a esta agencia de noticias.<\/p>\n<p>Describi\u00f3 que esta presi\u00f3n externa pone en grandes aprietos a todo el pa\u00eds, pues resulta muy dif\u00edcil vivir con tantas necesidades.<\/p>\n<p>\u201cSin embargo -exclam\u00f3 admirada-, a pesar de todo, el cubano inventa, busca soluciones de mil maneras, por eso no me canso de llamar al coraz\u00f3n de todos los pueblos y gobiernos del mundo para que se sumen a este llamado que cada a\u00f1o se debate en Naciones Unidas sobre la necesidad de eliminar el bloqueo contra ese pa\u00eds\u201d, reafirm\u00f3.<\/p>\n<p>Iriarte insisti\u00f3 en que las represalias de Washington contra todo un pueblo que solo lucha por ser independiente y soberano provocan mucho sufrimiento.<\/p>\n<p>Record\u00f3 que el Gobierno de Donald Trump increment\u00f3 ese castigo con m\u00e1s de 200 medidas con el objetivo de doblegar a los cubanos, con el prop\u00f3sito de obligarlos a rendirse y entregar la Revoluci\u00f3n.<\/p>\n<p>Calific\u00f3 de admirable la resistencia de ese pueblo, que persiste en mantener de pie su proceso de desarrollo sin negociar su dignidad ni su soberan\u00eda.<\/p>\n<p>\u201cEl imperialismo mediante el chantaje y los bloqueos busca el sometimiento de los pueblos a su merced, los obliga a que act\u00faen seg\u00fan su designio, sin autodeterminaci\u00f3n, por eso aplican esa misma estrategia infructuosamente contra Nicaragua y Venezuela\u201d, dijo.<\/p>\n<p>Calific\u00f3 de lamentable que eso suceda, y reiter\u00f3 que por todas las v\u00edas posibles el mundo debe insistir para que cese esta pol\u00edtica de Washington a la cual calific\u00f3 de genocida y criminal.<\/p>\n<p>Agreg\u00f3 que no hay derecho a cansarse porque el reclamo y la voz de muchos puede lograr que cese ese bloqueo y que por fin Cuba pueda desarrollarse sin que una potencia lo agreda de esta forma, ininterrumpida desde hace m\u00e1s de seis d\u00e9cadas.<\/p>\n<p>oda\/jpm<\/p>\n<\/div>\n<\/div>\n<div class=\"elementor-element elementor-element-1fdbd0a elementor-widget elementor-widget-post-info\" data-id=\"1fdbd0a\" data-element_type=\"widget\" data-widget_type=\"post-info.default\">\n<div class=\"elementor-widget-container\">\n<ul class=\"elementor-inline-items elementor-icon-list-items elementor-post-info\">\n<li class=\"elementor-icon-list-item elementor-repeater-item-170494c elementor-inline-item\"><span class=\"elementor-icon-list-text elementor-post-info__item elementor-post-info__item--type-custom\"> #<a href=\"https:\/\/www.prensa-latina.cu\/tags\/bloqueo\" rel=\"tag noopener\" target=\"_blank\">bloqueo<\/a> #<a href=\"https:\/\/www.prensa-latina.cu\/tags\/bolivia\" rel=\"tag noopener\" target=\"_blank\">bolivia<\/a> #<a href=\"https:\/\/www.prensa-latina.cu\/tags\/condena\" rel=\"tag noopener\" target=\"_blank\">condena<\/a> #<a href=\"https:\/\/www.prensa-latina.cu\/tags\/cuba\" rel=\"tag noopener\" target=\"_blank\">cuba<\/a> <\/span><\/li>\n<\/ul>\n<\/div>\n<\/div>\n","protected":false},"excerpt":{"rendered":"<p>La Paz, 7 sep (Prensa Latina) La vicepresidenta del Grupo Parlamentario de Amistad Bolivia-Cuba, Juana Amanda Iriarte, asegur\u00f3 hoy que<\/p>\n<div class='heateor_sss_sharing_container heateor_sss_vertical_sharing heateor_sss_bottom_sharing' style='width:44px;left: -10px;top: 100px;-webkit-box-shadow:none;box-shadow:none;' ><div class=\"heateor_sss_sharing_ul\"><a class=\"heateor_sss_amp heateor_sss_amp_facebook\" href=\"https:\/\/www.facebook.com\/sharer\/sharer.php?u=https%3A%2F%2Fwww.radiomajaguabo.icrt.cu%2Findex.php%3Frest_route%3D%252Fwp%252Fv2%252Fposts%252F333\" title=\"Facebook\" rel=\"nofollow noopener\" target=\"_blank\"><amp-img src=\"https:\/\/www.radiomajaguabo.icrt.cu\/wp-content\/plugins\/sassy-social-share\/public\/..\/images\/amp\/facebook.svg\" width=\"40\" height=\"40\" alt=\"Facebook\" class=\"amp-wp-enforced-sizes\" style=\"width: 40px;\"><\/amp-img><\/a><a class=\"heateor_sss_amp heateor_sss_amp_linkedin\" href=\"https:\/\/www.linkedin.com\/sharing\/share-offsite\/?url=https%3A%2F%2Fwww.radiomajaguabo.icrt.cu%2Findex.php%3Frest_route%3D%252Fwp%252Fv2%252Fposts%252F333\" title=\"Linkedin\" rel=\"nofollow noopener\" target=\"_blank\"><amp-img src=\"https:\/\/www.radiomajaguabo.icrt.cu\/wp-content\/plugins\/sassy-social-share\/public\/..\/images\/amp\/linkedin.svg\" width=\"40\" height=\"40\" alt=\"Linkedin\" class=\"amp-wp-enforced-sizes\" style=\"width: 40px;\"><\/amp-img><\/a><a class=\"heateor_sss_amp heateor_sss_amp_whatsapp\" href=\"https:\/\/api.whatsapp.com\/send?text=Radio%20Majaguabo%20-%20Emisora%20Radio%20Majaguabo%2C%20San%20Luis%2C%20Santiago%20de%20Cuba%2C%20Cuba%20https%3A%2F%2Fwww.radiomajaguabo.icrt.cu%2Findex.php%3Frest_route%3D%252Fwp%252Fv2%252Fposts%252F333\" title=\"Whatsapp\" rel=\"nofollow noopener\" target=\"_blank\"><amp-img src=\"https:\/\/www.radiomajaguabo.icrt.cu\/wp-content\/plugins\/sassy-social-share\/public\/..\/images\/amp\/whatsapp.svg\" width=\"40\" height=\"40\" alt=\"Whatsapp\" class=\"amp-wp-enforced-sizes\" style=\"width: 40px;\"><\/amp-img><\/a><a class=\"heateor_sss_amp heateor_sss_amp_instagram\" href=\"https:\/\/www.instagram.com\/\" title=\"Instagram\" rel=\"nofollow noopener\" target=\"_blank\"><amp-img src=\"https:\/\/www.radiomajaguabo.icrt.cu\/wp-content\/plugins\/sassy-social-share\/public\/..\/images\/amp\/instagram.svg\" width=\"40\" height=\"40\" alt=\"Instagram\" class=\"amp-wp-enforced-sizes\" style=\"width: 40px;\"><\/amp-img><\/a><a class=\"heateor_sss_amp heateor_sss_amp_x\" href=\"https:\/\/twitter.com\/intent\/tweet?text=Radio%20Majaguabo%20-%20Emisora%20Radio%20Majaguabo%2C%20San%20Luis%2C%20Santiago%20de%20Cuba%2C%20Cuba&url=https%3A%2F%2Fwww.radiomajaguabo.icrt.cu%2Findex.php%3Frest_route%3D%252Fwp%252Fv2%252Fposts%252F333\" title=\"X\" rel=\"nofollow noopener\" target=\"_blank\"><amp-img src=\"https:\/\/www.radiomajaguabo.icrt.cu\/wp-content\/plugins\/sassy-social-share\/public\/..\/images\/amp\/x.svg\" width=\"40\" height=\"40\" alt=\"X\" class=\"amp-wp-enforced-sizes\" style=\"width:40px;\"><\/amp-img><\/a><\/div><div class=\"heateorSssClear\"><\/div><\/div>","protected":false},"author":1,"featured_media":334,"comment_status":"open","ping_status":"open","sticky":false,"template":"","format":"standard","meta":{"colormag_page_layout":"default_layout","footnotes":""},"categories":[7],"tags":[157,25,13,45,21],"ppma_author":[37],"class_list":["post-333","post","type-post","status-publish","format-standard","has-post-thumbnail","hentry","category-internacionales","tag-bloqueo-economico","tag-bolivia","tag-cuba","tag-estados-unidos","tag-revolucion"],"authors":[{"term_id":37,"user_id":1,"is_guest":0,"slug":"alberterie","display_name":"Administrador","avatar_url":"https:\/\/secure.gravatar.com\/avatar\/c7c20c93c5f4c81e7a7dc9b02a42095ae8875c9af446129683aaa06faf7fd1f3?s=96&d=mm&r=g","author_category":"","user_url":"https:\/\/www.radiomajaguabo.icrt.cu","last_name":"Alberterie Rivero","first_name":"Pedro","job_title":"","description":""}],"amp_enabled":true,"_links":{"self":[{"href":"https:\/\/www.radiomajaguabo.icrt.cu\/index.php?rest_route=\/wp\/v2\/posts\/333","targetHints":{"allow":["GET"]}}],"collection":[{"href":"https:\/\/www.radiomajaguabo.icrt.cu\/index.php?rest_route=\/wp\/v2\/posts"}],"about":[{"href":"https:\/\/www.radiomajaguabo.icrt.cu\/index.php?rest_route=\/wp\/v2\/types\/post"}],"author":[{"embeddable":true,"href":"https:\/\/www.radiomajaguabo.icrt.cu\/index.php?rest_route=\/wp\/v2\/users\/1"}],"replies":[{"embeddable":true,"href":"https:\/\/www.radiomajaguabo.icrt.cu\/index.php?rest_route=%2Fwp%2Fv2%2Fcomments&post=333"}],"version-history":[{"count":1,"href":"https:\/\/www.radiomajaguabo.icrt.cu\/index.php?rest_route=\/wp\/v2\/posts\/333\/revisions"}],"predecessor-version":[{"id":335,"href":"https:\/\/www.radiomajaguabo.icrt.cu\/index.php?rest_route=\/wp\/v2\/posts\/333\/revisions\/335"}],"wp:featuredmedia":[{"embeddable":true,"href":"https:\/\/www.radiomajaguabo.icrt.cu\/index.php?rest_route=\/wp\/v2\/media\/334"}],"wp:attachment":[{"href":"https:\/\/www.radiomajaguabo.icrt.cu\/index.php?rest_route=%2Fwp%2Fv2%2Fmedia&parent=333"}],"wp:term":[{"taxonomy":"category","embeddable":true,"href":"https:\/\/www.radiomajaguabo.icrt.cu\/index.php?rest_route=%2Fwp%2Fv2%2Fcategories&post=333"},{"taxonomy":"post_tag","embeddable":true,"href":"https:\/\/www.radiomajaguabo.icrt.cu\/index.php?rest_route=%2Fwp%2Fv2%2Ftags&post=333"},{"taxonomy":"author","embeddable":true,"href":"https:\/\/www.radiomajaguabo.icrt.cu\/index.php?rest_route=%2Fwp%2Fv2%2Fppma_author&post=333"}],"curies":[{"name":"wp","href":"https:\/\/api.w.org\/{rel}","templated":true}]}}