{"id":3322,"date":"2023-06-02T14:12:40","date_gmt":"2023-06-02T14:12:40","guid":{"rendered":"https:\/\/www.radiomajaguabo.icrt.cu\/?p=3322"},"modified":"2023-06-02T14:12:40","modified_gmt":"2023-06-02T14:12:40","slug":"comenzo-temporada-ciclonica-sanluiseros-preparados","status":"publish","type":"post","link":"https:\/\/www.radiomajaguabo.icrt.cu\/?p=3322","title":{"rendered":"Comenz\u00f3 temporada cicl\u00f3nica, sanluiseros preparados"},"content":{"rendered":"<p><strong>San Luis, Santiago de Cuba, jun. 2, 23. _<\/strong> La temporada cicl\u00f3nica para la regi\u00f3n del Caribe inicia el primero de junio y concluye el 30 de noviembre de cada a\u00f1o. En Cuba se prepara a todo el pueblo para enfrentar los fen\u00f3menos meteorol\u00f3gicos que puedan azotar la isla.<!--more--><\/p>\n<p>A pesar de ello, durante los \u00faltimos a\u00f1os, los huracanes y ciclones han dejado a nuestro pa\u00eds en una situaci\u00f3n desfavorable en lo que a construcci\u00f3n de edificaciones y zonas de urbanizaci\u00f3n se refiere, esto ha generado que se haga muy importante saber c\u00f3mo se debe construir una vivienda resistente a estos fen\u00f3menos naturales tan da\u00f1inos.<\/p>\n<p><img loading=\"lazy\" decoding=\"async\" class=\" wp-image-3342 aligncenter\" src=\"https:\/\/www.radiomajaguabo.icrt.cu\/wp-content\/uploads\/2023\/06\/sandy1-300x224.jpg\" alt=\"\" width=\"586\" height=\"437\" srcset=\"https:\/\/www.radiomajaguabo.icrt.cu\/wp-content\/uploads\/2023\/06\/sandy1-300x224.jpg 300w, https:\/\/www.radiomajaguabo.icrt.cu\/wp-content\/uploads\/2023\/06\/sandy1.jpg 640w\" sizes=\"auto, (max-width: 586px) 100vw, 586px\" \/><\/p>\n<p>Surgir\u00edan interrogantes como: \u00bfQu\u00e9 construcciones son las m\u00e1s id\u00f3neas para nuestro pa\u00eds, tan asediado por estos fen\u00f3menos meteorol\u00f3gicos?<\/p>\n<p>En el caso de la provincia de Santiago de Cuba, luego del paso del hurac\u00e1n Sandy, se implement\u00f3 el uso de la tecnolog\u00eda Forsa, en la que se utiliza encofrados de aluminio para la construcci\u00f3n por su baja cantidad de piezas haciendo el montaje m\u00e1s f\u00e1cil, r\u00e1pido, sencillo y con un ajuste preciso, esta construcci\u00f3n es la que popularmente se le conoce como petrocasa.<\/p>\n<p><img loading=\"lazy\" decoding=\"async\" class=\" wp-image-3343 aligncenter\" src=\"https:\/\/www.radiomajaguabo.icrt.cu\/wp-content\/uploads\/2023\/06\/sandy2-300x224.jpg\" alt=\"\" width=\"529\" height=\"395\" srcset=\"https:\/\/www.radiomajaguabo.icrt.cu\/wp-content\/uploads\/2023\/06\/sandy2-300x224.jpg 300w, https:\/\/www.radiomajaguabo.icrt.cu\/wp-content\/uploads\/2023\/06\/sandy2.jpg 640w\" sizes=\"auto, (max-width: 529px) 100vw, 529px\" \/><\/p>\n<p>Pero existen elementos muy espec\u00edficos a la hora de construir nosotros mismos nuestras viviendas, como es el caso de los techos, pues est\u00e1n entre los m\u00e1s expuestos a eventos hidrometorol\u00f3gicos extremos, la colocaci\u00f3n correcta de las tejas, incluyendo una arandela y rueda de goma que amortig\u00fce la fuerza de los vientos, es una de ellas.<\/p>\n<p>Los expertos tambi\u00e9n recomiendan que en los techos de cubierta ligera, los componentes de los bordes siempre deben estar mejor anclados que los que est\u00e1n hacia adentro de la edificaci\u00f3n, pues sufren m\u00e1s las r\u00e1fagas de aire. A su vez, el \u00e1ngulo del techo debe tener una inclinaci\u00f3n mayor a los 22 grados; incluso mientras m\u00e1s agudo sea este \u00e1ngulo mucho mejor, pues as\u00ed ofrece menor resistencia al viento.<\/p>\n<p>Quienes conocen del tema, ofrecen recomendaciones como hacer la cristaler\u00eda de tama\u00f1o peque\u00f1o, debido a que el empapelado de ventanas de vidrio no las protege contra los vientos mayores, solo ayuda a que el cristal no se fragmente en pedazos; tambi\u00e9n aluden al hecho de no realizar edificaciones en el radio de una torre el\u00e9ctrica de alta tensi\u00f3n, pues estas son muy vulnerables a grandes vientos.<\/p>\n<p>Cumplir con las normas de urbanizaci\u00f3n que establece cada localidad para la construcci\u00f3n de las viviendas y todas las recomendaciones que brindan los conocedores de la tem\u00e1tica es esencial para lograr una construcci\u00f3n resistente a huracanes o ciclones.<\/p>\n","protected":false},"excerpt":{"rendered":"<p>San Luis, Santiago de Cuba, jun. 2, 23. _ La temporada cicl\u00f3nica para la regi\u00f3n del Caribe inicia el primero<\/p>\n<div class='heateor_sss_sharing_container heateor_sss_vertical_sharing heateor_sss_bottom_sharing' style='width:44px;left: -10px;top: 100px;-webkit-box-shadow:none;box-shadow:none;' ><div class=\"heateor_sss_sharing_ul\"><a class=\"heateor_sss_amp heateor_sss_amp_facebook\" href=\"https:\/\/www.facebook.com\/sharer\/sharer.php?u=https%3A%2F%2Fwww.radiomajaguabo.icrt.cu%2Findex.php%3Frest_route%3D%252Fwp%252Fv2%252Fposts%252F3322\" title=\"Facebook\" rel=\"nofollow noopener\" target=\"_blank\"><amp-img src=\"https:\/\/www.radiomajaguabo.icrt.cu\/wp-content\/plugins\/sassy-social-share\/public\/..\/images\/amp\/facebook.svg\" width=\"40\" height=\"40\" alt=\"Facebook\" class=\"amp-wp-enforced-sizes\" style=\"width: 40px;\"><\/amp-img><\/a><a class=\"heateor_sss_amp heateor_sss_amp_linkedin\" href=\"https:\/\/www.linkedin.com\/sharing\/share-offsite\/?url=https%3A%2F%2Fwww.radiomajaguabo.icrt.cu%2Findex.php%3Frest_route%3D%252Fwp%252Fv2%252Fposts%252F3322\" title=\"Linkedin\" rel=\"nofollow noopener\" target=\"_blank\"><amp-img src=\"https:\/\/www.radiomajaguabo.icrt.cu\/wp-content\/plugins\/sassy-social-share\/public\/..\/images\/amp\/linkedin.svg\" width=\"40\" height=\"40\" alt=\"Linkedin\" class=\"amp-wp-enforced-sizes\" style=\"width: 40px;\"><\/amp-img><\/a><a class=\"heateor_sss_amp heateor_sss_amp_whatsapp\" href=\"https:\/\/api.whatsapp.com\/send?text=Radio%20Majaguabo%20-%20Emisora%20Radio%20Majaguabo%2C%20San%20Luis%2C%20Santiago%20de%20Cuba%2C%20Cuba%20https%3A%2F%2Fwww.radiomajaguabo.icrt.cu%2Findex.php%3Frest_route%3D%252Fwp%252Fv2%252Fposts%252F3322\" title=\"Whatsapp\" rel=\"nofollow noopener\" target=\"_blank\"><amp-img src=\"https:\/\/www.radiomajaguabo.icrt.cu\/wp-content\/plugins\/sassy-social-share\/public\/..\/images\/amp\/whatsapp.svg\" width=\"40\" height=\"40\" alt=\"Whatsapp\" class=\"amp-wp-enforced-sizes\" style=\"width: 40px;\"><\/amp-img><\/a><a class=\"heateor_sss_amp heateor_sss_amp_instagram\" href=\"https:\/\/www.instagram.com\/\" title=\"Instagram\" rel=\"nofollow noopener\" target=\"_blank\"><amp-img src=\"https:\/\/www.radiomajaguabo.icrt.cu\/wp-content\/plugins\/sassy-social-share\/public\/..\/images\/amp\/instagram.svg\" width=\"40\" height=\"40\" alt=\"Instagram\" class=\"amp-wp-enforced-sizes\" style=\"width: 40px;\"><\/amp-img><\/a><a class=\"heateor_sss_amp heateor_sss_amp_x\" href=\"https:\/\/twitter.com\/intent\/tweet?text=Radio%20Majaguabo%20-%20Emisora%20Radio%20Majaguabo%2C%20San%20Luis%2C%20Santiago%20de%20Cuba%2C%20Cuba&url=https%3A%2F%2Fwww.radiomajaguabo.icrt.cu%2Findex.php%3Frest_route%3D%252Fwp%252Fv2%252Fposts%252F3322\" title=\"X\" rel=\"nofollow noopener\" target=\"_blank\"><amp-img src=\"https:\/\/www.radiomajaguabo.icrt.cu\/wp-content\/plugins\/sassy-social-share\/public\/..\/images\/amp\/x.svg\" width=\"40\" height=\"40\" alt=\"X\" class=\"amp-wp-enforced-sizes\" style=\"width:40px;\"><\/amp-img><\/a><\/div><div class=\"heateorSssClear\"><\/div><\/div>","protected":false},"author":7,"featured_media":3341,"comment_status":"open","ping_status":"open","sticky":false,"template":"","format":"standard","meta":{"colormag_page_layout":"default_layout","footnotes":""},"categories":[10,9],"tags":[304,1086,49,1085],"ppma_author":[847],"class_list":["post-3322","post","type-post","status-publish","format-standard","has-post-thumbnail","hentry","category-san-luis","category-historia","tag-san-luis","tag-sandy","tag-santiago-de-cuba","tag-temporada-ciclonica"],"authors":[{"term_id":847,"user_id":7,"is_guest":0,"slug":"ariadna","display_name":"Ariadna P\u00e9rez Morales","avatar_url":"https:\/\/secure.gravatar.com\/avatar\/c3f225207c412ea444f41008f0fb8216e66f9ddf2cc1fffa011b9113f906aa1f?s=96&d=mm&r=g","author_category":"","user_url":"","last_name":"P\u00e9rez Morales","first_name":"Ariadna","job_title":"","description":""}],"amp_enabled":true,"_links":{"self":[{"href":"https:\/\/www.radiomajaguabo.icrt.cu\/index.php?rest_route=\/wp\/v2\/posts\/3322","targetHints":{"allow":["GET"]}}],"collection":[{"href":"https:\/\/www.radiomajaguabo.icrt.cu\/index.php?rest_route=\/wp\/v2\/posts"}],"about":[{"href":"https:\/\/www.radiomajaguabo.icrt.cu\/index.php?rest_route=\/wp\/v2\/types\/post"}],"author":[{"embeddable":true,"href":"https:\/\/www.radiomajaguabo.icrt.cu\/index.php?rest_route=\/wp\/v2\/users\/7"}],"replies":[{"embeddable":true,"href":"https:\/\/www.radiomajaguabo.icrt.cu\/index.php?rest_route=%2Fwp%2Fv2%2Fcomments&post=3322"}],"version-history":[{"count":1,"href":"https:\/\/www.radiomajaguabo.icrt.cu\/index.php?rest_route=\/wp\/v2\/posts\/3322\/revisions"}],"predecessor-version":[{"id":3344,"href":"https:\/\/www.radiomajaguabo.icrt.cu\/index.php?rest_route=\/wp\/v2\/posts\/3322\/revisions\/3344"}],"wp:featuredmedia":[{"embeddable":true,"href":"https:\/\/www.radiomajaguabo.icrt.cu\/index.php?rest_route=\/wp\/v2\/media\/3341"}],"wp:attachment":[{"href":"https:\/\/www.radiomajaguabo.icrt.cu\/index.php?rest_route=%2Fwp%2Fv2%2Fmedia&parent=3322"}],"wp:term":[{"taxonomy":"category","embeddable":true,"href":"https:\/\/www.radiomajaguabo.icrt.cu\/index.php?rest_route=%2Fwp%2Fv2%2Fcategories&post=3322"},{"taxonomy":"post_tag","embeddable":true,"href":"https:\/\/www.radiomajaguabo.icrt.cu\/index.php?rest_route=%2Fwp%2Fv2%2Ftags&post=3322"},{"taxonomy":"author","embeddable":true,"href":"https:\/\/www.radiomajaguabo.icrt.cu\/index.php?rest_route=%2Fwp%2Fv2%2Fppma_author&post=3322"}],"curies":[{"name":"wp","href":"https:\/\/api.w.org\/{rel}","templated":true}]}}