{"id":3229,"date":"2023-05-25T14:54:10","date_gmt":"2023-05-25T14:54:10","guid":{"rendered":"https:\/\/www.radiomajaguabo.icrt.cu\/?p=3229"},"modified":"2023-05-25T14:54:10","modified_gmt":"2023-05-25T14:54:10","slug":"mirada-critica-al-funcionamiento-de-cooperativas-de-creditos-y-servicios-en-san-luis","status":"publish","type":"post","link":"https:\/\/www.radiomajaguabo.icrt.cu\/?p=3229","title":{"rendered":"Mirada cr\u00edtica al funcionamiento de Cooperativas de Cr\u00e9ditos y Servicios en San Luis"},"content":{"rendered":"<div class=\"\" dir=\"auto\">\n<div id=\":rbc:\" class=\"x1iorvi4 x1pi30zi x1l90r2v x1swvt13\" data-ad-comet-preview=\"message\" data-ad-preview=\"message\">\n<div class=\"x78zum5 xdt5ytf xz62fqu x16ldp7u\">\n<div class=\"xu06os2 x1ok221b\">\n<div class=\"xdj266r x11i5rnm xat24cr x1mh8g0r x1vvkbs x126k92a\">\n<div dir=\"auto\"><strong>San Luis, Santiago de Cuba, may. 25, 23._<\/strong> Desde una mirada objetiva, el encuentro de la direcci\u00f3n de la Asociaci\u00f3n Nacional de Agricultores Peque\u00f1os (ANAP) con los representantes de las Cooperativas de Cr\u00e9ditos y Servicios de este municipio, profundiz\u00f3 en el comportamiento econ\u00f3mico de las bases productivas, el funcionamiento org\u00e1nico y las fisuras que generan insatisfacciones entre los socios.<\/div>\n<div dir=\"auto\"><\/div>\n<\/div>\n<div dir=\"auto\"><img loading=\"lazy\" decoding=\"async\" class=\" wp-image-3230 aligncenter\" src=\"https:\/\/www.radiomajaguabo.icrt.cu\/wp-content\/uploads\/2023\/05\/otro1-300x225.jpg\" alt=\"\" width=\"487\" height=\"365\" srcset=\"https:\/\/www.radiomajaguabo.icrt.cu\/wp-content\/uploads\/2023\/05\/otro1-300x225.jpg 300w, https:\/\/www.radiomajaguabo.icrt.cu\/wp-content\/uploads\/2023\/05\/otro1-1024x768.jpg 1024w, https:\/\/www.radiomajaguabo.icrt.cu\/wp-content\/uploads\/2023\/05\/otro1-768x576.jpg 768w, https:\/\/www.radiomajaguabo.icrt.cu\/wp-content\/uploads\/2023\/05\/otro1.jpg 1080w\" sizes=\"auto, (max-width: 487px) 100vw, 487px\" \/><\/div>\n<div dir=\"auto\"><\/div>\n<div dir=\"auto\"><img loading=\"lazy\" decoding=\"async\" class=\" wp-image-3232 aligncenter\" src=\"https:\/\/www.radiomajaguabo.icrt.cu\/wp-content\/uploads\/2023\/05\/otro2-300x225.jpg\" alt=\"\" width=\"488\" height=\"366\" srcset=\"https:\/\/www.radiomajaguabo.icrt.cu\/wp-content\/uploads\/2023\/05\/otro2-300x225.jpg 300w, https:\/\/www.radiomajaguabo.icrt.cu\/wp-content\/uploads\/2023\/05\/otro2-1024x768.jpg 1024w, https:\/\/www.radiomajaguabo.icrt.cu\/wp-content\/uploads\/2023\/05\/otro2-768x576.jpg 768w, https:\/\/www.radiomajaguabo.icrt.cu\/wp-content\/uploads\/2023\/05\/otro2.jpg 1080w\" sizes=\"auto, (max-width: 488px) 100vw, 488px\" \/><\/div>\n<div dir=\"auto\"><\/div>\n<div dir=\"auto\"><img loading=\"lazy\" decoding=\"async\" class=\" wp-image-3233 aligncenter\" src=\"https:\/\/www.radiomajaguabo.icrt.cu\/wp-content\/uploads\/2023\/05\/otro3-300x225.jpg\" alt=\"\" width=\"490\" height=\"368\" srcset=\"https:\/\/www.radiomajaguabo.icrt.cu\/wp-content\/uploads\/2023\/05\/otro3-300x225.jpg 300w, https:\/\/www.radiomajaguabo.icrt.cu\/wp-content\/uploads\/2023\/05\/otro3-1024x768.jpg 1024w, https:\/\/www.radiomajaguabo.icrt.cu\/wp-content\/uploads\/2023\/05\/otro3-768x576.jpg 768w, https:\/\/www.radiomajaguabo.icrt.cu\/wp-content\/uploads\/2023\/05\/otro3.jpg 1080w\" sizes=\"auto, (max-width: 490px) 100vw, 490px\" \/><\/div>\n<div dir=\"auto\"><\/div>\n<div dir=\"auto\"><img loading=\"lazy\" decoding=\"async\" class=\" wp-image-3234 aligncenter\" src=\"https:\/\/www.radiomajaguabo.icrt.cu\/wp-content\/uploads\/2023\/05\/otro4-300x225.jpg\" alt=\"\" width=\"472\" height=\"354\" srcset=\"https:\/\/www.radiomajaguabo.icrt.cu\/wp-content\/uploads\/2023\/05\/otro4-300x225.jpg 300w, https:\/\/www.radiomajaguabo.icrt.cu\/wp-content\/uploads\/2023\/05\/otro4-1024x768.jpg 1024w, https:\/\/www.radiomajaguabo.icrt.cu\/wp-content\/uploads\/2023\/05\/otro4-768x576.jpg 768w, https:\/\/www.radiomajaguabo.icrt.cu\/wp-content\/uploads\/2023\/05\/otro4.jpg 1080w\" sizes=\"auto, (max-width: 472px) 100vw, 472px\" \/><\/div>\n<div dir=\"auto\"><\/div>\n<div dir=\"auto\"><img loading=\"lazy\" decoding=\"async\" class=\" wp-image-3235 aligncenter\" src=\"https:\/\/www.radiomajaguabo.icrt.cu\/wp-content\/uploads\/2023\/05\/otro5-300x135.jpg\" alt=\"\" width=\"480\" height=\"216\" srcset=\"https:\/\/www.radiomajaguabo.icrt.cu\/wp-content\/uploads\/2023\/05\/otro5-300x135.jpg 300w, https:\/\/www.radiomajaguabo.icrt.cu\/wp-content\/uploads\/2023\/05\/otro5-1024x462.jpg 1024w, https:\/\/www.radiomajaguabo.icrt.cu\/wp-content\/uploads\/2023\/05\/otro5-768x346.jpg 768w, https:\/\/www.radiomajaguabo.icrt.cu\/wp-content\/uploads\/2023\/05\/otro5.jpg 1080w\" sizes=\"auto, (max-width: 480px) 100vw, 480px\" \/><\/div>\n<div dir=\"auto\"><\/div>\n<div dir=\"auto\"><img loading=\"lazy\" decoding=\"async\" class=\" wp-image-3236 aligncenter\" src=\"https:\/\/www.radiomajaguabo.icrt.cu\/wp-content\/uploads\/2023\/05\/otro6-300x135.jpg\" alt=\"\" width=\"493\" height=\"222\" srcset=\"https:\/\/www.radiomajaguabo.icrt.cu\/wp-content\/uploads\/2023\/05\/otro6-300x135.jpg 300w, https:\/\/www.radiomajaguabo.icrt.cu\/wp-content\/uploads\/2023\/05\/otro6-1024x462.jpg 1024w, https:\/\/www.radiomajaguabo.icrt.cu\/wp-content\/uploads\/2023\/05\/otro6-768x346.jpg 768w, https:\/\/www.radiomajaguabo.icrt.cu\/wp-content\/uploads\/2023\/05\/otro6.jpg 1080w\" sizes=\"auto, (max-width: 493px) 100vw, 493px\" \/><\/div>\n<div dir=\"auto\"><\/div>\n<div dir=\"auto\"><img loading=\"lazy\" decoding=\"async\" class=\" wp-image-3237 aligncenter\" src=\"https:\/\/www.radiomajaguabo.icrt.cu\/wp-content\/uploads\/2023\/05\/otro7-300x135.jpg\" alt=\"\" width=\"535\" height=\"241\" srcset=\"https:\/\/www.radiomajaguabo.icrt.cu\/wp-content\/uploads\/2023\/05\/otro7-300x135.jpg 300w, https:\/\/www.radiomajaguabo.icrt.cu\/wp-content\/uploads\/2023\/05\/otro7-1024x462.jpg 1024w, https:\/\/www.radiomajaguabo.icrt.cu\/wp-content\/uploads\/2023\/05\/otro7-768x346.jpg 768w, https:\/\/www.radiomajaguabo.icrt.cu\/wp-content\/uploads\/2023\/05\/otro7.jpg 1080w\" sizes=\"auto, (max-width: 535px) 100vw, 535px\" \/><\/div>\n<div dir=\"auto\"><\/div>\n<div dir=\"auto\"><img loading=\"lazy\" decoding=\"async\" class=\" wp-image-3238 aligncenter\" src=\"https:\/\/www.radiomajaguabo.icrt.cu\/wp-content\/uploads\/2023\/05\/otro8-300x135.jpg\" alt=\"\" width=\"493\" height=\"222\" srcset=\"https:\/\/www.radiomajaguabo.icrt.cu\/wp-content\/uploads\/2023\/05\/otro8-300x135.jpg 300w, https:\/\/www.radiomajaguabo.icrt.cu\/wp-content\/uploads\/2023\/05\/otro8-1024x462.jpg 1024w, https:\/\/www.radiomajaguabo.icrt.cu\/wp-content\/uploads\/2023\/05\/otro8-768x346.jpg 768w, https:\/\/www.radiomajaguabo.icrt.cu\/wp-content\/uploads\/2023\/05\/otro8.jpg 1080w\" sizes=\"auto, (max-width: 493px) 100vw, 493px\" \/><\/div>\n<div dir=\"auto\"><\/div>\n<div dir=\"auto\"><img loading=\"lazy\" decoding=\"async\" class=\" wp-image-3239 aligncenter\" src=\"https:\/\/www.radiomajaguabo.icrt.cu\/wp-content\/uploads\/2023\/05\/otro9-300x135.jpg\" alt=\"\" width=\"489\" height=\"220\" srcset=\"https:\/\/www.radiomajaguabo.icrt.cu\/wp-content\/uploads\/2023\/05\/otro9-300x135.jpg 300w, https:\/\/www.radiomajaguabo.icrt.cu\/wp-content\/uploads\/2023\/05\/otro9-1024x462.jpg 1024w, https:\/\/www.radiomajaguabo.icrt.cu\/wp-content\/uploads\/2023\/05\/otro9-768x346.jpg 768w, https:\/\/www.radiomajaguabo.icrt.cu\/wp-content\/uploads\/2023\/05\/otro9.jpg 1080w\" sizes=\"auto, (max-width: 489px) 100vw, 489px\" \/><\/div>\n<div dir=\"auto\"><\/div>\n<div dir=\"auto\"><img loading=\"lazy\" decoding=\"async\" class=\" wp-image-3240 aligncenter\" src=\"https:\/\/www.radiomajaguabo.icrt.cu\/wp-content\/uploads\/2023\/05\/otro10-300x135.jpg\" alt=\"\" width=\"482\" height=\"217\" srcset=\"https:\/\/www.radiomajaguabo.icrt.cu\/wp-content\/uploads\/2023\/05\/otro10-300x135.jpg 300w, https:\/\/www.radiomajaguabo.icrt.cu\/wp-content\/uploads\/2023\/05\/otro10-1024x462.jpg 1024w, https:\/\/www.radiomajaguabo.icrt.cu\/wp-content\/uploads\/2023\/05\/otro10-768x346.jpg 768w, https:\/\/www.radiomajaguabo.icrt.cu\/wp-content\/uploads\/2023\/05\/otro10.jpg 1080w\" sizes=\"auto, (max-width: 482px) 100vw, 482px\" \/><\/div>\n<div dir=\"auto\"><\/div>\n<div dir=\"auto\"><img loading=\"lazy\" decoding=\"async\" class=\" wp-image-3241 aligncenter\" src=\"https:\/\/www.radiomajaguabo.icrt.cu\/wp-content\/uploads\/2023\/05\/otro11-300x135.jpg\" alt=\"\" width=\"489\" height=\"220\" srcset=\"https:\/\/www.radiomajaguabo.icrt.cu\/wp-content\/uploads\/2023\/05\/otro11-300x135.jpg 300w, https:\/\/www.radiomajaguabo.icrt.cu\/wp-content\/uploads\/2023\/05\/otro11-1024x462.jpg 1024w, https:\/\/www.radiomajaguabo.icrt.cu\/wp-content\/uploads\/2023\/05\/otro11-768x346.jpg 768w, https:\/\/www.radiomajaguabo.icrt.cu\/wp-content\/uploads\/2023\/05\/otro11.jpg 1080w\" sizes=\"auto, (max-width: 489px) 100vw, 489px\" \/><\/div>\n<div class=\"xdj266r x11i5rnm xat24cr x1mh8g0r x1vvkbs x126k92a\">\n<div dir=\"auto\"><\/div>\n<div dir=\"auto\">En la Cooperativa de Cr\u00e9ditos y Servicios Rafael Hern\u00e1ndez de Dos Caminos, se dieron cita presidentes, vicepresidentes, productores de avanzada, representantes de las brigadas FMC-ANAP, secretarios de n\u00facleos del Partido y presidentes de organizaciones de base.<\/div>\n<div dir=\"auto\"><\/div>\n<div dir=\"auto\">Sobre resultados productivos, la socializaci\u00f3n de las mejores experiencias, la gesti\u00f3n de la direcci\u00f3n de la cooperativa en el contexto actual del pa\u00eds, la preparaci\u00f3n y experiencia de sus principales dirigentes, la contrataci\u00f3n y comercializaci\u00f3n y el cumplimiento de los indicadores econ\u00f3micos de los cuales depende m\u00e1s del 60 por ciento de la alimentaci\u00f3n del pueblo, hablaron los participantes.<\/div>\n<div dir=\"auto\"><\/div>\n<div dir=\"auto\">En el intercambio fueron reconocidas las CCS Mario Iglesias, 17 de Mayo, Antonio Guiteras, Mario Mu\u00f1oz, Gustavo Moll, Rafael Hern\u00e1ndez, que destacan entre las unidades de su tipo sobresalientes por el avance en la mayor\u00eda de los indicadores positivos expuestos en la agenda del d\u00eda y constituyen ejemplo a imitar por el resto de sus coterr\u00e1neas.<\/div>\n<div dir=\"auto\"><\/div>\n<div dir=\"auto\">Asimismo se ponder\u00f3 la labor de las econ\u00f3micas Yamilaydis Verdecia Acu\u00f1a de la CCS Rafael Hern\u00e1ndez, Soraida Llamos Garc\u00eda de la Antonio Guiteras e Isely Deulofeu de la Mario Iglesias.<\/div>\n<div dir=\"auto\"><\/div>\n<\/div>\n<div class=\"x11i5rnm xat24cr x1mh8g0r x1vvkbs xtlvy1s x126k92a\">\n<div dir=\"auto\">El intercambio de experiencias de las Cooperativas de Cr\u00e9ditos y Servicios de San Luis cont\u00f3 con la presencia de Idelkis R\u00edos Cateura, funcionario de la ANAP nacional, George Olivares Mass\u00f3, Presidente de la ANAP en Santiago de Cuba, su hom\u00f3loga en San Luis, Sonia Licet Gir\u00f3n Hechavarr\u00eda y Rolando Miguel Magdariaga, responsable de atender bases productivas en la Delegaci\u00f3n provincial de la Agricultura.<\/div>\n<\/div>\n<\/div>\n<\/div>\n<\/div>\n<\/div>\n<p>&nbsp;<\/p>\n","protected":false},"excerpt":{"rendered":"<p>San Luis, Santiago de Cuba, may. 25, 23._ Desde una mirada objetiva, el encuentro de la direcci\u00f3n de la Asociaci\u00f3n<\/p>\n<div class='heateor_sss_sharing_container heateor_sss_vertical_sharing heateor_sss_bottom_sharing' style='width:44px;left: -10px;top: 100px;-webkit-box-shadow:none;box-shadow:none;' ><div class=\"heateor_sss_sharing_ul\"><a class=\"heateor_sss_amp heateor_sss_amp_facebook\" href=\"https:\/\/www.facebook.com\/sharer\/sharer.php?u=https%3A%2F%2Fwww.radiomajaguabo.icrt.cu%2Findex.php%3Frest_route%3D%252Fwp%252Fv2%252Fposts%252F3229\" title=\"Facebook\" rel=\"nofollow noopener\" target=\"_blank\"><amp-img src=\"https:\/\/www.radiomajaguabo.icrt.cu\/wp-content\/plugins\/sassy-social-share\/public\/..\/images\/amp\/facebook.svg\" width=\"40\" height=\"40\" alt=\"Facebook\" class=\"amp-wp-enforced-sizes\" style=\"width: 40px;\"><\/amp-img><\/a><a class=\"heateor_sss_amp heateor_sss_amp_linkedin\" href=\"https:\/\/www.linkedin.com\/sharing\/share-offsite\/?url=https%3A%2F%2Fwww.radiomajaguabo.icrt.cu%2Findex.php%3Frest_route%3D%252Fwp%252Fv2%252Fposts%252F3229\" title=\"Linkedin\" rel=\"nofollow noopener\" target=\"_blank\"><amp-img src=\"https:\/\/www.radiomajaguabo.icrt.cu\/wp-content\/plugins\/sassy-social-share\/public\/..\/images\/amp\/linkedin.svg\" width=\"40\" height=\"40\" alt=\"Linkedin\" class=\"amp-wp-enforced-sizes\" style=\"width: 40px;\"><\/amp-img><\/a><a class=\"heateor_sss_amp heateor_sss_amp_whatsapp\" href=\"https:\/\/api.whatsapp.com\/send?text=Radio%20Majaguabo%20-%20Emisora%20Radio%20Majaguabo%2C%20San%20Luis%2C%20Santiago%20de%20Cuba%2C%20Cuba%20https%3A%2F%2Fwww.radiomajaguabo.icrt.cu%2Findex.php%3Frest_route%3D%252Fwp%252Fv2%252Fposts%252F3229\" title=\"Whatsapp\" rel=\"nofollow noopener\" target=\"_blank\"><amp-img src=\"https:\/\/www.radiomajaguabo.icrt.cu\/wp-content\/plugins\/sassy-social-share\/public\/..\/images\/amp\/whatsapp.svg\" width=\"40\" height=\"40\" alt=\"Whatsapp\" class=\"amp-wp-enforced-sizes\" style=\"width: 40px;\"><\/amp-img><\/a><a class=\"heateor_sss_amp heateor_sss_amp_instagram\" href=\"https:\/\/www.instagram.com\/\" title=\"Instagram\" rel=\"nofollow noopener\" target=\"_blank\"><amp-img src=\"https:\/\/www.radiomajaguabo.icrt.cu\/wp-content\/plugins\/sassy-social-share\/public\/..\/images\/amp\/instagram.svg\" width=\"40\" height=\"40\" alt=\"Instagram\" class=\"amp-wp-enforced-sizes\" style=\"width: 40px;\"><\/amp-img><\/a><a class=\"heateor_sss_amp heateor_sss_amp_x\" href=\"https:\/\/twitter.com\/intent\/tweet?text=Radio%20Majaguabo%20-%20Emisora%20Radio%20Majaguabo%2C%20San%20Luis%2C%20Santiago%20de%20Cuba%2C%20Cuba&url=https%3A%2F%2Fwww.radiomajaguabo.icrt.cu%2Findex.php%3Frest_route%3D%252Fwp%252Fv2%252Fposts%252F3229\" title=\"X\" rel=\"nofollow noopener\" target=\"_blank\"><amp-img src=\"https:\/\/www.radiomajaguabo.icrt.cu\/wp-content\/plugins\/sassy-social-share\/public\/..\/images\/amp\/x.svg\" width=\"40\" height=\"40\" alt=\"X\" class=\"amp-wp-enforced-sizes\" style=\"width:40px;\"><\/amp-img><\/a><\/div><div class=\"heateorSssClear\"><\/div><\/div>","protected":false},"author":6,"featured_media":3242,"comment_status":"open","ping_status":"open","sticky":false,"template":"","format":"standard","meta":{"colormag_page_layout":"default_layout","footnotes":""},"categories":[10],"tags":[550,385,1066,304],"ppma_author":[299],"class_list":["post-3229","post","type-post","status-publish","format-standard","has-post-thumbnail","hentry","category-san-luis","tag-anap","tag-cooperativas","tag-funcionamiento","tag-san-luis"],"authors":[{"term_id":299,"user_id":6,"is_guest":0,"slug":"yaniuska","display_name":"Yaniuska P\u00e9rez Verdecia","avatar_url":"https:\/\/secure.gravatar.com\/avatar\/a6d7e51e5ccf0210b8c939b21a0b37dca410372954868b8ff5b8e51c07cf1a6e?s=96&d=mm&r=g","author_category":"","user_url":"","last_name":"P\u00e9rez Verdecia","first_name":"Yaniuska","job_title":"","description":""}],"amp_enabled":true,"_links":{"self":[{"href":"https:\/\/www.radiomajaguabo.icrt.cu\/index.php?rest_route=\/wp\/v2\/posts\/3229","targetHints":{"allow":["GET"]}}],"collection":[{"href":"https:\/\/www.radiomajaguabo.icrt.cu\/index.php?rest_route=\/wp\/v2\/posts"}],"about":[{"href":"https:\/\/www.radiomajaguabo.icrt.cu\/index.php?rest_route=\/wp\/v2\/types\/post"}],"author":[{"embeddable":true,"href":"https:\/\/www.radiomajaguabo.icrt.cu\/index.php?rest_route=\/wp\/v2\/users\/6"}],"replies":[{"embeddable":true,"href":"https:\/\/www.radiomajaguabo.icrt.cu\/index.php?rest_route=%2Fwp%2Fv2%2Fcomments&post=3229"}],"version-history":[{"count":1,"href":"https:\/\/www.radiomajaguabo.icrt.cu\/index.php?rest_route=\/wp\/v2\/posts\/3229\/revisions"}],"predecessor-version":[{"id":3243,"href":"https:\/\/www.radiomajaguabo.icrt.cu\/index.php?rest_route=\/wp\/v2\/posts\/3229\/revisions\/3243"}],"wp:featuredmedia":[{"embeddable":true,"href":"https:\/\/www.radiomajaguabo.icrt.cu\/index.php?rest_route=\/wp\/v2\/media\/3242"}],"wp:attachment":[{"href":"https:\/\/www.radiomajaguabo.icrt.cu\/index.php?rest_route=%2Fwp%2Fv2%2Fmedia&parent=3229"}],"wp:term":[{"taxonomy":"category","embeddable":true,"href":"https:\/\/www.radiomajaguabo.icrt.cu\/index.php?rest_route=%2Fwp%2Fv2%2Fcategories&post=3229"},{"taxonomy":"post_tag","embeddable":true,"href":"https:\/\/www.radiomajaguabo.icrt.cu\/index.php?rest_route=%2Fwp%2Fv2%2Ftags&post=3229"},{"taxonomy":"author","embeddable":true,"href":"https:\/\/www.radiomajaguabo.icrt.cu\/index.php?rest_route=%2Fwp%2Fv2%2Fppma_author&post=3229"}],"curies":[{"name":"wp","href":"https:\/\/api.w.org\/{rel}","templated":true}]}}