{"id":3212,"date":"2023-05-24T14:15:52","date_gmt":"2023-05-24T14:15:52","guid":{"rendered":"https:\/\/www.radiomajaguabo.icrt.cu\/?p=3212"},"modified":"2023-05-24T14:15:52","modified_gmt":"2023-05-24T14:15:52","slug":"en-san-luis-evento-sobre-norma-legal-para-proteger-plantaciones-caneras-y-su-producto","status":"publish","type":"post","link":"https:\/\/www.radiomajaguabo.icrt.cu\/?p=3212","title":{"rendered":"En San Luis evento sobre norma legal para proteger plantaciones ca\u00f1eras y su producto"},"content":{"rendered":"<p><strong>San Luis, Santiago de Cuba, may. 24, 23. _<\/strong> Este territorio fue sede de un Taller donde se expuso el contenido sobre las medidas legales para proteger las plantaciones ca\u00f1eras, las cuales quedaron modificadas al entrar en vigor el 24 de abril pasado, el nuevo precepto modificativo del vigente Decreto 230 de las \u201cContravenciones de las regulaciones sobre la protecci\u00f3n de las plantaciones ca\u00f1eras y la ca\u00f1a de az\u00facar\u201d.<!--more--><\/p>\n<p>Para ilustrar a los productores de la gram\u00ednea y como parte del proceso de implementaci\u00f3n de la norma se desarroll\u00f3 este evento evaluando el contenido de la Gaceta Oficial de la Rep\u00fablica de Cuba y el Decreto 82 del Consejo de Ministros, mediante el cual se establecen las regulaciones pertinentes para cambiar la mirada por parte de todos los que tienen responsabilidad con este cultivo, que comienza en la base productiva.<\/p>\n<p><img loading=\"lazy\" decoding=\"async\" class=\" wp-image-3216 aligncenter\" src=\"https:\/\/www.radiomajaguabo.icrt.cu\/wp-content\/uploads\/2023\/05\/taller4-300x225.jpg\" alt=\"\" width=\"535\" height=\"401\" srcset=\"https:\/\/www.radiomajaguabo.icrt.cu\/wp-content\/uploads\/2023\/05\/taller4-300x225.jpg 300w, https:\/\/www.radiomajaguabo.icrt.cu\/wp-content\/uploads\/2023\/05\/taller4.jpg 640w\" sizes=\"auto, (max-width: 535px) 100vw, 535px\" \/><\/p>\n<p>Aqu\u00ed se dieron cita administradores de bases productivas \u2014 CPA y UBPC\u2014principales directivos de la Empresa Agroindustrial Azucarera Francisco Rosales, representantes de la delegaci\u00f3n de la agricultura, la Asociaci\u00f3n Nacional de Agricultores Peque\u00f1os (ANAP), la Polic\u00eda Nacional Revolucionaria, el Ministerio del Interior, la Consultor\u00eda Jur\u00eddica, la direcci\u00f3n de Finanzas y Precios y otros organismos imprescindibles en este proceso de los municipios San Luis y Songo la Maya.<\/p>\n<p><img loading=\"lazy\" decoding=\"async\" class=\" wp-image-3217 aligncenter\" src=\"https:\/\/www.radiomajaguabo.icrt.cu\/wp-content\/uploads\/2023\/05\/taller5-300x153.jpg\" alt=\"\" width=\"547\" height=\"279\" srcset=\"https:\/\/www.radiomajaguabo.icrt.cu\/wp-content\/uploads\/2023\/05\/taller5-300x153.jpg 300w, https:\/\/www.radiomajaguabo.icrt.cu\/wp-content\/uploads\/2023\/05\/taller5.jpg 640w\" sizes=\"auto, (max-width: 547px) 100vw, 547px\" \/><\/p>\n<p>Un debate caracterizado por el provechoso intercambio, luego de conocer las principales modificaciones del cuerpo legal. Dudas y preocupaciones fueron expuestas all\u00ed.<\/p>\n<p><img loading=\"lazy\" decoding=\"async\" class=\" wp-image-3218 aligncenter\" src=\"https:\/\/www.radiomajaguabo.icrt.cu\/wp-content\/uploads\/2023\/05\/taller6-300x180.jpg\" alt=\"\" width=\"528\" height=\"317\" srcset=\"https:\/\/www.radiomajaguabo.icrt.cu\/wp-content\/uploads\/2023\/05\/taller6-300x180.jpg 300w, https:\/\/www.radiomajaguabo.icrt.cu\/wp-content\/uploads\/2023\/05\/taller6.jpg 640w\" sizes=\"auto, (max-width: 528px) 100vw, 528px\" \/><\/p>\n<p>Durante el encuentro se constat\u00f3 como todav\u00eda prevalece el poco accionar sobre el cuidado de la ca\u00f1a y el insuficiente empoderamiento de quienes tienen el encargo de protegerla para detener su descenso en nuestros campos. Se necesita de una integraci\u00f3n total para garantizar la efectividad en la puesta en pr\u00e1ctica de la normativa.<\/p>\n<p>El encuentro cont\u00f3 con la presencia de Eudis Manuel Yeja, Miembro del Bur\u00f3 Provincial del Partido que atiende la Esfera Agroalimentaria, Yusmaikel Valier Ram\u00edrez, Primer Secretario del Partido en San Luis, Maritza \u00c1lvarez Guerra, Secretaria Provincial del Sindicato Nacional de Trabajadores Azucareros, Leonel S\u00e1nchez, Intendente del municipio, Richard Ricardo Fern\u00e1ndez, Coordinador para la Producci\u00f3n de ca\u00f1a de la Direcci\u00f3n de Coordinaci\u00f3n y Supervisi\u00f3n T\u00e9cnica de AZCUBA en Santiago de Cuba y Alexeis L\u00f3pez Cervantes, director de la Empresa Agroindustrial Azucarera Francisco Rosales.<\/p>\n","protected":false},"excerpt":{"rendered":"<p>San Luis, Santiago de Cuba, may. 24, 23. _ Este territorio fue sede de un Taller donde se expuso el<\/p>\n<div class='heateor_sss_sharing_container heateor_sss_vertical_sharing heateor_sss_bottom_sharing' style='width:44px;left: -10px;top: 100px;-webkit-box-shadow:none;box-shadow:none;' ><div class=\"heateor_sss_sharing_ul\"><a class=\"heateor_sss_amp heateor_sss_amp_facebook\" href=\"https:\/\/www.facebook.com\/sharer\/sharer.php?u=https%3A%2F%2Fwww.radiomajaguabo.icrt.cu%2Findex.php%3Frest_route%3D%252Fwp%252Fv2%252Fposts%252F3212\" title=\"Facebook\" rel=\"nofollow noopener\" target=\"_blank\"><amp-img src=\"https:\/\/www.radiomajaguabo.icrt.cu\/wp-content\/plugins\/sassy-social-share\/public\/..\/images\/amp\/facebook.svg\" width=\"40\" height=\"40\" alt=\"Facebook\" class=\"amp-wp-enforced-sizes\" style=\"width: 40px;\"><\/amp-img><\/a><a class=\"heateor_sss_amp heateor_sss_amp_linkedin\" href=\"https:\/\/www.linkedin.com\/sharing\/share-offsite\/?url=https%3A%2F%2Fwww.radiomajaguabo.icrt.cu%2Findex.php%3Frest_route%3D%252Fwp%252Fv2%252Fposts%252F3212\" title=\"Linkedin\" rel=\"nofollow noopener\" target=\"_blank\"><amp-img src=\"https:\/\/www.radiomajaguabo.icrt.cu\/wp-content\/plugins\/sassy-social-share\/public\/..\/images\/amp\/linkedin.svg\" width=\"40\" height=\"40\" alt=\"Linkedin\" class=\"amp-wp-enforced-sizes\" style=\"width: 40px;\"><\/amp-img><\/a><a class=\"heateor_sss_amp heateor_sss_amp_whatsapp\" href=\"https:\/\/api.whatsapp.com\/send?text=Radio%20Majaguabo%20-%20Emisora%20Radio%20Majaguabo%2C%20San%20Luis%2C%20Santiago%20de%20Cuba%2C%20Cuba%20https%3A%2F%2Fwww.radiomajaguabo.icrt.cu%2Findex.php%3Frest_route%3D%252Fwp%252Fv2%252Fposts%252F3212\" title=\"Whatsapp\" rel=\"nofollow noopener\" target=\"_blank\"><amp-img src=\"https:\/\/www.radiomajaguabo.icrt.cu\/wp-content\/plugins\/sassy-social-share\/public\/..\/images\/amp\/whatsapp.svg\" width=\"40\" height=\"40\" alt=\"Whatsapp\" class=\"amp-wp-enforced-sizes\" style=\"width: 40px;\"><\/amp-img><\/a><a class=\"heateor_sss_amp heateor_sss_amp_instagram\" href=\"https:\/\/www.instagram.com\/\" title=\"Instagram\" rel=\"nofollow noopener\" target=\"_blank\"><amp-img src=\"https:\/\/www.radiomajaguabo.icrt.cu\/wp-content\/plugins\/sassy-social-share\/public\/..\/images\/amp\/instagram.svg\" width=\"40\" height=\"40\" alt=\"Instagram\" class=\"amp-wp-enforced-sizes\" style=\"width: 40px;\"><\/amp-img><\/a><a class=\"heateor_sss_amp heateor_sss_amp_x\" href=\"https:\/\/twitter.com\/intent\/tweet?text=Radio%20Majaguabo%20-%20Emisora%20Radio%20Majaguabo%2C%20San%20Luis%2C%20Santiago%20de%20Cuba%2C%20Cuba&url=https%3A%2F%2Fwww.radiomajaguabo.icrt.cu%2Findex.php%3Frest_route%3D%252Fwp%252Fv2%252Fposts%252F3212\" title=\"X\" rel=\"nofollow noopener\" target=\"_blank\"><amp-img src=\"https:\/\/www.radiomajaguabo.icrt.cu\/wp-content\/plugins\/sassy-social-share\/public\/..\/images\/amp\/x.svg\" width=\"40\" height=\"40\" alt=\"X\" class=\"amp-wp-enforced-sizes\" style=\"width:40px;\"><\/amp-img><\/a><\/div><div class=\"heateorSssClear\"><\/div><\/div>","protected":false},"author":6,"featured_media":3218,"comment_status":"open","ping_status":"open","sticky":false,"template":"","format":"standard","meta":{"colormag_page_layout":"default_layout","footnotes":""},"categories":[10],"tags":[387,1055,1056,304,796],"ppma_author":[299],"class_list":["post-3212","post","type-post","status-publish","format-standard","has-post-thumbnail","hentry","category-san-luis","tag-cana","tag-plantaciones","tag-regulaciones","tag-san-luis","tag-taller"],"authors":[{"term_id":299,"user_id":6,"is_guest":0,"slug":"yaniuska","display_name":"Yaniuska P\u00e9rez Verdecia","avatar_url":"https:\/\/secure.gravatar.com\/avatar\/a6d7e51e5ccf0210b8c939b21a0b37dca410372954868b8ff5b8e51c07cf1a6e?s=96&d=mm&r=g","author_category":"","user_url":"","last_name":"P\u00e9rez Verdecia","first_name":"Yaniuska","job_title":"","description":""}],"amp_enabled":true,"_links":{"self":[{"href":"https:\/\/www.radiomajaguabo.icrt.cu\/index.php?rest_route=\/wp\/v2\/posts\/3212","targetHints":{"allow":["GET"]}}],"collection":[{"href":"https:\/\/www.radiomajaguabo.icrt.cu\/index.php?rest_route=\/wp\/v2\/posts"}],"about":[{"href":"https:\/\/www.radiomajaguabo.icrt.cu\/index.php?rest_route=\/wp\/v2\/types\/post"}],"author":[{"embeddable":true,"href":"https:\/\/www.radiomajaguabo.icrt.cu\/index.php?rest_route=\/wp\/v2\/users\/6"}],"replies":[{"embeddable":true,"href":"https:\/\/www.radiomajaguabo.icrt.cu\/index.php?rest_route=%2Fwp%2Fv2%2Fcomments&post=3212"}],"version-history":[{"count":1,"href":"https:\/\/www.radiomajaguabo.icrt.cu\/index.php?rest_route=\/wp\/v2\/posts\/3212\/revisions"}],"predecessor-version":[{"id":3219,"href":"https:\/\/www.radiomajaguabo.icrt.cu\/index.php?rest_route=\/wp\/v2\/posts\/3212\/revisions\/3219"}],"wp:featuredmedia":[{"embeddable":true,"href":"https:\/\/www.radiomajaguabo.icrt.cu\/index.php?rest_route=\/wp\/v2\/media\/3218"}],"wp:attachment":[{"href":"https:\/\/www.radiomajaguabo.icrt.cu\/index.php?rest_route=%2Fwp%2Fv2%2Fmedia&parent=3212"}],"wp:term":[{"taxonomy":"category","embeddable":true,"href":"https:\/\/www.radiomajaguabo.icrt.cu\/index.php?rest_route=%2Fwp%2Fv2%2Fcategories&post=3212"},{"taxonomy":"post_tag","embeddable":true,"href":"https:\/\/www.radiomajaguabo.icrt.cu\/index.php?rest_route=%2Fwp%2Fv2%2Ftags&post=3212"},{"taxonomy":"author","embeddable":true,"href":"https:\/\/www.radiomajaguabo.icrt.cu\/index.php?rest_route=%2Fwp%2Fv2%2Fppma_author&post=3212"}],"curies":[{"name":"wp","href":"https:\/\/api.w.org\/{rel}","templated":true}]}}