{"id":286,"date":"2022-08-31T15:01:43","date_gmt":"2022-08-31T15:01:43","guid":{"rendered":"https:\/\/localhost\/radiomajaguabo\/?p=286"},"modified":"2022-08-31T15:01:43","modified_gmt":"2022-08-31T15:01:43","slug":"presidente-de-cuba-resalta-esfuerzos-para-iniciar-curso-escolar","status":"publish","type":"post","link":"https:\/\/www.radiomajaguabo.icrt.cu\/?p=286","title":{"rendered":"Presidente de Cuba resalta esfuerzos para iniciar curso escolar"},"content":{"rendered":"<div class=\"elementor-element elementor-element-44014e52 elementor-widget elementor-widget-theme-post-excerpt\" data-id=\"44014e52\" data-element_type=\"widget\" data-widget_type=\"theme-post-excerpt.default\">\n<div class=\"elementor-widget-container\">La Habana, 31 ago (Prensa Latina) El presidente Miguel D\u00edaz-Canel asegur\u00f3 hoy que a pesar de las dificultades Cuba defiende la educaci\u00f3n de sus hijos y el pr\u00f3ximo 5 de septiembre continuar\u00e1 el curso escolar en todas las ense\u00f1anzas.<\/div>\n<\/div>\n<p><!--more--><\/p>\n<div class=\"elementor-element elementor-element-560e1f7e elementor-widget elementor-widget-theme-post-content\" data-id=\"560e1f7e\" data-element_type=\"widget\" data-widget_type=\"theme-post-content.default\">\n<div class=\"elementor-widget-container\">\n<p>El mandatario hizo esta afirmaci\u00f3n en la red social Twitter y puntualiz\u00f3 que \u201ctendremos un buen curso; y vamos a estar preparando bien, durante estos meses, el pr\u00f3ximo\u201d.<\/p>\n<p>D\u00edaz-Canel presidi\u00f3 la v\u00edspera en esta capital junto al primer ministro, Manuel Marrero, y los principales directivos de los ministerios de Educaci\u00f3n y Educaci\u00f3n Superior, una reuni\u00f3n para afinar detalles sobre el reinicio de las actividades docentes.<\/p>\n<p>En el encuentro el mandatario subray\u00f3 que \u201ccontra viento y marea vamos a continuar con el curso escolar, y en medio de la adversidad vamos a hacer un buen curso, y vamos a estar preparando bien el otro\u201d.<\/p>\n<p>Indag\u00f3 sobre la disponibilidad de la base material de estudios, las garant\u00edas para la transportaci\u00f3n de los maestros que se trasladan de un lugar a otro de la Isla para trabajar frente al aula que los necesite y por las condiciones para su alojamiento, as\u00ed como por la necesidad de vigilar la situaci\u00f3n epidemiol\u00f3gica de la Covid-19.<\/p>\n<p>D\u00edaz-Canel hizo hincapi\u00e9 en la importancia de potenciar las escuelas vocacionales o los institutos preuniversitarios de ciencias exactas en las condiciones actuales del pa\u00eds, y posibles modalidades que permitan colocar en lugar prominente al principio educativo de la vinculaci\u00f3n del estudio con el trabajo, indica este mi\u00e9rcoles el diario Granma.<\/p>\n<p>Asimismo resalt\u00f3 la trascendencia de defender esa vinculaci\u00f3n como principio pedag\u00f3gico, sin contradecir lo normado en la sociedad cubana y procurando que los m\u00e1s j\u00f3venes \u201cse formen con un concepto de trabajo; que vean el trabajo como una responsabilidad, como un camino honesto en la vida\u201d.<\/p>\n<p>Puntualiz\u00f3 al respecto que no hacerlo as\u00ed en un pa\u00eds tan necesitado de producir en pos de su bienestar ser\u00eda como \u201cnegarnos a nosotros mismos\u201d.<\/p>\n<p>Seg\u00fan informaci\u00f3n del Ministerio de Educaci\u00f3n, m\u00e1s de un mill\u00f3n 697 mil estudiantes volver\u00e1n a las aulas el pr\u00f3ximo lunes en los 10 mil 793 centros docentes de la naci\u00f3n, para reanudar el curso escolar 2021-2022, tras las vacaciones veraniegas.<\/p>\n<p>Tambi\u00e9n retornar\u00e1n los alumnos universitarios, y el ministro de Educaci\u00f3n Superior, Jos\u00e9 Ram\u00f3n Saborido, detall\u00f3 que tras un primer periodo que termin\u00f3 en buenas condiciones, hacia diciembre \u201cvamos a estar cerrando el curso\u201d y paralelamente tambi\u00e9n se realizar\u00e1n los ex\u00e1menes de ingreso a la ense\u00f1anza superior.<\/p>\n<p>Se\u00f1al\u00f3 que la etapa que comienza ser\u00e1 totalmente presencial, aunque seguir\u00e1n activados mecanismos de la virtualidad para el estudio, consultas, bibliograf\u00eda, y todo lo en el sistema est\u00e1 establecido.<\/p>\n<p>Sobre el contexto nacional marcado por la compleja situaci\u00f3n electroenerg\u00e9tica, Saborido puntualiz\u00f3 que la alta direcci\u00f3n del pa\u00eds orient\u00f3 a los gobiernos en las provincias coordinar con las direcciones de las universidades lograr que la afectaci\u00f3n al proceso docente sea m\u00ednima.<\/p>\n<p>mem\/rc<\/p>\n<\/div>\n<\/div>\n<div class=\"elementor-element elementor-element-1fdbd0a elementor-widget elementor-widget-post-info\" data-id=\"1fdbd0a\" data-element_type=\"widget\" data-widget_type=\"post-info.default\">\n<div class=\"elementor-widget-container\">\n<ul class=\"elementor-inline-items elementor-icon-list-items elementor-post-info\">\n<li class=\"elementor-icon-list-item elementor-repeater-item-170494c elementor-inline-item\"><span class=\"elementor-icon-list-text elementor-post-info__item elementor-post-info__item--type-custom\"> #<a href=\"https:\/\/www.prensa-latina.cu\/tags\/cuba\" rel=\"tag noopener\" target=\"_blank\">cuba<\/a> #<a href=\"https:\/\/www.prensa-latina.cu\/tags\/diaz-canel\" rel=\"tag noopener\" target=\"_blank\">D\u00edaz Canel<\/a> #<a href=\"https:\/\/www.prensa-latina.cu\/tags\/educacion\" rel=\"tag noopener\" target=\"_blank\">educaci\u00f3n<\/a> <\/span><\/li>\n<\/ul>\n<\/div>\n<\/div>\n","protected":false},"excerpt":{"rendered":"<p>La Habana, 31 ago (Prensa Latina) El presidente Miguel D\u00edaz-Canel asegur\u00f3 hoy que a pesar de las dificultades Cuba defiende<\/p>\n<div class='heateor_sss_sharing_container heateor_sss_vertical_sharing heateor_sss_bottom_sharing' style='width:44px;left: -10px;top: 100px;-webkit-box-shadow:none;box-shadow:none;' ><div class=\"heateor_sss_sharing_ul\"><a class=\"heateor_sss_amp heateor_sss_amp_facebook\" href=\"https:\/\/www.facebook.com\/sharer\/sharer.php?u=https%3A%2F%2Fwww.radiomajaguabo.icrt.cu%2Findex.php%3Frest_route%3D%252Fwp%252Fv2%252Fposts%252F286\" title=\"Facebook\" rel=\"nofollow noopener\" target=\"_blank\"><amp-img src=\"https:\/\/www.radiomajaguabo.icrt.cu\/wp-content\/plugins\/sassy-social-share\/public\/..\/images\/amp\/facebook.svg\" width=\"40\" height=\"40\" alt=\"Facebook\" class=\"amp-wp-enforced-sizes\" style=\"width: 40px;\"><\/amp-img><\/a><a class=\"heateor_sss_amp heateor_sss_amp_linkedin\" href=\"https:\/\/www.linkedin.com\/sharing\/share-offsite\/?url=https%3A%2F%2Fwww.radiomajaguabo.icrt.cu%2Findex.php%3Frest_route%3D%252Fwp%252Fv2%252Fposts%252F286\" title=\"Linkedin\" rel=\"nofollow noopener\" target=\"_blank\"><amp-img src=\"https:\/\/www.radiomajaguabo.icrt.cu\/wp-content\/plugins\/sassy-social-share\/public\/..\/images\/amp\/linkedin.svg\" width=\"40\" height=\"40\" alt=\"Linkedin\" class=\"amp-wp-enforced-sizes\" style=\"width: 40px;\"><\/amp-img><\/a><a class=\"heateor_sss_amp heateor_sss_amp_whatsapp\" href=\"https:\/\/api.whatsapp.com\/send?text=Radio%20Majaguabo%20-%20Emisora%20Radio%20Majaguabo%2C%20San%20Luis%2C%20Santiago%20de%20Cuba%2C%20Cuba%20https%3A%2F%2Fwww.radiomajaguabo.icrt.cu%2Findex.php%3Frest_route%3D%252Fwp%252Fv2%252Fposts%252F286\" title=\"Whatsapp\" rel=\"nofollow noopener\" target=\"_blank\"><amp-img src=\"https:\/\/www.radiomajaguabo.icrt.cu\/wp-content\/plugins\/sassy-social-share\/public\/..\/images\/amp\/whatsapp.svg\" width=\"40\" height=\"40\" alt=\"Whatsapp\" class=\"amp-wp-enforced-sizes\" style=\"width: 40px;\"><\/amp-img><\/a><a class=\"heateor_sss_amp heateor_sss_amp_instagram\" href=\"https:\/\/www.instagram.com\/\" title=\"Instagram\" rel=\"nofollow noopener\" target=\"_blank\"><amp-img src=\"https:\/\/www.radiomajaguabo.icrt.cu\/wp-content\/plugins\/sassy-social-share\/public\/..\/images\/amp\/instagram.svg\" width=\"40\" height=\"40\" alt=\"Instagram\" class=\"amp-wp-enforced-sizes\" style=\"width: 40px;\"><\/amp-img><\/a><a class=\"heateor_sss_amp heateor_sss_amp_x\" href=\"https:\/\/twitter.com\/intent\/tweet?text=Radio%20Majaguabo%20-%20Emisora%20Radio%20Majaguabo%2C%20San%20Luis%2C%20Santiago%20de%20Cuba%2C%20Cuba&url=https%3A%2F%2Fwww.radiomajaguabo.icrt.cu%2Findex.php%3Frest_route%3D%252Fwp%252Fv2%252Fposts%252F286\" title=\"X\" rel=\"nofollow noopener\" target=\"_blank\"><amp-img src=\"https:\/\/www.radiomajaguabo.icrt.cu\/wp-content\/plugins\/sassy-social-share\/public\/..\/images\/amp\/x.svg\" width=\"40\" height=\"40\" alt=\"X\" class=\"amp-wp-enforced-sizes\" style=\"width:40px;\"><\/amp-img><\/a><\/div><div class=\"heateorSssClear\"><\/div><\/div>","protected":false},"author":10,"featured_media":287,"comment_status":"open","ping_status":"open","sticky":false,"template":"","format":"standard","meta":{"colormag_page_layout":"default_layout","footnotes":""},"categories":[8],"tags":[16,13,171,14],"ppma_author":[39],"class_list":["post-286","post","type-post","status-publish","format-standard","has-post-thumbnail","hentry","category-nacionales","tag-covid-19","tag-cuba","tag-educacion-superior","tag-miguel-diaz-canel"],"authors":[{"term_id":39,"user_id":10,"is_guest":0,"slug":"prensa-latina","display_name":"Prensa Latina","avatar_url":"https:\/\/secure.gravatar.com\/avatar\/50c7a3112bb25b21ddc4cf0ff17bac923226a0d4e8814139af94a839af15e315?s=96&d=mm&r=g","author_category":"","user_url":"https:\/\/www.prensa-latina.cu","last_name":"","first_name":"Prensa Latina","job_title":"","description":""}],"amp_enabled":true,"_links":{"self":[{"href":"https:\/\/www.radiomajaguabo.icrt.cu\/index.php?rest_route=\/wp\/v2\/posts\/286","targetHints":{"allow":["GET"]}}],"collection":[{"href":"https:\/\/www.radiomajaguabo.icrt.cu\/index.php?rest_route=\/wp\/v2\/posts"}],"about":[{"href":"https:\/\/www.radiomajaguabo.icrt.cu\/index.php?rest_route=\/wp\/v2\/types\/post"}],"author":[{"embeddable":true,"href":"https:\/\/www.radiomajaguabo.icrt.cu\/index.php?rest_route=\/wp\/v2\/users\/10"}],"replies":[{"embeddable":true,"href":"https:\/\/www.radiomajaguabo.icrt.cu\/index.php?rest_route=%2Fwp%2Fv2%2Fcomments&post=286"}],"version-history":[{"count":1,"href":"https:\/\/www.radiomajaguabo.icrt.cu\/index.php?rest_route=\/wp\/v2\/posts\/286\/revisions"}],"predecessor-version":[{"id":288,"href":"https:\/\/www.radiomajaguabo.icrt.cu\/index.php?rest_route=\/wp\/v2\/posts\/286\/revisions\/288"}],"wp:featuredmedia":[{"embeddable":true,"href":"https:\/\/www.radiomajaguabo.icrt.cu\/index.php?rest_route=\/wp\/v2\/media\/287"}],"wp:attachment":[{"href":"https:\/\/www.radiomajaguabo.icrt.cu\/index.php?rest_route=%2Fwp%2Fv2%2Fmedia&parent=286"}],"wp:term":[{"taxonomy":"category","embeddable":true,"href":"https:\/\/www.radiomajaguabo.icrt.cu\/index.php?rest_route=%2Fwp%2Fv2%2Fcategories&post=286"},{"taxonomy":"post_tag","embeddable":true,"href":"https:\/\/www.radiomajaguabo.icrt.cu\/index.php?rest_route=%2Fwp%2Fv2%2Ftags&post=286"},{"taxonomy":"author","embeddable":true,"href":"https:\/\/www.radiomajaguabo.icrt.cu\/index.php?rest_route=%2Fwp%2Fv2%2Fppma_author&post=286"}],"curies":[{"name":"wp","href":"https:\/\/api.w.org\/{rel}","templated":true}]}}