{"id":2615,"date":"2023-04-19T18:56:13","date_gmt":"2023-04-19T18:56:13","guid":{"rendered":"https:\/\/www.radiomajaguabo.icrt.cu\/?p=2615"},"modified":"2023-04-19T18:56:13","modified_gmt":"2023-04-19T18:56:13","slug":"minuto-a-minuto-sesion-constitutiva-de-la-asamblea-nacional-del-poder-popular","status":"publish","type":"post","link":"https:\/\/www.radiomajaguabo.icrt.cu\/?p=2615","title":{"rendered":"Minuto a Minuto: Sesi\u00f3n constitutiva de la Asamblea Nacional del Poder Popular"},"content":{"rendered":"<p>En un d\u00eda memorable para todos los cubanos, en que se conmemora el 62 aniversario de la victoria en las arenas de Playa Gir\u00f3n, quedar\u00e1 constituida la X Legislatura de la Asamblea Nacional del Poder Popular, por los 470 diputados electos en marzo pasado en los 168 municipios del pa\u00eds.<!--more--><\/p>\n<p>Siga minuto a minuto este hist\u00f3rico acontecimiento a trav\u00e9s de Cubadebate, donde podr\u00e1 conocer las opiniones y testimonios de los protagonistas de este proceso democr\u00e1tico y popular.<\/p>\n<div id=\"mam_content\" class=\"\">\n<div class=\"mam_order_selector\"><label>Ordenar: <\/label><\/div>\n<\/div>\n<div id=\"mam_list\" data-nocrono=\"\" data-parent-id=\"1776605\">\n<section id=\"minuto-1350\" class=\"mam-article relevant\" data-mam-id=\"1776897\" data-time=\"2023-04-19 13:50:46\">\n<header>\n<h2>13:50 &#8211; Diputados comentan sobre la importancia de la sesi\u00f3n constitutiva<\/h2>\n<div class=\"break\"><\/div>\n<\/header>\n<div class=\"section-body\">\n<p>Un equipo de Cubadebate conversa con varios diputados sobre la importancia de la sesi\u00f3n constitutiva de la Asamblea Nacional del Poder Popular para el pa\u00eds. Conoce aqu\u00ed sus opiniones.<\/p>\n<\/div>\n<div class=\"break\"><\/div>\n<\/section>\n<section id=\"minuto-1344\" class=\"mam-article relevant\" data-mam-id=\"1776896\" data-time=\"2023-04-19 13:44:36\">\n<header>\n<h2>13:44 &#8211; Diputados ejercen su derecho al voto<\/h2>\n<div class=\"break\"><\/div>\n<\/header>\n<div class=\"section-body\">\n<p>Los 462 diputados presentes en esta Asamblea constitutiva ejercen su derecho al voto para elegir al presidente y vicepresidente de la Rep\u00fablica de Cuba.<\/p>\n<p>Se declara el receso para la votaci\u00f3n y el conteo de votos.<\/p>\n<\/div>\n<div class=\"break\"><\/div>\n<\/section>\n<section id=\"minuto-1342\" class=\"mam-article relevant\" data-mam-id=\"1776894\" data-time=\"2023-04-19 13:42:38\">\n<header>\n<h2>13:42 &#8211; Esteban Lazo explica procedimiento para efectuar el voto<\/h2>\n<div class=\"break\"><\/div>\n<\/header>\n<div class=\"section-body\">\n<p>Aprobada la candidatura por unanimidad, Esteban Lazo\u00a0 presidente de la X Legislatura de la ANPP, explica el procedimiento a seguir para ejercer el voto para elegir al presidente y vicepresidente de la Rep\u00fablica.<\/p>\n<p>Cada uno de los diputados recibe las boletas y comienzan a efectuar la votaci\u00f3n, que se realiza mediante voto secreto.<\/p>\n<\/div>\n<div class=\"break\"><\/div>\n<\/section>\n<section id=\"minuto-1337\" class=\"mam-article relevant\" data-mam-id=\"1776891\" data-time=\"2023-04-19 13:37:47\">\n<header>\n<h2>13:37 &#8211; Alistan las urnas para la votaci\u00f3n<\/h2>\n<div class=\"break\"><\/div>\n<\/header>\n<div class=\"section-body\">\n<p>Miembros del Consejo Electoral Nacional en la preparaci\u00f3n de las urnas para el ejercicio del voto de los diputados de la Asamblea Nacional del Poder Popular para la elecci\u00f3n del Presidente y Vicepresidente de la Rep\u00fablica de Cuba.<\/p>\n<div class=\"twitter-tweet twitter-tweet-rendered\"><iframe id=\"twitter-widget-0\" class=\"\" title=\"Twitter Tweet\" src=\"https:\/\/platform.twitter.com\/embed\/Tweet.html?creatorScreenName=cubadebatecu&amp;dnt=true&amp;embedId=twitter-widget-0&amp;features=eyJ0ZndfdGltZWxpbmVfbGlzdCI6eyJidWNrZXQiOltdLCJ2ZXJzaW9uIjpudWxsfSwidGZ3X2ZvbGxvd2VyX2NvdW50X3N1bnNldCI6eyJidWNrZXQiOnRydWUsInZlcnNpb24iOm51bGx9LCJ0ZndfdHdlZXRfZWRpdF9iYWNrZW5kIjp7ImJ1Y2tldCI6Im9uIiwidmVyc2lvbiI6bnVsbH0sInRmd19yZWZzcmNfc2Vzc2lvbiI6eyJidWNrZXQiOiJvbiIsInZlcnNpb24iOm51bGx9LCJ0ZndfbWl4ZWRfbWVkaWFfMTU4OTciOnsiYnVja2V0IjoidHJlYXRtZW50IiwidmVyc2lvbiI6bnVsbH0sInRmd19leHBlcmltZW50c19jb29raWVfZXhwaXJhdGlvbiI6eyJidWNrZXQiOjEyMDk2MDAsInZlcnNpb24iOm51bGx9LCJ0ZndfZHVwbGljYXRlX3NjcmliZXNfdG9fc2V0dGluZ3MiOnsiYnVja2V0Ijoib24iLCJ2ZXJzaW9uIjpudWxsfSwidGZ3X3ZpZGVvX2hsc19keW5hbWljX21hbmlmZXN0c18xNTA4MiI6eyJidWNrZXQiOiJ0cnVlX2JpdHJhdGUiLCJ2ZXJzaW9uIjpudWxsfSwidGZ3X2xlZ2FjeV90aW1lbGluZV9zdW5zZXQiOnsiYnVja2V0Ijp0cnVlLCJ2ZXJzaW9uIjpudWxsfSwidGZ3X3R3ZWV0X2VkaXRfZnJvbnRlbmQiOnsiYnVja2V0Ijoib24iLCJ2ZXJzaW9uIjpudWxsfX0%3D&amp;frame=false&amp;hideCard=false&amp;hideThread=false&amp;id=1648728209834360832&amp;lang=es&amp;origin=http%3A%2F%2Fwww.cubadebate.cu%2Fnoticias%2F2023%2F04%2F19%2Fminuto-a-minuto-sesion-constitutiva-de-la-asamblea-nacional-del-poder-popular%2F&amp;sessionId=0622a97f3b8d82561237e00da20d218a42c0f270&amp;siteScreenName=cubadebatecu&amp;theme=light&amp;widgetsVersion=aaf4084522e3a%3A1674595607486&amp;width=550px\" frameborder=\"0\" scrolling=\"no\" allowfullscreen=\"allowfullscreen\" data-tweet-id=\"1648728209834360832\" data-mce-fragment=\"1\"><\/iframe><\/div>\n<p>&nbsp;<\/p>\n<\/div>\n<div class=\"break\"><\/div>\n<\/section>\n<section id=\"minuto-1309\" class=\"mam-article relevant\" data-mam-id=\"1776881\" data-time=\"2023-04-19 13:09:36\">\n<header>\n<h2>13:09 &#8211; Diputados leen las biograf\u00edas de los candidatos<\/h2>\n<div class=\"break\"><\/div>\n<\/header>\n<div class=\"section-body\">\n<p>El presidente de la ANPP pidi\u00f3 a los diputados estudiar las biograf\u00edas de los nominados para presidente y vicepresidente de la Rep\u00fablica de Cuba.<\/p>\n<p>Los diputados tendr\u00e1n 10 minutos para analizar las propuestas.<\/p>\n<\/div>\n<div class=\"break\"><\/div>\n<\/section>\n<section id=\"minuto-1307\" class=\"mam-article relevant\" data-mam-id=\"1776879\" data-time=\"2023-04-19 13:07:14\">\n<header>\n<h2>13:07 &#8211; Salvador Vald\u00e9s Mesa, nominado para vicepresidente<\/h2>\n<div class=\"break\"><\/div>\n<\/header>\n<div class=\"section-body\">\n<p>El ingeniero agr\u00f3nomo Salvador Antonio Vald\u00e9s Mesa ha sido nominado como\u00a0 vicepresidente de la Rep\u00fablica de Cuba. Vald\u00e9s Mesa fue el primer secretario del PCC en Camag\u00fcey. Entre 1995 y 1999 ocup\u00f3 el cargo de ministro de Trabajo y Seguridad Social y entre 2006 y 2013 ejerci\u00f3 como Secretario General de la Central de Trabajadores de Cuba.<\/p>\n<p>\u201cHa atendido temas estrat\u00e9gicos como la agricultura, el desarrollo local en estrecho v\u00ednculo con los campesinos y obreros lo cual constituye una caracter\u00edstica de su forma de trabajo. Tiene basta experiencia en la vida sindical del pa\u00eds. Adem\u00e1s ha representado a Cuba de manera destacada en la esfera internacional\u201d, dijo Consuelo Baeza.<\/p>\n<\/div>\n<div class=\"break\"><\/div>\n<\/section>\n<section id=\"minuto-1304\" class=\"mam-article relevant\" data-mam-id=\"1776874\" data-time=\"2023-04-19 13:04:17\">\n<header>\n<h2>13:04 &#8211; Miguel D\u00edaz-Canel, nominado como presidente de la Rep\u00fablica<\/h2>\n<div class=\"break\"><\/div>\n<\/header>\n<div class=\"section-body\">\n<p>Miguel Mario D\u00edaz-Canel Berm\u00fadez ha sido propuesto como presidente de la Rep\u00fablica. La presidenta de la Comisi\u00f3n de Candidaturas dio lectura a la s\u00edntesis biogr\u00e1fica que se le distribuye a los diputados previo a la votaci\u00f3n. En ella, se menciona la trayectoria de D\u00edaz-Canel desde dirigente estudiantil y primer secretario de la Uni\u00f3n de J\u00f3venes Comunistas en Villa Clara. Curs\u00f3 el colegio de defensa nacional y fue cooperante internacionalista en Nicaragua.<\/p>\n<p>Desde 1993 fue miembro del Bur\u00f3 Provincial y luego primer secretario del Partido Comunista de Cuba en Villa Clara y Holgu\u00edn. En 2009 fue promovido a ministro de Educaci\u00f3n Superior. En el 2012 pas\u00f3 a integrar la vicepresidencia del Consejo de Ministro y un a\u00f1o m\u00e1s tarde fue elegido primer vicepresidente del Consejo de Estado.<\/p>\n<p>Desde el 2018 asume la responsabilidad como presidente de la Rep\u00fablica de Cuba. \u201cHa dirigido el pa\u00eds durante a\u00f1os muy dif\u00edciles. En medio del recrudecimiento del bloqueo promueve el concepto de resistencia creativa en todos los sectores de la vida econ\u00f3mica y cient\u00edfica del pa\u00eds. Se destaca por su trabajo diario y cercan\u00eda con las masas\u201d.<\/p>\n<\/div>\n<div class=\"break\"><\/div>\n<\/section>\n<section id=\"minuto-1301\" class=\"mam-article relevant\" data-mam-id=\"1776873\" data-time=\"2023-04-19 13:01:38\">\n<header>\n<h2>13:01 &#8211; Comienza nominaci\u00f3n del presidente y vicepresidente de la Rep\u00fablica<\/h2>\n<div class=\"break\"><\/div>\n<\/header>\n<div class=\"section-body\">\n<p>El presidente de la Asamblea Nacional invita a Consuelo Baeza, presidenta de la Comisi\u00f3n de Candidatura Nacional a presentar la propuesta de candidatura para la elecci\u00f3n del presidente y vicepresidente.<\/p>\n<p>Los integrantes de esta candidatura son seleccionados entre los diputados de la Asamblea Nacional del Poder Popular.<\/p>\n<p>La presidenta de la Comisi\u00f3n de Candidatura Nacional\u00a0 informa que el proyecto de candidatura est\u00e1 integrado por compa\u00f1eros que representan a todo el pueblo cubano.<\/p>\n<\/div>\n<div class=\"break\"><\/div>\n<\/section>\n<section id=\"minuto-1244\" class=\"mam-article relevant\" data-mam-id=\"1776869\" data-time=\"2023-04-19 12:44:33\">\n<header>\n<h2>12:44 &#8211; Esteban Lazo toma la palabra<\/h2>\n<div class=\"break\"><\/div>\n<\/header>\n<div class=\"section-body\">\n<p>Juan Esteban Lazo Hern\u00e1ndez, reelecto como presidente de la Asamblea Nacional del Poder Popular, agradeci\u00f3 en nombre de los electos para la direcci\u00f3n de la ANPP y los miembros del Consejo de Estado. \u201cReafirmamos nuestro compromiso con el pueblo y la Revoluci\u00f3n\u201d.<\/p>\n<p>La fecha en que sesiona esta Asamblea constitutiva -dijo- tiene relevancia pues marca la victoria de Cuba frente al imperialismo yanqui. \u201cNo podemos olvidar que la Novena legislatura nos deja grandes experiencias, entre ellas la aprobaci\u00f3n de la Constituci\u00f3n de la Rep\u00fablica y 35 leyes, una de las m\u00e1s importante fue el C\u00f3digo de las Familias\u201d.<\/p>\n<p>Lazo Hern\u00e1ndez destac\u00f3 la labor de las comisiones permanentes de trabajo de la ANPP que chequearon el cumplimiento de las leyes y decretos leyes, adem\u00e1s de debatir temas medulares para la poblaci\u00f3n.<\/p>\n<p>Reconoci\u00f3 que esta legislatura tiene desaf\u00edos y retos para los cuales se\u00a0 deben estimular nuevas ideas para desarrollar en el pa\u00eds un socialismo pr\u00f3spero y sostenible.<\/p>\n<p>\u201cLos diputados debemos prepararnos para debatir temas complejos de la vida econ\u00f3mica del pa\u00eds, as\u00ed como proponer soluciones\u201d, acot\u00f3.<\/p>\n<p>Agreg\u00f3 que otros de los retos de la nueva ANPP es el v\u00ednculo con la base y el perfeccionamiento de los \u00f3rganos del Poder Popular.<\/p>\n<p>El electo presidente de la Asamblea Nacional inform\u00f3 que en el mes de mayo se realizar\u00e1 un sesi\u00f3n extraordinaria de este \u00f3rgano legislativo para debatir importantes temas de la vida econ\u00f3mica y social del pa\u00eds.<\/p>\n<\/div>\n<div class=\"break\"><\/div>\n<\/section>\n<section id=\"minuto-1242\" class=\"mam-article relevant\" data-mam-id=\"1776859\" data-time=\"2023-04-19 12:42:51\">\n<header>\n<h2>12:42 &#8211; Dan a conocer los resultados de las votaciones para los miembros del Consejo de Estado<\/h2>\n<div class=\"break\"><\/div>\n<\/header>\n<div class=\"section-body\">\n<p><img loading=\"lazy\" decoding=\"async\" class=\"alignnone size-large wp-image-1776883\" src=\"http:\/\/media.cubadebate.cu\/wp-content\/uploads\/2023\/04\/consejo-estado-cuba-580x731.png\" sizes=\"auto, (max-width: 580px) 100vw, 580px\" srcset=\"http:\/\/media.cubadebate.cu\/wp-content\/uploads\/2023\/04\/consejo-estado-cuba-580x731.png 580w,http:\/\/media.cubadebate.cu\/wp-content\/uploads\/2023\/04\/consejo-estado-cuba.png 604w\" alt=\"\" width=\"580\" height=\"731\" \/><\/p>\n<p>Sobre las votaciones para elegir a los miembros del Consejo de Estado, ejercieron su derecho al voto los 462 diputados. Fueron v\u00e1lidas 461 de las boletas y una anulada lo que representa el 99.78%.<\/p>\n<p>La presidenta del Consejo Nacional Electoral invita a los miembros del Consejo de Estado a ocupar sus puestos.<\/p>\n<p><img loading=\"lazy\" decoding=\"async\" class=\"aligncenter wp-image-1776867 size-full\" src=\"http:\/\/media.cubadebate.cu\/wp-content\/uploads\/2023\/04\/asamblea-consejo-de-estado-e1681923203898.jpeg\" sizes=\"auto, (max-width: 779px) 100vw, 779px\" srcset=\"http:\/\/media.cubadebate.cu\/wp-content\/uploads\/2023\/04\/asamblea-consejo-de-estado-e1681923203898.jpeg 779w,http:\/\/media.cubadebate.cu\/wp-content\/uploads\/2023\/04\/asamblea-consejo-de-estado-e1681923203898-768x787.jpeg 768w,http:\/\/media.cubadebate.cu\/wp-content\/uploads\/2023\/04\/asamblea-consejo-de-estado-e1681923203898-580x594.jpeg 580w\" alt=\"\" width=\"779\" height=\"798\" \/><\/p>\n<p><img loading=\"lazy\" decoding=\"async\" class=\"alignnone size-large wp-image-1776870\" src=\"http:\/\/media.cubadebate.cu\/wp-content\/uploads\/2023\/04\/composicion-consejo-estado-cuba-580x611.png\" sizes=\"auto, (max-width: 580px) 100vw, 580px\" srcset=\"http:\/\/media.cubadebate.cu\/wp-content\/uploads\/2023\/04\/composicion-consejo-estado-cuba-580x611.png 580w,http:\/\/media.cubadebate.cu\/wp-content\/uploads\/2023\/04\/composicion-consejo-estado-cuba.png 604w\" alt=\"\" width=\"580\" height=\"611\" \/><\/p>\n<\/div>\n<div class=\"break\"><\/div>\n<\/section>\n<section id=\"minuto-1237\" class=\"mam-article relevant\" data-mam-id=\"1776856\" data-time=\"2023-04-19 12:37:42\">\n<header>\n<h2>12:37 &#8211; Presidente, vicepresidenta y secretario toman posesi\u00f3n de sus cargos<\/h2>\n<div class=\"break\"><\/div>\n<\/header>\n<div class=\"section-body\">\n<p>Los diputados electos Esteban Lazo, Ana Mar\u00eda Mari Machado y Homero Acosta Alvarez\u00a0 toman posesi\u00f3n de sus cargos inmediatamente como presidente, vicepresidenta y secretaria de la Asamblea Nacional del Poder Popular, respectivamente.<\/p>\n<p>Ocupan sus puestos al frente del Plenario y contin\u00faa la sesi\u00f3n constitutiva bajo la direcci\u00f3n de los mismos.<\/p>\n<\/div>\n<div class=\"break\"><\/div>\n<\/section>\n<section id=\"minuto-1236\" class=\"mam-article relevant\" data-mam-id=\"1776853\" data-time=\"2023-04-19 12:36:18\">\n<header>\n<h2>12:36 &#8211; Homero Acosta reelecto como secretario de la ANPP<\/h2>\n<div class=\"break\"><\/div>\n<\/header>\n<div class=\"section-body\">\n<p>Homero Acosta \u00c1lvarez contin\u00faa como secretario de la Asamblea Nacional al obtener el 98.92% de los votos, al ser positivos 456.<\/p>\n<\/div>\n<div class=\"break\"><\/div>\n<\/section>\n<section id=\"minuto-1235\" class=\"mam-article relevant\" data-mam-id=\"1776851\" data-time=\"2023-04-19 12:35:57\">\n<header>\n<h2>12:35 &#8211; Ana Mar\u00eda Mari Machado contin\u00faa como vicepresidenta del parlamento cubano<\/h2>\n<div class=\"break\"><\/div>\n<\/header>\n<div class=\"section-body\">\n<p>Ana Mar\u00eda Mari Machado ha sido reelecta como vicepresidenta de la Asamblea Nacional del Poder Popular para su X Legislatura. Mari Machado recibi\u00f3 457 votos, el 99, 13%.<\/p>\n<\/div>\n<div class=\"break\"><\/div>\n<\/section>\n<section id=\"minuto-1235\" class=\"mam-article relevant\" data-mam-id=\"1776849\" data-time=\"2023-04-19 12:35:13\">\n<header>\n<h2>12:35 &#8211; Esteban Lazo es reelegido como presidente de la Asamblea Nacional de Cuba<\/h2>\n<div class=\"break\"><\/div>\n<\/header>\n<div class=\"section-body\">\n<p>Esteban Lazo Hern\u00e1ndez acaba de ser reelecto como presidente de la Asamblea Nacional del Poder Popular al obtener 443 votos lo que representa el 96.1 %.<\/p>\n<p><img loading=\"lazy\" decoding=\"async\" class=\"alignnone size-large wp-image-1776787\" src=\"http:\/\/media.cubadebate.cu\/wp-content\/uploads\/2023\/04\/presidencia-asamblea-nacional-consejo-estado-cuba-580x611.png\" sizes=\"auto, (max-width: 580px) 100vw, 580px\" srcset=\"http:\/\/media.cubadebate.cu\/wp-content\/uploads\/2023\/04\/presidencia-asamblea-nacional-consejo-estado-cuba-580x611.png 580w,http:\/\/media.cubadebate.cu\/wp-content\/uploads\/2023\/04\/presidencia-asamblea-nacional-consejo-estado-cuba.png 604w\" alt=\"\" width=\"580\" height=\"611\" \/><\/p>\n<p>&nbsp;<\/p>\n<\/div>\n<div class=\"break\"><\/div>\n<\/section>\n<section id=\"minuto-1233\" class=\"mam-article relevant\" data-mam-id=\"1776828\" data-time=\"2023-04-19 12:33:00\">\n<header>\n<h2>12:33 &#8211; Se reanuda la sesi\u00f3n<\/h2>\n<div class=\"break\"><\/div>\n<\/header>\n<div class=\"section-body\">\n<p>Alina Balseiro informa que de los 462 diputados presentes ejercieron el voto 461 diputados.<\/p>\n<\/div>\n<div class=\"break\"><\/div>\n<\/section>\n<section id=\"minuto-1214\" class=\"mam-article relevant\" data-mam-id=\"1776826\" data-time=\"2023-04-19 12:14:37\">\n<header>\n<h2>12:14 &#8211; Consejo Electoral Nacional realiza escrutinio de los votos<\/h2>\n<div class=\"break\"><\/div>\n<\/header>\n<div class=\"section-body\">\n<p>El escrutinio se realiza por el Consejo Nacional Electoral. En unos minutos, la presidenta Alina Balseiro Guti\u00e9rrez anunciar\u00e1 el resultado de la votaci\u00f3n.<\/p>\n<\/div>\n<div class=\"break\"><\/div>\n<\/section>\n<section id=\"minuto-1050\" class=\"mam-article relevant\" data-mam-id=\"1776780\" data-time=\"2023-04-19 10:50:07\">\n<header>\n<h2>10:50 &#8211; Termina la votaci\u00f3n<\/h2>\n<div class=\"break\"><\/div>\n<\/header>\n<div class=\"section-body\">\n<p>Todos los diputados presentes efectuaron su derecho al voto y ahora se encuentran en un receso durante el que se realizar\u00e1 el escrutinio.<\/p>\n<\/div>\n<div class=\"break\"><\/div>\n<\/section>\n<section id=\"minuto-1043\" class=\"mam-article relevant\" data-mam-id=\"1776741\" data-time=\"2023-04-19 10:43:30\">\n<header>\n<h2>10:43 &#8211; As\u00ed votan los diputados<\/h2>\n<div class=\"break\"><\/div>\n<\/header>\n<div class=\"section-body\">\n<div id=\"attachment_1776769\" class=\"wp-caption alignnone size-full wp-image-1776769\"><img loading=\"lazy\" decoding=\"async\" class=\"size-full wp-image-1776769\" src=\"http:\/\/media.cubadebate.cu\/wp-content\/uploads\/2023\/04\/asamblea11.jpg\" sizes=\"auto, (max-width: 1080px) 100vw, 1080px\" srcset=\"http:\/\/media.cubadebate.cu\/wp-content\/uploads\/2023\/04\/asamblea11.jpg 1080w,http:\/\/media.cubadebate.cu\/wp-content\/uploads\/2023\/04\/asamblea11-768x508.jpg 768w,http:\/\/media.cubadebate.cu\/wp-content\/uploads\/2023\/04\/asamblea11-580x384.jpg 580w\" alt=\"\" width=\"1080\" height=\"715\" \/><\/p>\n<p class=\"wp-caption-text\">Foto: Ismael Francisco\/Cubadebate<\/p>\n<\/div>\n<p>Los nombres de los candidatos aparecen en la boleta seg\u00fan el cargo para el que ha sido propuesto. Cada diputado puede votar selectivamente o por todos los candidatos.<\/p>\n<p>Las boletas se depositar\u00e1n en las urnas que est\u00e1n a la salida de la sala principal del Palacio de las Convenciones, donde se lleva a cabo esta sesi\u00f3n plenaria.<\/p>\n<div class=\"twitter-tweet twitter-tweet-rendered\"><iframe id=\"twitter-widget-1\" class=\"\" title=\"Twitter Tweet\" src=\"https:\/\/platform.twitter.com\/embed\/Tweet.html?creatorScreenName=cubadebatecu&amp;dnt=true&amp;embedId=twitter-widget-1&amp;features=eyJ0ZndfdGltZWxpbmVfbGlzdCI6eyJidWNrZXQiOltdLCJ2ZXJzaW9uIjpudWxsfSwidGZ3X2ZvbGxvd2VyX2NvdW50X3N1bnNldCI6eyJidWNrZXQiOnRydWUsInZlcnNpb24iOm51bGx9LCJ0ZndfdHdlZXRfZWRpdF9iYWNrZW5kIjp7ImJ1Y2tldCI6Im9uIiwidmVyc2lvbiI6bnVsbH0sInRmd19yZWZzcmNfc2Vzc2lvbiI6eyJidWNrZXQiOiJvbiIsInZlcnNpb24iOm51bGx9LCJ0ZndfbWl4ZWRfbWVkaWFfMTU4OTciOnsiYnVja2V0IjoidHJlYXRtZW50IiwidmVyc2lvbiI6bnVsbH0sInRmd19leHBlcmltZW50c19jb29raWVfZXhwaXJhdGlvbiI6eyJidWNrZXQiOjEyMDk2MDAsInZlcnNpb24iOm51bGx9LCJ0ZndfZHVwbGljYXRlX3NjcmliZXNfdG9fc2V0dGluZ3MiOnsiYnVja2V0Ijoib24iLCJ2ZXJzaW9uIjpudWxsfSwidGZ3X3ZpZGVvX2hsc19keW5hbWljX21hbmlmZXN0c18xNTA4MiI6eyJidWNrZXQiOiJ0cnVlX2JpdHJhdGUiLCJ2ZXJzaW9uIjpudWxsfSwidGZ3X2xlZ2FjeV90aW1lbGluZV9zdW5zZXQiOnsiYnVja2V0Ijp0cnVlLCJ2ZXJzaW9uIjpudWxsfSwidGZ3X3R3ZWV0X2VkaXRfZnJvbnRlbmQiOnsiYnVja2V0Ijoib24iLCJ2ZXJzaW9uIjpudWxsfX0%3D&amp;frame=false&amp;hideCard=false&amp;hideThread=false&amp;id=1648700918504865795&amp;lang=es&amp;origin=http%3A%2F%2Fwww.cubadebate.cu%2Fnoticias%2F2023%2F04%2F19%2Fminuto-a-minuto-sesion-constitutiva-de-la-asamblea-nacional-del-poder-popular%2F&amp;sessionId=0622a97f3b8d82561237e00da20d218a42c0f270&amp;siteScreenName=cubadebatecu&amp;theme=light&amp;widgetsVersion=aaf4084522e3a%3A1674595607486&amp;width=550px\" frameborder=\"0\" scrolling=\"no\" allowfullscreen=\"allowfullscreen\" data-tweet-id=\"1648700918504865795\" data-mce-fragment=\"1\"><\/iframe><\/div>\n<p>&nbsp;<\/p>\n<\/div>\n<div class=\"break\"><\/div>\n<\/section>\n<section id=\"minuto-1037\" class=\"mam-article relevant\" data-mam-id=\"1776740\" data-time=\"2023-04-19 10:37:08\">\n<header>\n<h2>10:37 &#8211; Presidente cubano tambi\u00e9n ejerce su derecho al voto<\/h2>\n<div class=\"break\"><\/div>\n<\/header>\n<div class=\"section-body\">\n<div id=\"attachment_1776827\" class=\"wp-caption alignnone size-full wp-image-1776827\"><img loading=\"lazy\" decoding=\"async\" class=\"size-full wp-image-1776827\" src=\"http:\/\/media.cubadebate.cu\/wp-content\/uploads\/2023\/04\/FuFmMlHXwAEvDDP.jpg\" sizes=\"auto, (max-width: 1001px) 100vw, 1001px\" srcset=\"http:\/\/media.cubadebate.cu\/wp-content\/uploads\/2023\/04\/FuFmMlHXwAEvDDP.jpg 1001w,http:\/\/media.cubadebate.cu\/wp-content\/uploads\/2023\/04\/FuFmMlHXwAEvDDP-768x822.jpg 768w,http:\/\/media.cubadebate.cu\/wp-content\/uploads\/2023\/04\/FuFmMlHXwAEvDDP-580x621.jpg 580w\" alt=\"\" width=\"1001\" height=\"1071\" \/><\/p>\n<p class=\"wp-caption-text\">El presidente cubano Miguel D\u00edaz-Canel ejerce su voto. Foto: Presidencia\/Twitter<\/p>\n<\/div>\n<p>El primer secretario del Partido Comunista de Cuba y presidente de la Rep\u00fablica, Miguel D\u00edaz -Canel Berm\u00fadez ejerce su derecho al voto por los candidatos a presidir la ANPP.<\/p>\n<\/div>\n<div class=\"break\"><\/div>\n<\/section>\n<section id=\"minuto-1034\" class=\"mam-article relevant\" data-mam-id=\"1776738\" data-time=\"2023-04-19 10:34:52\">\n<header>\n<h2>10:34 &#8211; Ra\u00fal Castro Ruz es el primero en votar<\/h2>\n<div class=\"break\"><\/div>\n<\/header>\n<div class=\"section-body\">\n<p>El General de Ej\u00e9rcito Ra\u00fal Castro Ruz fue el primero en ejercer su derecho al voto para elegir la nueva direcci\u00f3n de la Asamblea Nacional del Poder Popular. M\u00e1s adelante, el resto de los diputados se dirigieron hacia las urnas ubicadas al fondo de la sala.<\/p>\n<div class=\"twitter-tweet twitter-tweet-rendered\"><iframe id=\"twitter-widget-2\" class=\"\" title=\"Twitter Tweet\" src=\"https:\/\/platform.twitter.com\/embed\/Tweet.html?creatorScreenName=cubadebatecu&amp;dnt=true&amp;embedId=twitter-widget-2&amp;features=eyJ0ZndfdGltZWxpbmVfbGlzdCI6eyJidWNrZXQiOltdLCJ2ZXJzaW9uIjpudWxsfSwidGZ3X2ZvbGxvd2VyX2NvdW50X3N1bnNldCI6eyJidWNrZXQiOnRydWUsInZlcnNpb24iOm51bGx9LCJ0ZndfdHdlZXRfZWRpdF9iYWNrZW5kIjp7ImJ1Y2tldCI6Im9uIiwidmVyc2lvbiI6bnVsbH0sInRmd19yZWZzcmNfc2Vzc2lvbiI6eyJidWNrZXQiOiJvbiIsInZlcnNpb24iOm51bGx9LCJ0ZndfbWl4ZWRfbWVkaWFfMTU4OTciOnsiYnVja2V0IjoidHJlYXRtZW50IiwidmVyc2lvbiI6bnVsbH0sInRmd19leHBlcmltZW50c19jb29raWVfZXhwaXJhdGlvbiI6eyJidWNrZXQiOjEyMDk2MDAsInZlcnNpb24iOm51bGx9LCJ0ZndfZHVwbGljYXRlX3NjcmliZXNfdG9fc2V0dGluZ3MiOnsiYnVja2V0Ijoib24iLCJ2ZXJzaW9uIjpudWxsfSwidGZ3X3ZpZGVvX2hsc19keW5hbWljX21hbmlmZXN0c18xNTA4MiI6eyJidWNrZXQiOiJ0cnVlX2JpdHJhdGUiLCJ2ZXJzaW9uIjpudWxsfSwidGZ3X2xlZ2FjeV90aW1lbGluZV9zdW5zZXQiOnsiYnVja2V0Ijp0cnVlLCJ2ZXJzaW9uIjpudWxsfSwidGZ3X3R3ZWV0X2VkaXRfZnJvbnRlbmQiOnsiYnVja2V0Ijoib24iLCJ2ZXJzaW9uIjpudWxsfX0%3D&amp;frame=false&amp;hideCard=false&amp;hideThread=false&amp;id=1648719368505761792&amp;lang=es&amp;origin=http%3A%2F%2Fwww.cubadebate.cu%2Fnoticias%2F2023%2F04%2F19%2Fminuto-a-minuto-sesion-constitutiva-de-la-asamblea-nacional-del-poder-popular%2F&amp;sessionId=0622a97f3b8d82561237e00da20d218a42c0f270&amp;siteScreenName=cubadebatecu&amp;theme=light&amp;widgetsVersion=aaf4084522e3a%3A1674595607486&amp;width=550px\" frameborder=\"0\" scrolling=\"no\" allowfullscreen=\"allowfullscreen\" data-tweet-id=\"1648719368505761792\" data-mce-fragment=\"1\"><\/iframe><\/div>\n<p>&nbsp;<\/p>\n<\/div>\n<div class=\"break\"><\/div>\n<\/section>\n<section id=\"minuto-1032\" class=\"mam-article relevant\" data-mam-id=\"1776728\" data-time=\"2023-04-19 10:32:54\">\n<header>\n<h2>10:32 &#8211; Aprobada la candidatura para los miembros del Consejo de Estado<\/h2>\n<div class=\"break\"><\/div>\n<\/header>\n<div class=\"section-body\">\n<div id=\"attachment_1776768\" class=\"wp-caption alignnone size-full wp-image-1776768\"><img loading=\"lazy\" decoding=\"async\" class=\"size-full wp-image-1776768\" src=\"http:\/\/media.cubadebate.cu\/wp-content\/uploads\/2023\/04\/asamblea10.jpg\" sizes=\"auto, (max-width: 1080px) 100vw, 1080px\" srcset=\"http:\/\/media.cubadebate.cu\/wp-content\/uploads\/2023\/04\/asamblea10.jpg 1080w,http:\/\/media.cubadebate.cu\/wp-content\/uploads\/2023\/04\/asamblea10-768x518.jpg 768w,http:\/\/media.cubadebate.cu\/wp-content\/uploads\/2023\/04\/asamblea10-580x391.jpg 580w\" alt=\"\" width=\"1080\" height=\"728\" \/><\/p>\n<p class=\"wp-caption-text\">Foto: Ismael Francisco\/Cubadebate<\/p>\n<\/div>\n<p>La candidatura para los dem\u00e1s miembros del Consejo de Estados ha sido aprobada por unanimidad por los diputados presentes.<\/p>\n<p>El promedio de edad de los miembros del Consejo de Estado\u00a0 es de 47 a\u00f1os.<\/p>\n<p>Ahora, la presidenta del Consejo Nacional Electoral explica la forma en que se lleva a cabo la votaci\u00f3n y luego ordena distribuir las boletas a los diputados presentes y solicita a estos que efect\u00faen la votaci\u00f3n, la que se realiza mediante voto secreto.<\/p>\n<div id=\"attachment_1776765\" class=\"wp-caption alignnone size-full wp-image-1776765\"><img loading=\"lazy\" decoding=\"async\" class=\"size-full wp-image-1776765\" src=\"http:\/\/media.cubadebate.cu\/wp-content\/uploads\/2023\/04\/asamblea07.jpg\" sizes=\"auto, (max-width: 1080px) 100vw, 1080px\" srcset=\"http:\/\/media.cubadebate.cu\/wp-content\/uploads\/2023\/04\/asamblea07.jpg 1080w,http:\/\/media.cubadebate.cu\/wp-content\/uploads\/2023\/04\/asamblea07-768x464.jpg 768w,http:\/\/media.cubadebate.cu\/wp-content\/uploads\/2023\/04\/asamblea07-580x351.jpg 580w\" alt=\"\" width=\"1080\" height=\"653\" \/><\/p>\n<p class=\"wp-caption-text\">Foto: Ismael Francisco\/Cubadebate<\/p>\n<\/div>\n<div id=\"attachment_1776766\" class=\"wp-caption alignnone size-full wp-image-1776766\"><img loading=\"lazy\" decoding=\"async\" class=\"size-full wp-image-1776766\" src=\"http:\/\/media.cubadebate.cu\/wp-content\/uploads\/2023\/04\/asamblea08.jpg\" sizes=\"auto, (max-width: 1080px) 100vw, 1080px\" srcset=\"http:\/\/media.cubadebate.cu\/wp-content\/uploads\/2023\/04\/asamblea08.jpg 1080w,http:\/\/media.cubadebate.cu\/wp-content\/uploads\/2023\/04\/asamblea08-768x487.jpg 768w,http:\/\/media.cubadebate.cu\/wp-content\/uploads\/2023\/04\/asamblea08-580x368.jpg 580w\" alt=\"\" width=\"1080\" height=\"685\" \/><\/p>\n<p class=\"wp-caption-text\">Foto: Ismael Francisco\/Cubadebate<\/p>\n<\/div>\n<div id=\"attachment_1776762\" class=\"wp-caption alignnone size-full wp-image-1776762\"><img loading=\"lazy\" decoding=\"async\" class=\"size-full wp-image-1776762\" src=\"http:\/\/media.cubadebate.cu\/wp-content\/uploads\/2023\/04\/asamblea04.jpg\" sizes=\"auto, (max-width: 1080px) 100vw, 1080px\" srcset=\"http:\/\/media.cubadebate.cu\/wp-content\/uploads\/2023\/04\/asamblea04.jpg 1080w,http:\/\/media.cubadebate.cu\/wp-content\/uploads\/2023\/04\/asamblea04-768x392.jpg 768w,http:\/\/media.cubadebate.cu\/wp-content\/uploads\/2023\/04\/asamblea04-580x296.jpg 580w\" alt=\"\" width=\"1080\" height=\"551\" \/><\/p>\n<p class=\"wp-caption-text\">Foto: Ismael Francisco\/Cubadebate<\/p>\n<\/div>\n<div id=\"attachment_1776763\" class=\"wp-caption alignnone size-full wp-image-1776763\"><img loading=\"lazy\" decoding=\"async\" class=\"size-full wp-image-1776763\" src=\"http:\/\/media.cubadebate.cu\/wp-content\/uploads\/2023\/04\/asamblea05.jpg\" sizes=\"auto, (max-width: 1080px) 100vw, 1080px\" srcset=\"http:\/\/media.cubadebate.cu\/wp-content\/uploads\/2023\/04\/asamblea05.jpg 1080w,http:\/\/media.cubadebate.cu\/wp-content\/uploads\/2023\/04\/asamblea05-768x432.jpg 768w,http:\/\/media.cubadebate.cu\/wp-content\/uploads\/2023\/04\/asamblea05-580x326.jpg 580w\" alt=\"\" width=\"1080\" height=\"607\" \/><\/p>\n<p class=\"wp-caption-text\">Foto: Ismael Francisco\/Cubadebate<\/p>\n<\/div>\n<\/div>\n<div class=\"break\"><\/div>\n<\/section>\n<section id=\"minuto-1004\" class=\"mam-article relevant\" data-mam-id=\"1776722\" data-time=\"2023-04-19 10:04:05\">\n<header>\n<h2>10:04 &#8211; Presentan propuestas para integrantes del Consejo de Estado<\/h2>\n<div class=\"break\"><\/div>\n<\/header>\n<div class=\"section-body\">\n<p>La presidenta de la Comisi\u00f3n de Candidaturas presenta las propuestas para los restantes 18 miembros del Consejo de Estado.<\/p>\n<p>Se propone ratificar a 8 miembros del actual Consejo de Estado y elegir a otros 10 nuevos miembros.<\/p>\n<p><strong>Se propone ratificar:<\/strong><\/p>\n<ul>\n<li>Aylin \u00c1lvarez Garc\u00eda, primera secretaria de la\u00a0 UJC<\/li>\n<li>Teresa Amarelle Bou\u00e9, primera secretaria de la FMC<\/li>\n<li>Ulises Guilarte de Nacimiento, secretario de la CTC<\/li>\n<li>Gerardo Hern\u00e1ndez Nordelo, coordinador nacional de los CDR<\/li>\n<li>Beatriz Jhonson Urrutia, gobernadora de Santiago de Cuba<\/li>\n<li>Mirian Nicado Garc\u00eda, rectora de la Universidad de la Habana<\/li>\n<li>Yoerkis S\u00e1nchez Cuellar,\u00a0 director del peri\u00f3dico Juventud Rebelde<\/li>\n<li>Rafael Santiesteban Pozos, presidente de la ANAP<\/li>\n<\/ul>\n<p><strong>Nuevas propuestas:\u00a0<\/strong><\/p>\n<ul>\n<li aria-level=\"1\">Yurisa Lahera Mansfarroll. Segunda Jefa de la Unidad de Trabajadores Sociales, Direcci\u00f3n Municipal de Trabajo y Seguridad Social, Alqu\u00edzar.<\/li>\n<li aria-level=\"1\">Yury Vald\u00e9s Balbin. Director Adjunto Instituto \u00abFinlay\u00bb.<\/li>\n<li aria-level=\"1\">Maricela Figueredo Rosales. Presidenta Consejo Popular \u00bb Paquito Rosales\u00bb. Yara.<\/li>\n<li aria-level=\"1\">Juana Yamilka Vi\u00f1als Su\u00e1rez. Presidenta AMPP de Las Tunas.<\/li>\n<li aria-level=\"1\">Taym\u00ed Mart\u00ednez Naranjo. Directora del Hospital \u00bb Faustino P\u00e9rez\u00bb<\/li>\n<li aria-level=\"1\">Ang\u00e9lica Mar\u00eda Chorens Fern\u00e1ndez. Directora General Oleohidra\u00falica.<\/li>\n<li aria-level=\"1\">Omara Durand El\u00edas. Deportista Paral\u00edmpica. Atleta de Alto Rendimiento.<\/li>\n<li aria-level=\"1\">Iv\u00e1n Santos Prieto. Presidente Asociaci\u00f3n Nacional de Economistas y Contadores de Cuba, Villa Clara (ANEC)<\/li>\n<li aria-level=\"1\">Julio Emilio Morej\u00f3n P\u00e9rez. Presidente Nacional de la Federaci\u00f3n Estudiantil Universitaria.<\/li>\n<li aria-level=\"1\">Elier Ram\u00edrez Ca\u00f1edo. Historiador del Centro \u00abFidel Castro Ruz\u00bb.<\/li>\n<\/ul>\n<\/div>\n<div class=\"break\"><\/div>\n<\/section>\n<section id=\"minuto-1001\" class=\"mam-article relevant\" data-mam-id=\"1776719\" data-time=\"2023-04-19 10:01:11\">\n<header>\n<h2>10:01 &#8211; Consejo Nacional Electoral pregunta si desean sustituir alguna propuesta<\/h2>\n<div class=\"break\"><\/div>\n<\/header>\n<div class=\"section-body\">\n<p>La presidenta del Consejo Nacional Electoral pregunta a los diputados si desean sustituir alguno de los propuestos. La sustituci\u00f3n de integrantes de la candidatura, s\u00f3lo puede acordarse por el voto favorable de la mayor\u00eda de los diputados presentes.<\/p>\n<p>Alina Balseiro informa que la propuesta fue aprobada por mayor\u00eda absoluta. Se emiti\u00f3 una abtenci\u00f3n.<\/p>\n<\/div>\n<div class=\"break\"><\/div>\n<\/section>\n<section id=\"minuto-0948\" class=\"mam-article relevant\" data-mam-id=\"1776716\" data-time=\"2023-04-19 09:48:42\">\n<header>\n<h2>9:48 &#8211; Diputados cubanos estudian las biograf\u00edas de los nominados a la direcci\u00f3n de la ANPP<\/h2>\n<div class=\"break\"><\/div>\n<\/header>\n<div class=\"section-body\">\n<div id=\"attachment_1776760\" class=\"wp-caption alignnone size-full wp-image-1776760\"><img loading=\"lazy\" decoding=\"async\" class=\"size-full wp-image-1776760\" src=\"http:\/\/media.cubadebate.cu\/wp-content\/uploads\/2023\/04\/asamblea02.jpg\" sizes=\"auto, (max-width: 1080px) 100vw, 1080px\" srcset=\"http:\/\/media.cubadebate.cu\/wp-content\/uploads\/2023\/04\/asamblea02.jpg 1080w,http:\/\/media.cubadebate.cu\/wp-content\/uploads\/2023\/04\/asamblea02-768x499.jpg 768w,http:\/\/media.cubadebate.cu\/wp-content\/uploads\/2023\/04\/asamblea02-580x377.jpg 580w\" alt=\"\" width=\"1080\" height=\"702\" \/><\/p>\n<p class=\"wp-caption-text\">Foto: Ismael Francisco\/Cubadebate<\/p>\n<\/div>\n<p>Luego de conocido el proyecto de candidatura para ocupar los cargos de presidente, vicepresidente y secretario de la Asamblea Nacional del Poder Popular, los diputados tienen diez minutos para estudiar las biograf\u00edas de los propuestos.<\/p>\n<\/div>\n<div class=\"break\"><\/div>\n<\/section>\n<section id=\"minuto-0947\" class=\"mam-article relevant\" data-mam-id=\"1776713\" data-time=\"2023-04-19 09:47:13\">\n<header>\n<h2>9:47 &#8211; Homero Acosta propuesto para ser ratificado como secretario de la ANPP<\/h2>\n<div class=\"break\"><\/div>\n<\/header>\n<div class=\"section-body\">\n<p>Homero Acosta Alvarez fue el diputado propuesto para ser ratificado como secretario de la ANPP.<\/p>\n<\/div>\n<div class=\"break\"><\/div>\n<\/section>\n<section id=\"minuto-0945\" class=\"mam-article relevant\" data-mam-id=\"1776712\" data-time=\"2023-04-19 09:45:29\">\n<header>\n<h2>9:45 &#8211; Ana Mar\u00eda Mari Machado, propuesta para continuar como vicepresidenta<\/h2>\n<div class=\"break\"><\/div>\n<\/header>\n<div class=\"section-body\">\n<p>Ana Mar\u00eda Mari Machado ha sido propuesta para continuar como vicepresidenta de la Asamblea Nacional del Poder Popular.<\/p>\n<\/div>\n<div class=\"break\"><\/div>\n<\/section>\n<section id=\"minuto-0943\" class=\"mam-article relevant\" data-mam-id=\"1776710\" data-time=\"2023-04-19 09:43:39\">\n<header>\n<h2>9:43 &#8211; Esteban Lazo Hern\u00e1ndez, nominado para ser ratificado como presidente de la Asamblea Nacional<\/h2>\n<div class=\"break\"><\/div>\n<\/header>\n<div class=\"section-body\">\n<p>Consuelo Baeza, presidenta de la Comisi\u00f3n Nacional de Candidaturas, explica que Juan Esteban Lazo Hern\u00e1ndez es la propuesta para ser ratificado en su cargo de presidente de la Asamblea Nacional del Poder Popular.<\/p>\n<p>\u201cPor tener una probada experiencia en el cargo en estos complejos a\u00f1os para el pa\u00eds. En sus m\u00e1s de 40 a\u00f1os como diputado ha sido promotor del reconocimiento de los delegados de base\u201d.<\/p>\n<\/div>\n<div class=\"break\"><\/div>\n<\/section>\n<section id=\"minuto-0942\" class=\"mam-article relevant\" data-mam-id=\"1776709\" data-time=\"2023-04-19 09:42:50\">\n<header>\n<h2>9:42 &#8211; Nominaci\u00f3n del presidente, vicepresidente y secretario de la ANPP<\/h2>\n<div class=\"break\"><\/div>\n<\/header>\n<div class=\"section-body\">\n<p>La presidenta de la Comisi\u00f3n de Candidatura Nacional, Consuelo Baeza Mart\u00edn presenta el proyecto de candidatura para ocupar los cargos de presidente, vicepresidente y secretario de la Asamblea Nacional del Poder Popular. Adem\u00e1s, explica los fundamentos que se tuvieron en consideraci\u00f3n para elaborarla.<\/p>\n<p>Los integrantes de esta candidatura son seleccionados entre los diputados a la Asamblea Nacional del Poder Popular, que representan a los 168 municipios del pa\u00eds.<\/p>\n<\/div>\n<div class=\"break\"><\/div>\n<\/section>\n<section id=\"minuto-0941\" class=\"mam-article relevant\" data-mam-id=\"1776706\" data-time=\"2023-04-19 09:41:45\">\n<header>\n<h2>9:41 &#8211; Presentan proyecto de candidatura de la direcci\u00f3n de la Asamblea Nacional<\/h2>\n<div class=\"break\"><\/div>\n<\/header>\n<div class=\"section-body\">\n<div id=\"attachment_1776764\" class=\"wp-caption alignnone size-full wp-image-1776764\"><img loading=\"lazy\" decoding=\"async\" class=\"size-full wp-image-1776764\" src=\"http:\/\/media.cubadebate.cu\/wp-content\/uploads\/2023\/04\/asamblea06.jpg\" sizes=\"auto, (max-width: 1080px) 100vw, 1080px\" srcset=\"http:\/\/media.cubadebate.cu\/wp-content\/uploads\/2023\/04\/asamblea06.jpg 1080w,http:\/\/media.cubadebate.cu\/wp-content\/uploads\/2023\/04\/asamblea06-768x492.jpg 768w,http:\/\/media.cubadebate.cu\/wp-content\/uploads\/2023\/04\/asamblea06-580x372.jpg 580w\" alt=\"\" width=\"1080\" height=\"692\" \/><\/p>\n<p class=\"wp-caption-text\">La presidenta de la Comisi\u00f3n de Candidaturas Nacional, Consuelo Baeza Mart\u00edn. Foto: Ismael Francisco\/Cubadebate<\/p>\n<\/div>\n<p>A continuaci\u00f3n, Alina Balseiro presidenta del Consejo Nacional Electoral invita a la presidenta de la Comisi\u00f3n de Candidaturas Nacional, a presentar las propuestas de candidatos para presidente, vicepresidente y secretario de la Asamblea Nacional del Poder Popular.<\/p>\n<p>Consuelo Baeza Mart\u00edn,\u00a0 presidenta de la Comisi\u00f3n de Candidatura Nacional, record\u00f3 que 1 700 compa\u00f1eros han integrado las Comisiones de Candidatura Nacional.<\/p>\n<p>La Comisi\u00f3n de Candidatura Nacional tiene las atribuciones siguientes:<\/p>\n<ol>\n<li>a) preparar y presentar, conforme a la ley, a las Comisiones de Candidaturas Municipales las propuestas de precandidatos a Diputados a la Asamblea Nacional del Poder Popular;<\/li>\n<li>b) preparar y presentar, conforme a esta Ley, para su consideraci\u00f3n en la Asamblea Nacional del Poder Popular, el proyecto de candidatura para elegir al Presidente, Vicepresidente y Secretario de la Asamblea;<\/li>\n<li>c) preparar y presentar, conforme a la Ley, para su consideraci\u00f3n en la Asamblea Nacional del Poder Popular, el proyecto de candidatura para elegir al Presidente, primer Vicepresidente, a los Vicepresidentes, el Secretario y dem\u00e1s miembros del Consejo de Estado.<\/li>\n<\/ol>\n<div class=\"twitter-tweet twitter-tweet-rendered\"><iframe id=\"twitter-widget-3\" class=\"\" title=\"Twitter Tweet\" src=\"https:\/\/platform.twitter.com\/embed\/Tweet.html?creatorScreenName=cubadebatecu&amp;dnt=true&amp;embedId=twitter-widget-3&amp;features=eyJ0ZndfdGltZWxpbmVfbGlzdCI6eyJidWNrZXQiOltdLCJ2ZXJzaW9uIjpudWxsfSwidGZ3X2ZvbGxvd2VyX2NvdW50X3N1bnNldCI6eyJidWNrZXQiOnRydWUsInZlcnNpb24iOm51bGx9LCJ0ZndfdHdlZXRfZWRpdF9iYWNrZW5kIjp7ImJ1Y2tldCI6Im9uIiwidmVyc2lvbiI6bnVsbH0sInRmd19yZWZzcmNfc2Vzc2lvbiI6eyJidWNrZXQiOiJvbiIsInZlcnNpb24iOm51bGx9LCJ0ZndfbWl4ZWRfbWVkaWFfMTU4OTciOnsiYnVja2V0IjoidHJlYXRtZW50IiwidmVyc2lvbiI6bnVsbH0sInRmd19leHBlcmltZW50c19jb29raWVfZXhwaXJhdGlvbiI6eyJidWNrZXQiOjEyMDk2MDAsInZlcnNpb24iOm51bGx9LCJ0ZndfZHVwbGljYXRlX3NjcmliZXNfdG9fc2V0dGluZ3MiOnsiYnVja2V0Ijoib24iLCJ2ZXJzaW9uIjpudWxsfSwidGZ3X3ZpZGVvX2hsc19keW5hbWljX21hbmlmZXN0c18xNTA4MiI6eyJidWNrZXQiOiJ0cnVlX2JpdHJhdGUiLCJ2ZXJzaW9uIjpudWxsfSwidGZ3X2xlZ2FjeV90aW1lbGluZV9zdW5zZXQiOnsiYnVja2V0Ijp0cnVlLCJ2ZXJzaW9uIjpudWxsfSwidGZ3X3R3ZWV0X2VkaXRfZnJvbnRlbmQiOnsiYnVja2V0Ijoib24iLCJ2ZXJzaW9uIjpudWxsfX0%3D&amp;frame=false&amp;hideCard=false&amp;hideThread=false&amp;id=1648685160647229440&amp;lang=es&amp;origin=http%3A%2F%2Fwww.cubadebate.cu%2Fnoticias%2F2023%2F04%2F19%2Fminuto-a-minuto-sesion-constitutiva-de-la-asamblea-nacional-del-poder-popular%2F&amp;sessionId=0622a97f3b8d82561237e00da20d218a42c0f270&amp;siteScreenName=cubadebatecu&amp;theme=light&amp;widgetsVersion=aaf4084522e3a%3A1674595607486&amp;width=550px\" frameborder=\"0\" scrolling=\"no\" allowfullscreen=\"allowfullscreen\" data-tweet-id=\"1648685160647229440\" data-mce-fragment=\"1\"><\/iframe><\/div>\n<p>&nbsp;<\/p>\n<\/div>\n<div class=\"break\"><\/div>\n<\/section>\n<section id=\"minuto-0938\" class=\"mam-article relevant\" data-mam-id=\"1776705\" data-time=\"2023-04-19 09:38:21\">\n<header>\n<h2>9:38 &#8211; Consejo Nacional Electoral declara constituida la Asamblea Nacional<\/h2>\n<div class=\"break\"><\/div>\n<\/header>\n<div class=\"section-body\">\n<div id=\"attachment_1776761\" class=\"wp-caption alignnone size-full wp-image-1776761\"><img loading=\"lazy\" decoding=\"async\" class=\"size-full wp-image-1776761\" src=\"http:\/\/media.cubadebate.cu\/wp-content\/uploads\/2023\/04\/asamblea03.jpg\" sizes=\"auto, (max-width: 1080px) 100vw, 1080px\" srcset=\"http:\/\/media.cubadebate.cu\/wp-content\/uploads\/2023\/04\/asamblea03.jpg 1080w,http:\/\/media.cubadebate.cu\/wp-content\/uploads\/2023\/04\/asamblea03-768x399.jpg 768w,http:\/\/media.cubadebate.cu\/wp-content\/uploads\/2023\/04\/asamblea03-580x301.jpg 580w\" alt=\"\" width=\"1080\" height=\"561\" \/><\/p>\n<p class=\"wp-caption-text\">Alina Balseiro Guti\u00e9rrez, presidenta del Consejo Electoral Nacional (CEN). Foto: Ismael Francisco\/Cubadebate<\/p>\n<\/div>\n<p>La presidenta del Consejo Nacional Electoral, Alina Balseiro, declar\u00f3 constituida la X Legislatura de la Asamblea Nacional del Poder Popular.<\/p>\n<div class=\"twitter-tweet twitter-tweet-rendered\"><iframe id=\"twitter-widget-4\" class=\"\" title=\"Twitter Tweet\" src=\"https:\/\/platform.twitter.com\/embed\/Tweet.html?creatorScreenName=cubadebatecu&amp;dnt=true&amp;embedId=twitter-widget-4&amp;features=eyJ0ZndfdGltZWxpbmVfbGlzdCI6eyJidWNrZXQiOltdLCJ2ZXJzaW9uIjpudWxsfSwidGZ3X2ZvbGxvd2VyX2NvdW50X3N1bnNldCI6eyJidWNrZXQiOnRydWUsInZlcnNpb24iOm51bGx9LCJ0ZndfdHdlZXRfZWRpdF9iYWNrZW5kIjp7ImJ1Y2tldCI6Im9uIiwidmVyc2lvbiI6bnVsbH0sInRmd19yZWZzcmNfc2Vzc2lvbiI6eyJidWNrZXQiOiJvbiIsInZlcnNpb24iOm51bGx9LCJ0ZndfbWl4ZWRfbWVkaWFfMTU4OTciOnsiYnVja2V0IjoidHJlYXRtZW50IiwidmVyc2lvbiI6bnVsbH0sInRmd19leHBlcmltZW50c19jb29raWVfZXhwaXJhdGlvbiI6eyJidWNrZXQiOjEyMDk2MDAsInZlcnNpb24iOm51bGx9LCJ0ZndfZHVwbGljYXRlX3NjcmliZXNfdG9fc2V0dGluZ3MiOnsiYnVja2V0Ijoib24iLCJ2ZXJzaW9uIjpudWxsfSwidGZ3X3ZpZGVvX2hsc19keW5hbWljX21hbmlmZXN0c18xNTA4MiI6eyJidWNrZXQiOiJ0cnVlX2JpdHJhdGUiLCJ2ZXJzaW9uIjpudWxsfSwidGZ3X2xlZ2FjeV90aW1lbGluZV9zdW5zZXQiOnsiYnVja2V0Ijp0cnVlLCJ2ZXJzaW9uIjpudWxsfSwidGZ3X3R3ZWV0X2VkaXRfZnJvbnRlbmQiOnsiYnVja2V0Ijoib24iLCJ2ZXJzaW9uIjpudWxsfX0%3D&amp;frame=false&amp;hideCard=false&amp;hideThread=false&amp;id=1648662672475406336&amp;lang=es&amp;origin=http%3A%2F%2Fwww.cubadebate.cu%2Fnoticias%2F2023%2F04%2F19%2Fminuto-a-minuto-sesion-constitutiva-de-la-asamblea-nacional-del-poder-popular%2F&amp;sessionId=0622a97f3b8d82561237e00da20d218a42c0f270&amp;siteScreenName=cubadebatecu&amp;theme=light&amp;widgetsVersion=aaf4084522e3a%3A1674595607486&amp;width=550px\" frameborder=\"0\" scrolling=\"no\" allowfullscreen=\"allowfullscreen\" data-tweet-id=\"1648662672475406336\" data-mce-fragment=\"1\"><\/iframe><\/div>\n<p>&nbsp;<\/p>\n<\/div>\n<div class=\"break\"><\/div>\n<\/section>\n<section id=\"minuto-0937\" class=\"mam-article relevant\" data-mam-id=\"1776701\" data-time=\"2023-04-19 09:37:28\">\n<header>\n<h2>9:37 &#8211; Suscriben el juramento los 462 diputados<\/h2>\n<div class=\"break\"><\/div>\n<\/header>\n<div class=\"section-body\">\n<p>Todos los diputados ratifican el juramento. La presidenta del Consejo Electoral Nacional los invita a suscribirlo.<\/p>\n<p>Suscrito el juramento por todos los presentes, la presidenta del Consejo Electoral Nacional declara constituida la Asamblea e invita a la presidente de la Comisi\u00f3n de Candidaturas Nacional para que realice los tr\u00e1mites legales a su cargo.<\/p>\n<\/div>\n<div class=\"break\"><\/div>\n<\/section>\n<section id=\"minuto-0930\" class=\"mam-article relevant\" data-mam-id=\"1776700\" data-time=\"2023-04-19 09:30:56\">\n<header>\n<h2>9:30 &#8211; Diputada m\u00e1s joven da lectura al Juramento<\/h2>\n<div class=\"break\"><\/div>\n<\/header>\n<div class=\"section-body\">\n<p>Declarada la validez de la elecci\u00f3n de los Delegados, los presentes en el Plenario entonaron el Himno Nacional.<\/p>\n<p>Concluido este, los Delegados permanecen de pie, mientras la diputada m\u00e1s joven, Yarisleydis Cirilo, designada por la presidente de la Comisi\u00f3n Electoral, dice:<\/p>\n<blockquote><p><i>\u201cCada uno de nosotros, Diputados a la Asamblea Nacional del Poder Popular aqu\u00ed reunidos, al tomar posesi\u00f3n de nuestros cargos, por nuestra propia y libre convicci\u00f3n,<\/i><\/p>\n<p><i>Juramos<\/i><\/p>\n<p><i>Guardar lealtad a la Patria;<\/i><\/p>\n<p><i>Observar y hacer observar la Constituci\u00f3n, las leyes y dem\u00e1s normas jur\u00eddicas;<\/i><\/p>\n<p><i>Comportarme como fiel servidor del pueblo y de la comunidad, al control de los cuales me someto;<\/i><\/p>\n<p><i>Cumplir de manera cabal, las obligaciones que me vienen impuestas por el cargo para el que he sido elegido;<\/i><\/p>\n<p><i>Y, si de alg\u00fan modo faltare a este juramento, que los que me eligieron me lo demanden\u201d.<\/i><\/p><\/blockquote>\n<p>A continuaci\u00f3n la Presidenta del Consejo Electoral pregunta:<\/p>\n<blockquote><p><i>\u201cCompa\u00f1eros, \u00bfratifica cada uno de ustedes, p\u00fablica y solemnemente este juramento?\u201d. <\/i><b><i><br \/>\n<\/i><\/b><\/p><\/blockquote>\n<p><iframe loading=\"lazy\" class=\"wp-embedded-content\" title=\"\u00abYarisleidis Cirilo: Ser la diputada m\u00e1s joven conlleva un compromiso con el pueblo\u00bb \u2014 Cubadebate\" src=\"http:\/\/www.cubadebate.cu\/noticias\/2023\/04\/17\/ser-la-diputada-mas-joven-me-conlleva-a-un-compromiso-con-el-pueblo\/embed\/#?secret=KX4CineQm4\" width=\"580\" height=\"329\" frameborder=\"0\" marginwidth=\"0\" marginheight=\"0\" scrolling=\"no\" sandbox=\"allow-scripts\" data-secret=\"KX4CineQm4\" data-mce-fragment=\"1\"><\/iframe><\/p>\n<\/div>\n<div class=\"break\"><\/div>\n<\/section>\n<section id=\"minuto-0928\" class=\"mam-article relevant\" data-mam-id=\"1776699\" data-time=\"2023-04-19 09:28:07\">\n<header>\n<h2>9:28 &#8211; Suenan las notas del Himno Nacional<\/h2>\n<div class=\"break\"><\/div>\n<\/header>\n<div class=\"section-body\">\n<p>Los diputados se ponen de pie para entonar las notas del Himno Nacional de Cuba.<\/p>\n<\/div>\n<div class=\"break\"><\/div>\n<\/section>\n<section id=\"minuto-0927\" class=\"mam-article relevant\" data-mam-id=\"1776698\" data-time=\"2023-04-19 09:27:38\">\n<header>\n<h2>9:27 &#8211; Presentes 462 diputados en la sesi\u00f3n constitutiva<\/h2>\n<div class=\"break\"><\/div>\n<\/header>\n<div class=\"section-body\">\n<p>De los 470 diputados se encuentran presentes 462 , para un 98,13 por ciento de asistencia. Las ausencias son por razones justificadas, explic\u00f3 Alina Balseiro, presidenta del Consejo Electoral Nacional.<\/p>\n<\/div>\n<div class=\"break\"><\/div>\n<\/section>\n<section id=\"minuto-0923\" class=\"mam-article relevant\" data-mam-id=\"1776697\" data-time=\"2023-04-19 09:23:41\">\n<header>\n<h2>9:23 &#8211; Consejo Electoral Nacional confirma validez de la elecci\u00f3n de los diputados<\/h2>\n<div class=\"break\"><\/div>\n<\/header>\n<div class=\"section-body\">\n<p>Con vista al examen efectuado de los certificados de elecci\u00f3n, el Consejo Electoral Nacional.\u00a0 confirma la validez de la elecci\u00f3n de los 470 diputados.<\/p>\n<p>A continuaci\u00f3n, la presidenta del Consejo Electoral Nacional, Alina Balseiro Guti\u00e9rrez informa de la composici\u00f3n social de la Asamblea y comprueba el qu\u00f3rum.<\/p>\n<p><img loading=\"lazy\" decoding=\"async\" class=\"aligncenter size-full wp-image-1776623\" src=\"http:\/\/media.cubadebate.cu\/wp-content\/uploads\/2023\/04\/edad-diputados-asamblea-nacional.png\" sizes=\"auto, (max-width: 604px) 100vw, 604px\" srcset=\"http:\/\/media.cubadebate.cu\/wp-content\/uploads\/2023\/04\/edad-diputados-asamblea-nacional.png 604w,http:\/\/media.cubadebate.cu\/wp-content\/uploads\/2023\/04\/edad-diputados-asamblea-nacional-580x422.png 580w\" alt=\"\" width=\"604\" height=\"439\" \/><\/p>\n<p>Los miembros de la X Legislatura engloban a varios sectores de la sociedad con mayor presencia de funcionarios del Poder Popular y el Gobierno (25.11%), trabajadores de Educaci\u00f3n General y Superior (10.85%), productores de alimentos, agropecuarios, azucareros, cooperativistas y campesinos (10.65%), de la Salud y la Industria M\u00e9dico Farmac\u00e9utica (8.94%) y dirigentes pol\u00edticos (6.17%), entre otros.<\/p>\n<p>Entre los representantes electos, 226 son mujeres (55.74%), 93 j\u00f3venes menores de 35 a\u00f1os (19.79%) y 167 diputados actuales (35.53%).<\/p>\n<p><img loading=\"lazy\" decoding=\"async\" class=\"aligncenter size-full wp-image-1776625\" src=\"http:\/\/media.cubadebate.cu\/wp-content\/uploads\/2023\/04\/origen-diputados-asamblea-nacional-cuba.png\" sizes=\"auto, (max-width: 604px) 100vw, 604px\" srcset=\"http:\/\/media.cubadebate.cu\/wp-content\/uploads\/2023\/04\/origen-diputados-asamblea-nacional-cuba.png 604w,http:\/\/media.cubadebate.cu\/wp-content\/uploads\/2023\/04\/origen-diputados-asamblea-nacional-cuba-580x499.png 580w\" alt=\"\" width=\"604\" height=\"520\" \/><\/p>\n<\/div>\n<div class=\"break\"><\/div>\n<\/section>\n<section id=\"minuto-0922\" class=\"mam-article relevant\" data-mam-id=\"1776696\" data-time=\"2023-04-19 09:22:17\">\n<header>\n<h2>9:22 &#8211; Toma la palabra Alina Balseiro, presidenta del Consejo Electoral<\/h2>\n<div class=\"break\"><\/div>\n<\/header>\n<div class=\"section-body\">\n<p>La presidenta del Consejo Electoral Nacional, Alina Balseiro Guti\u00e9rrez:<\/p>\n<p><i>\u00abLos diputados a la Asamblea Nacional del Poder Popular se re\u00fanen por derecho propio en el Palacio de Convenciones de La Habana \u2014lugar, fecha y hora se\u00f1alados por el Consejo de Estado\u2014, provistos de sus respectivos certificados de elecci\u00f3n y dentro del t\u00e9rmino de cuarenta y cinco (45) d\u00edas a partir del momento de su elecci\u00f3n \u2014el pasado 26 de marzo\u2014, tal y como establece la Ley Electoral\u00bb.<\/i><\/p>\n<p>La sesi\u00f3n constitutiva inicia bajo la direcci\u00f3n del Consejo Electoral Nacional. Para la celebraci\u00f3n de esta sesi\u00f3n se requiere la presencia de m\u00e1s de la mitad del total de diputados que integran la Asamblea Nacional del Poder Popular.<\/p>\n<\/div>\n<div class=\"break\"><\/div>\n<\/section>\n<section id=\"minuto-0918\" class=\"mam-article relevant\" data-mam-id=\"1776688\" data-time=\"2023-04-19 09:18:37\">\n<header>\n<h2>9:18 &#8211; Con la presencia de Ra\u00fal, inicia sesi\u00f3n constitutiva del Parlamento cubano<\/h2>\n<div class=\"break\"><\/div>\n<\/header>\n<div class=\"section-body\">\n<div id=\"attachment_1776759\" class=\"wp-caption alignnone size-full wp-image-1776759\"><img loading=\"lazy\" decoding=\"async\" class=\"size-full wp-image-1776759\" src=\"http:\/\/media.cubadebate.cu\/wp-content\/uploads\/2023\/04\/asamblea01.jpg\" sizes=\"auto, (max-width: 1080px) 100vw, 1080px\" srcset=\"http:\/\/media.cubadebate.cu\/wp-content\/uploads\/2023\/04\/asamblea01.jpg 1080w,http:\/\/media.cubadebate.cu\/wp-content\/uploads\/2023\/04\/asamblea01-768x452.jpg 768w,http:\/\/media.cubadebate.cu\/wp-content\/uploads\/2023\/04\/asamblea01-580x341.jpg 580w\" alt=\"\" width=\"1080\" height=\"635\" \/><\/p>\n<p class=\"wp-caption-text\">El General de Ej\u00e9rcito Ra\u00fal Castro Ruz. Foto: Ismael Francisco\/Cubadebate<\/p>\n<\/div>\n<p>Con la presencia del General de Ej\u00e9rcito Ra\u00fal Castro Ruz, el primer secretario del Comit\u00e9 Central del Partido Comunista de Cuba y presidente de la Rep\u00fablica, Miguel D\u00edaz-Canel Berm\u00fadez, y el presidente del Consejo de Estado y de la Asamblea Nacional del Poder Popular, Esteban Lazo Hern\u00e1ndez, inici\u00f3 este 19 de abril la Sesi\u00f3n Constitutiva de la Asamblea Nacional del Poder Popular, en su X Legislatura, en el Palacio de las Convenciones de La Habana.<\/p>\n<blockquote class=\"wp-embedded-content\" data-secret=\"2nph1HH84n\"><p><a href=\"http:\/\/www.cubadebate.cu\/noticias\/2023\/04\/19\/con-la-presencia-de-raul-inicia-sesion-constitutiva-del-parlamento-cubano-2\/\" target=\"_blank\" rel=\"noopener\">Con la presencia de Ra\u00fal, inicia sesi\u00f3n constitutiva del Parlamento cubano<\/a><\/p><\/blockquote>\n<p><iframe loading=\"lazy\" class=\"wp-embedded-content\" title=\"\u00abCon la presencia de Ra\u00fal, inicia sesi\u00f3n constitutiva del Parlamento cubano\u00bb \u2014 Cubadebate\" src=\"http:\/\/www.cubadebate.cu\/noticias\/2023\/04\/19\/con-la-presencia-de-raul-inicia-sesion-constitutiva-del-parlamento-cubano-2\/embed\/#?secret=2nph1HH84n\" width=\"580\" height=\"327\" frameborder=\"0\" marginwidth=\"0\" marginheight=\"0\" scrolling=\"no\" sandbox=\"allow-scripts\" data-secret=\"2nph1HH84n\" data-mce-fragment=\"1\"><\/iframe><\/p>\n<\/div>\n<div class=\"break\"><\/div>\n<\/section>\n<section id=\"minuto-0911\" class=\"mam-article relevant\" data-mam-id=\"1776679\" data-time=\"2023-04-19 09:11:11\">\n<header>\n<h2>9:11 &#8211; Vea en vivo, la transmisi\u00f3n de la Asamblea constitutiva<\/h2>\n<div class=\"break\"><\/div>\n<\/header>\n<div class=\"section-body\">\n<p>CubadebateTV transmite la Sesi\u00f3n Constitutiva de la D\u00e9cima Legislatura de la Asamblea Nacional del Poder Popular, acomp\u00e1\u00f1enos.<\/p>\n<div class=\"myvideotag\"><iframe loading=\"lazy\" src=\"http:\/\/www.youtube.com\/embed\/Od6oEIJaTuI?rel=0\" width=\"580\" height=\"484\" frameborder=\"0\" allowfullscreen=\"allowfullscreen\" data-mce-fragment=\"1\"><\/iframe><\/div>\n<\/div>\n<div class=\"break\"><\/div>\n<\/section>\n<section id=\"minuto-0832\" class=\"mam-article relevant\" data-mam-id=\"1776673\" data-time=\"2023-04-19 08:32:21\">\n<header>\n<h2>8:32 &#8211; \u00bfQu\u00e9 suceder\u00e1 en la sesi\u00f3n constitutiva de la Asamblea Nacional?<\/h2>\n<div class=\"break\"><\/div>\n<\/header>\n<div class=\"section-body\">\n<p>De entre sus diputados ser\u00e1n elegidos el Presidente, Vicepresidente, Secretario y dem\u00e1s integrantes del Consejo de Estado, as\u00ed como el Presidente y el Vicepresidente de la Rep\u00fablica.<\/p>\n<p>A propuesta del Presidente cubano se elegir\u00e1 al Primer Ministro, los vice primeros ministros y dem\u00e1s miembros del Consejo de Ministros.<\/p>\n<p><iframe loading=\"lazy\" class=\"wp-embedded-content\" title=\"\u00abHacia la constituci\u00f3n de una nueva Asamblea Nacional: \u00bfQu\u00e9 suceder\u00e1 el 19 de abril? (+ Podcast)\u00bb \u2014 Cubadebate\" src=\"http:\/\/www.cubadebate.cu\/especiales\/2023\/04\/14\/hacia-la-constitucion-de-una-nueva-asamblea-nacional-que-sucedera-el-19-de-abril-podcast\/embed\/#?secret=9biCWu8mKl\" width=\"580\" height=\"591\" frameborder=\"0\" marginwidth=\"0\" marginheight=\"0\" scrolling=\"no\" sandbox=\"allow-scripts\" data-secret=\"9biCWu8mKl\" data-mce-fragment=\"1\"><\/iframe><\/p>\n<\/div>\n<div class=\"break\"><\/div>\n<\/section>\n<section id=\"minuto-0820\" class=\"mam-article relevant\" data-mam-id=\"1776616\" data-time=\"2023-04-19 08:20:28\">\n<header>\n<h2>8:20 &#8211; \u00bfCu\u00e1les son las funciones y atribuciones fundamentales del Presidente?<\/h2>\n<div class=\"break\"><\/div>\n<\/header>\n<div class=\"section-body\">\n<p>El diputado o diputada que pr\u00f3ximamente ser\u00e1 nominado y electo como Presidente tiene como funci\u00f3n principal ser el Jefe del Estado, en este sentido representar al Estado y dirige su poli\u0301tica general, adem\u00e1s dirige la poli\u0301tica exterior, las relaciones con otros Estados y la relativa a la defensa y la seguridad nacional.<\/p>\n<p>En su dimensi\u00f3n de vinculaci\u00f3n positiva a la legalidad socialista, el Presidente y el Vicepresidente est\u00e1n obligados a velar por su respeto en la vida de toda la sociedad y actuar dentro de los li\u0301mites de sus respectivas competencias, ello implica que solo puede hacer aquello que est\u00e1 previsto en el ordenamiento jur\u00eddico vigente y, como es l\u00f3gico, partiendo de la Constituci\u00f3n como disposici\u00f3n normativa suprema del Estado. De igual forma, debe respetar, atender y dar respuesta al pueblo, mantener estrechos vi\u0301nculos con este y someterse a su control, en las formas establecidas previstas en la Carta Magna y las leyes.<\/p>\n<p>Como una garant\u00eda institucional y de sometimiento a las reglas de la democracia socialista, el Presidente y Vicepresidente son responsables y, en este sentido, el pueblo controla sus actividades de conformidad con lo previsto en la ley, rinden cuenta de su actuacio\u0301n perio\u0301dicamente y pueden ser revocados de sus cargos en cualquier momento, de acuerdo con sus funciones y en el marco de sus competencias desarrollan iniciativas encaminadas al aprovechamiento de los recursos y las posibilidades locales, y la incorporacio\u0301n de las organizaciones de masas y sociales a sus actividades; las disposiciones de los o\u0301rganos estatales superiores son de obligatorio cumplimiento para ellos, los o\u0301rganos estatales inferiores responden ante los superiores y les rinden cuenta de su gestio\u0301n y actu\u0301an con la debida transparencia.<\/p>\n<p>En relaci\u00f3n a sus atribuciones, la Constituci\u00f3n en el art\u00edculo 128 y otros, deline\u00f3 el \u00e1mbito competencial que tiene el Presidente de la Rep\u00fablica. Por su parte, la Ley No. 136\/2020 retoma estas atribuciones constitucionales en el art\u00edculo 23 y le reconoce otras de configuraci\u00f3n legal (art\u00edculo 24) que surgen de las relaciones de subordinaci\u00f3n, coordinaci\u00f3n, cooperaci\u00f3n y colaboraci\u00f3n que tiene con otros \u00f3rganos del Estado, del ejercicio de sus funciones y de sus v\u00ednculos con otros actores del sistema pol\u00edtico y con la sociedad civil en general. Relevante es significar que la propia Carta Magna habilita al legislador (ANPP) en el art\u00edculo 128 inciso x) para que le atribuya otras competencias, que no deben, de ninguna manera y bajo ning\u00fan concepto separarse de lo pautado constitucionalmente.<\/p>\n<p>Por la importancia que revisten y la necesidad de que conozcamos, como pueblo, la capacidad de movilidad del Jefe del Estado, o sea, hasta d\u00f3nde puede actuar y qu\u00e9 lo habilita juridicamente para hacerlo; reproducimos algunas de estas atribuciones constitucionales:<\/p>\n<ul>\n<li aria-level=\"1\">Refrendar las leyes que emita la Asamblea Nacional del Poder Popular y disponer su publicacio\u0301n en la Gaceta Oficial de la Repu\u0301blica, de conformidad con lo previsto en la ley;<\/li>\n<li aria-level=\"1\">Presentar a la Asamblea Nacional del Poder Popular, una vez elegido por esta, en esa sesio\u0301n o en la pro\u0301xima, los miembros del Consejo de Ministros;<\/li>\n<li aria-level=\"1\">Proponer a la Asamblea Nacional del Poder Popular o al Consejo de Estado, segu\u0301n corresponda, la eleccio\u0301n, designacio\u0301n, suspensio\u0301n, revocacio\u0301n o sustitucio\u0301n en sus funciones del Primer Ministro, del Presidente del Tribunal Supremo Popular, del Fiscal General de la Repu\u0301blica, del Contralor General de la Repu\u0301blica, del Presidente del Consejo Electoral Nacional y de los miembros del Consejo de Ministros;<\/li>\n<li aria-level=\"1\">Proponer a los delegados de las asambleas municipales del Poder Popular que correspondan, la eleccio\u0301n o revocacio\u0301n de los gobernadores y vicegobernadores provinciales;<\/li>\n<li aria-level=\"1\">Conocer, evaluar y adoptar decisiones sobre los informes de rendicio\u0301n de cuenta que le presente el Primer Ministro sobre su gestio\u0301n, la del Consejo de Ministros o la de su Comite\u0301 Ejecutivo;<\/li>\n<li aria-level=\"1\">Desempen\u0303ar la Jefatura Suprema de las instituciones armadas y determinar su organizacio\u0301n general;<\/li>\n<li aria-level=\"1\">Presidir el Consejo de Defensa Nacional y proponer a la Asamblea Nacional del Poder Popular o al Consejo de Estado, segu\u0301n proceda, declarar el Estado de Guerra o la Guerra en caso de agresio\u0301n militar;<\/li>\n<li aria-level=\"1\">Decretar la Movilizacio\u0301n General cuando la defensa del pai\u0301s lo exija, asi\u0301 como declarar el Estado de Emergencia y la Situacio\u0301n de Desastre en los casos previstos en la Constitucio\u0301n, dando cuenta de su decisio\u0301n, tan pronto las circunstancias lo permitan, a la Asamblea Nacional del Poder Popular o al Consejo de Estado, de no poder reunirse aquella, a los efectos legales procedentes;<\/li>\n<li aria-level=\"1\">Ascender en grado y cargo a los oficiales de mayor jerarqui\u0301a de las instituciones armadas de la nacio\u0301n y disponer el cese de estos, de conformidad con el procedimiento previsto en la ley;<\/li>\n<li aria-level=\"1\">Decidir, en los casos que le corresponda, el otorgamiento de la ciudadani\u0301a cubana, aceptar las renuncias y disponer sobre la privacio\u0301n de esta;<\/li>\n<li aria-level=\"1\">Proponer, de conformidad con lo previsto en la Constitucio\u0301n y la ley, la suspensio\u0301n, modificacio\u0301n o revocacio\u0301n de las disposiciones y acuerdos de los o\u0301rganos del Estado que contradigan la Constitucio\u0301n, las leyes o afecten los intereses generales del pai\u0301s;<\/li>\n<li aria-level=\"1\">Dictar, en el ejercicio de sus atribuciones, decretos presidenciales y otras disposiciones<\/li>\n<li aria-level=\"1\">Crear comisiones o grupos de trabajo temporales para la realizacio\u0301n de tareas especi\u0301ficas;<\/li>\n<li aria-level=\"1\">Proponer al Consejo de Estado la designacio\u0301n o remocio\u0301n de los jefes de misiones diploma\u0301ticas de Cuba ante otros estados, organismos u organizaciones internacionales;<\/li>\n<li aria-level=\"1\">Conceder o retirar el rango de embajador de la Repu\u0301blica de Cuba;<\/li>\n<li aria-level=\"1\">Otorgar condecoraciones y ti\u0301tulos honori\u0301ficos;<\/li>\n<li aria-level=\"1\">Otorgar o negar, en representacio\u0301n de la Repu\u0301blica de Cuba, el benepla\u0301cito a los jefes de misiones diploma\u0301ticas de otros estados;<\/li>\n<li aria-level=\"1\">Recibir las cartas credenciales de los jefes de las misiones extranjeras; el Vicepresidente<\/li>\n<\/ul>\n<p>podra\u0301 asumir esta funcio\u0301n excepcionalmente;<\/p>\n<ul>\n<li aria-level=\"1\">Conceder indultos y solicitar a la Asamblea Nacional del Poder Popular la concesio\u0301n de amnisti\u0301as;<\/li>\n<li aria-level=\"1\">Participar por derecho propio en las reuniones del Consejo de Estado y convocarlas cuando lo considere;<\/li>\n<li aria-level=\"1\">Presidir las reuniones del Consejo de Ministros o su Comite\u0301 Ejecutivo; y<\/li>\n<li aria-level=\"1\">Las dema\u0301s atribuciones que por la Constitucio\u0301n o las leyes se le asignen.<\/li>\n<\/ul>\n<p>Un aspecto sustancial a nuestro juicio es que el Presidente basa sus relaciones con los ciudadanos en la garanti\u0301a a la dignidad plena de las personas y su desarrollo integral; el goce y el ejercicio de los derechos consagrados en la Constitucio\u0301n, en correspondencia con los principios de progresividad, igualdad y no discriminacio\u0301n; la promocio\u0301n de la participacio\u0301n ciudadana; la garanti\u0301a de los derechos; y el cumplimiento de los deberes. Esta es un mandato legal de incalculable valor para el ordenamiento jur\u00eddico y el sistema pol\u00edtico, pues desde esta dimensi\u00f3n el Presidente debe erigirse en fiel guard\u00edan de la esencia y la naturaleza popular de nuestro sistema democr\u00e1tico y en la protecci\u00f3n integral de los derechos humanos.<\/p>\n<p>Por su parte al Vicepresidente le corresponde sustituir temporalmente en sus funciones al Presidente en los casos previstos en la Constitucio\u0301n y las leyes, ejercer las atribuciones que le sean delegadas o asignadas por el Presidente y emitir formalmente indicaciones como disposiciones internas.<\/p>\n<\/div>\n<div class=\"break\"><\/div>\n<\/section>\n<section id=\"minuto-0800\" class=\"mam-article relevant\" data-mam-id=\"1776615\" data-time=\"2023-04-19 08:00:47\">\n<header>\n<h2>8:00 &#8211; \u00bfC\u00f3mo y por qui\u00e9n se nominan y eligen el presidente y vicepresidente?<\/h2>\n<div class=\"break\"><\/div>\n<\/header>\n<div class=\"section-body\">\n<p><img loading=\"lazy\" decoding=\"async\" class=\"alignnone size-large wp-image-1776619\" src=\"http:\/\/media.cubadebate.cu\/wp-content\/uploads\/2023\/04\/eleccion-principales-cargos-estado-cuba-580x580.jpg\" sizes=\"auto, (max-width: 580px) 100vw, 580px\" srcset=\"http:\/\/media.cubadebate.cu\/wp-content\/uploads\/2023\/04\/eleccion-principales-cargos-estado-cuba-580x580.jpg 580w,http:\/\/media.cubadebate.cu\/wp-content\/uploads\/2023\/04\/eleccion-principales-cargos-estado-cuba-768x768.jpg 768w,http:\/\/media.cubadebate.cu\/wp-content\/uploads\/2023\/04\/eleccion-principales-cargos-estado-cuba.jpg 1080w\" alt=\"\" width=\"580\" height=\"580\" \/><\/p>\n<p>De los 470 diputados y diputadas, recientemente electos y que integran la X Legislatura de la Asamblea Nacional del Poder Popular, se nomina y elige el Presidente y Vicepresidente de la Rep\u00fablica. La Ley No. 127\/2019 (Electoral) regula que el proceso de nominacio\u0301n y eleccio\u0301n del Jefe del Estado y el vicepresidente es dirigido por el presidente del m\u00e1ximo \u00f3rgano del poder del Estado.<\/p>\n<p>Para la conformacio\u0301n de la candidatura de estos cargos, la Comisio\u0301n de Candidaturas Nacional solicita a los diputados y diputadas que con cara\u0301cter personal le hagan llegar por escrito sus propuestas, sin identificar la identidad del proponente, luego de lo cual presenta el referido proyecto.<\/p>\n<p>Para la aprobacio\u0301n de esta candidatura el presidente de la Asamblea Nacional del Poder somete el proyecto al pleno de la Asamblea y resulta aprobado si obtiene ma\u0301s del cincuenta (50) por ciento de los votos de los diputados y diputadas presentes, en votacio\u0301n que se realiza a mano alzada.<\/p>\n<p>Aprobada la candidatura, el tambi\u00e9n presidente del Consejo de Estado explica la forma en que se lleva a cabo la votacio\u0301n, indica distribuir las boletas a los diputados presentes y solicita a estos que efectu\u0301en la votacio\u0301n secreta dentro de la cabina acondicionada al efecto y con todas las garant\u00edas de protecci\u00f3n del sufragio activo: libre, igual, directo y secreto.<\/p>\n<p>El escrutinio y validaci\u00f3n se realiza por el Consejo Electoral Nacional, el presidente del m\u00e1ximo \u00f3rgano electoral del pa\u00eds informa el resultado de la votacio\u0301n al presidente de la Asamblea Nacional del Poder Popular, siempre que hayan obtenido para los cargos en elecci\u00f3n la mayor\u00eda absoluta, lo que es igual a ma\u0301s del cincuenta (50) por ciento de los votos va\u0301lidos emitidos.<\/p>\n<p>El presidente de la Asamblea Nacional del Poder Popular, una vez informados los resultados de la votacio\u0301n para los cargos de presidente y vicepresidente, los declara electos y en posesio\u0301n de sus cargos. Posteriormente invita al Presidente de la Repu\u0301blica a pronunciar ante la Asamblea Nacional del Poder Popular y para todo el pa\u00eds su discurso de toma de posesio\u0301n.<\/p>\n<p>El Presidente de la Repu\u0301blica se mantiene en su cargo hasta la eleccio\u0301n de su sucesor y cesa en sus funciones solo en los casos previstos en la Constituci\u00f3n y la Ley No. 136\/2020, a saber: por terminacio\u0301n del peri\u0301odo presidencial, por renuncia, por pe\u0301rdida de los requisitos para el ejercicio del cargo, por revocacio\u0301n del mandato, por incapacidad sobrevenida e inhabilitante para ejercer el cargo, por ausencia definitiva y por muerte. En los casos de cese de las funciones, excepto por terminacio\u0301n del peri\u0301odo presidencial, el Vicepresidente asume interinamente las atribuciones del Presidente. La sustitucio\u0301n se realiza por un plazo de hasta ciento ochenta di\u0301as, lapso en el que se elige a un nuevo Jefe del Estado.<\/p>\n<\/div>\n<div class=\"break\"><\/div>\n<\/section>\n<section id=\"minuto-0740\" class=\"mam-article relevant\" data-mam-id=\"1776614\" data-time=\"2023-04-19 07:40:36\">\n<header>\n<h2>7:40 &#8211; \u00bfCu\u00e1les son los requisitos para ser electo presidente de la Rep\u00fablica?<\/h2>\n<div class=\"break\"><\/div>\n<\/header>\n<div class=\"section-body\">\n<p>Para ser Presidente de la Repu\u0301blica se requiere haber cumplido treinta y cinco an\u0303os de edad, hallarse en pleno goce de los derechos civiles y poli\u0301ticos, ser ciudadano cubano por nacimiento y no tener otra ciudadani\u0301a. Para ser elegido en este cargo en un primer peri\u0301odo, se debe tener hasta sesenta an\u0303os de edad. Sin embargo, no es suficiente cumplir con los requisitos antes expuestos, adem\u00e1s es ineludible haber sido electo previamente como diputado a la Asamblea Nacional del Poder Popular.<\/p>\n<p>El Presidente puede ejercer su cargo hasta dos peri\u0301odos consecutivos, luego de lo cual no puede desempen\u0303arlo nuevamente. En este sentido, con la nueva Constitucio\u0301n se transita de un modelo de reeleccio\u0301n indefinida (1976) a la variante de reeleccio\u0301n inmediata cerrada.<\/p>\n<p>Se configura as\u00ed lo que en la doctrina se conoce como reelecci\u00f3n inmediata cerrada, o sea, se limita el periodo de tiempo del candidato reelecto en el poder a un m\u00e1ximo de 10 a\u00f1os, tiempo tras el cual no puede volver a proponerse y nominar como candidato. En el caso cubano, la reeleccio\u0301n para otro per\u00edodo es por habilitacio\u0301n constitucional expresa, es decir, la Constitucio\u0301n de forma literal contiene una disposicio\u0301n referida a la posibilidad de reelegibilidad inmediata y por una segunda ocasi\u00f3n (art\u00edculo 126 constitucional, v\u00e9ase tambi\u00e9n el art\u00edculo 11 de la Ley No. 136\/2020). El Vicepresidente de la Repu\u0301blica es elegido de la misma forma, por igual peri\u0301odo y limitacio\u0301n de mandato que el Presidente.<\/p>\n<\/div>\n<div class=\"break\"><\/div>\n<\/section>\n<section id=\"minuto-0720\" class=\"mam-article relevant\" data-mam-id=\"1776613\" data-time=\"2023-04-19 07:20:34\">\n<header>\n<h2>7:20 &#8211; \u00bfQu\u00e9 otras atribuciones tiene la Asamblea Nacional?<\/h2>\n<div class=\"break\"><\/div>\n<\/header>\n<div class=\"section-body\">\n<p>Nuestros diputados asumen otras importantes atribuciones del \u00f3rgano que integran, listadas en el art\u00edculo 109 constitucional ya que es la Asamblea Nacional quien: elige al Presidente y al Vicepresidente de la Rep\u00fablica, as\u00ed como a su Presidente, Vicepresidente y Secretario y a los integrantes del Consejo de Estado. Adem\u00e1s, designa, a propuesta del Presidente de la Rep\u00fablica, al Primer Ministro, a los Viceprimeros Ministros y dem\u00e1s miembros del Consejo de Ministros.<\/p>\n<p>Igualmente es la facultada para elegir al Presidente del Tribunal Supremo Popular, al Fiscal General de la Rep\u00fablica y al Contralor General de la Rep\u00fablica, as\u00ed como al Presidente y a los dem\u00e1s integrantes del Consejo Electoral Nacional, entre otros. En consonancia, es tambi\u00e9n la Asamblea Nacional quien puede revocar o sustituir a las personas elegidas o designadas por ella.<\/p>\n<p>\u00bfQu\u00e9 relaci\u00f3n existe entre la Asamblea Nacional, el Consejo de Ministros y el presidente de la Rep\u00fablica?<\/p>\n<p>La interlocusi\u00f3n entre la Asamblea Nacional del Poder Popular y el Consejo de Estado se verifica en las competencias de ambos. A tenor de la Constituci\u00f3n de 2019, por ejemplo, <b>tanto uno como otro, dan a las leyes vigentes, de tornarse imprescindible, una interpretacio\u0301n general y obligatoria.<\/b> Se entiende, por el car\u00e1cter representativo del Consejo de Estado que, entre uno y otro per\u00edodo de sesiones de la Asamblea Nacional del Poder Popular, interprete las leyes con car\u00e1cter vinculante, pero esta concurrencia de atribuci\u00f3n en ambos \u00f3rganos puede generar un conflicto si la interpretaci\u00f3n que realiza el Consejo se diferencia de la interpretaci\u00f3n aut\u00e9ntica que efect\u00faa el \u00f3rgano con funciones legislativas.<\/p>\n<p><img loading=\"lazy\" decoding=\"async\" class=\"alignnone size-large wp-image-1776627\" src=\"http:\/\/media.cubadebate.cu\/wp-content\/uploads\/2023\/04\/estructura-principales-cargos-estado-cuba-580x580.jpg\" sizes=\"auto, (max-width: 580px) 100vw, 580px\" srcset=\"http:\/\/media.cubadebate.cu\/wp-content\/uploads\/2023\/04\/estructura-principales-cargos-estado-cuba-580x580.jpg 580w,http:\/\/media.cubadebate.cu\/wp-content\/uploads\/2023\/04\/estructura-principales-cargos-estado-cuba-768x768.jpg 768w,http:\/\/media.cubadebate.cu\/wp-content\/uploads\/2023\/04\/estructura-principales-cargos-estado-cuba.jpg 1080w\" alt=\"\" width=\"580\" height=\"580\" \/><\/p>\n<blockquote class=\"wp-embedded-content\" data-secret=\"z8tP4tPSgC\"><p><a href=\"http:\/\/www.cubadebate.cu\/especiales\/2023\/04\/03\/el-estado-por-dentro-la-asamblea-nacional-el-consejo-de-estado-y-el-presidente-de-la-republica\/\" target=\"_blank\" rel=\"noopener\">El Estado por dentro: La Asamblea Nacional, el Consejo de Estado y el presidente de la Rep\u00fablica<\/a><\/p><\/blockquote>\n<p><iframe loading=\"lazy\" class=\"wp-embedded-content\" sandbox=\"allow-scripts\" security=\"restricted\" style=\"position: absolute; clip: rect(1px, 1px, 1px, 1px);\" title=\"&#171;El Estado por dentro: La Asamblea Nacional, el Consejo de Estado y el presidente de la Rep\u00fablica&#187; &#8212; Cubadebate\" src=\"http:\/\/www.cubadebate.cu\/especiales\/2023\/04\/03\/el-estado-por-dentro-la-asamblea-nacional-el-consejo-de-estado-y-el-presidente-de-la-republica\/embed\/#?secret=z8tP4tPSgC\" data-secret=\"z8tP4tPSgC\" width=\"600\" height=\"338\" frameborder=\"0\" marginwidth=\"0\" marginheight=\"0\" scrolling=\"no\"><\/iframe><\/p>\n<\/div>\n<div class=\"break\"><\/div>\n<\/section>\n<section id=\"minuto-0705\" class=\"mam-article relevant\" data-mam-id=\"1776611\" data-time=\"2023-04-19 07:05:24\">\n<header>\n<h2>7:05 &#8211; La primera legislatura en tiempos de Revoluci\u00f3n<\/h2>\n<div class=\"break\"><\/div>\n<\/header>\n<div class=\"section-body\">\n<p>En esa sesi\u00f3n, la Asamblea procedi\u00f3 a elegir el Consejo de Estado y, con el 100% de los votos, asumieron los cargos de presidente y vice presidente primero, Fidel Castro Ruz y Ra\u00fal Castro Ruz.<\/p>\n<p>Adem\u00e1s, fueron elegidos cinco vicepresidentes: Juan Almeida Bosque, Ramiro Vald\u00e9s Men\u00e9ndez, Guillermo Garc\u00eda Fr\u00edas, Blas Roca Calder\u00edo y Carlos Rafael Rodr\u00edguez Rodr\u00edguez; 23 miembros m\u00e1s, y como secretaria Celia S\u00e1nchez Manduley.<\/p>\n<p><iframe loading=\"lazy\" class=\"wp-embedded-content\" title=\"\u00abLa primera legislatura en tiempos de Revoluci\u00f3n\u00bb \u2014 Cubadebate\" src=\"http:\/\/www.cubadebate.cu\/especiales\/2023\/04\/18\/la-primera-legislatura-en-tiempos-de-revolucion\/embed\/#?secret=TmE2YKVTtg\" width=\"580\" height=\"583\" frameborder=\"0\" marginwidth=\"0\" marginheight=\"0\" scrolling=\"no\" sandbox=\"allow-scripts\" data-secret=\"TmE2YKVTtg\" data-mce-fragment=\"1\"><\/iframe><\/p>\n<\/div>\n<div class=\"break\"><\/div>\n<\/section>\n<section id=\"minuto-0650\" class=\"mam-article relevant\" data-mam-id=\"1776610\" data-time=\"2023-04-19 06:50:18\">\n<header>\n<h2>6:50 &#8211; \u00bfCu\u00e1les son los deberes y obligaciones de los diputados?<\/h2>\n<div class=\"break\"><\/div>\n<\/header>\n<div class=\"section-body\">\n<p>El cap\u00edtulo II del T\u00edtulo VI, del texto constitucional, en su secci\u00f3n segunda recoge una serie de art\u00edculos referidos especialmente a los diputados, sus deberes y obligaciones. El art\u00edculo 113 establece que estos tienen el <i>deber de desarrollar sus labores en beneficio de los intereses del pueblo, mantener v\u00ednculo con sus electores, atender sus planteamientos, sugerencias, cr\u00edticas y explicarles la pol\u00edtica del Estado. Asimismo, rendir\u00e1n cuenta del cumplimiento de sus funciones como tal, seg\u00fan lo establecido en la ley. <\/i>Para lograr dicho v\u00ednculo, el propio precepto establece que la Asamblea Nacional <i>adopta las medidas que garanticen la adecuada vinculaci\u00f3n de los diputados con sus electores y con los \u00f3rganos locales del Poder Popular en el territorio donde fueron elegidos.<\/i><\/p>\n<\/div>\n<div class=\"break\"><\/div>\n<\/section>\n<section id=\"minuto-0640\" class=\"mam-article relevant\" data-mam-id=\"1776608\" data-time=\"2023-04-19 06:40:23\">\n<header>\n<h2>6:40 &#8211; \u00bfQui\u00e9nes son nuestros diputados?<\/h2>\n<div class=\"break\"><\/div>\n<\/header>\n<div class=\"section-body\">\n<p><img loading=\"lazy\" decoding=\"async\" class=\"alignnone size-large wp-image-1776622\" src=\"http:\/\/media.cubadebate.cu\/wp-content\/uploads\/2023\/04\/cantidad-diputados-x-legislatura-asamble-nacional-cuba-580x612.png\" sizes=\"auto, (max-width: 580px) 100vw, 580px\" srcset=\"http:\/\/media.cubadebate.cu\/wp-content\/uploads\/2023\/04\/cantidad-diputados-x-legislatura-asamble-nacional-cuba-580x612.png 580w,http:\/\/media.cubadebate.cu\/wp-content\/uploads\/2023\/04\/cantidad-diputados-x-legislatura-asamble-nacional-cuba.png 604w\" alt=\"\" width=\"580\" height=\"612\" \/><\/p>\n<p><img loading=\"lazy\" decoding=\"async\" class=\"alignnone size-large wp-image-1776621\" src=\"http:\/\/media.cubadebate.cu\/wp-content\/uploads\/2023\/04\/cantidad-diputados-provincias-cuba-580x274.png\" sizes=\"auto, (max-width: 580px) 100vw, 580px\" srcset=\"http:\/\/media.cubadebate.cu\/wp-content\/uploads\/2023\/04\/cantidad-diputados-provincias-cuba-580x274.png 580w,http:\/\/media.cubadebate.cu\/wp-content\/uploads\/2023\/04\/cantidad-diputados-provincias-cuba-768x363.png 768w,http:\/\/media.cubadebate.cu\/wp-content\/uploads\/2023\/04\/cantidad-diputados-provincias-cuba.png 940w\" alt=\"\" width=\"580\" height=\"274\" \/><\/p>\n<p><img loading=\"lazy\" decoding=\"async\" class=\"alignnone size-large wp-image-1776625\" src=\"http:\/\/media.cubadebate.cu\/wp-content\/uploads\/2023\/04\/origen-diputados-asamblea-nacional-cuba-580x499.png\" sizes=\"auto, (max-width: 580px) 100vw, 580px\" srcset=\"http:\/\/media.cubadebate.cu\/wp-content\/uploads\/2023\/04\/origen-diputados-asamblea-nacional-cuba-580x499.png 580w,http:\/\/media.cubadebate.cu\/wp-content\/uploads\/2023\/04\/origen-diputados-asamblea-nacional-cuba.png 604w\" alt=\"\" width=\"580\" height=\"499\" \/><\/p>\n<p><img loading=\"lazy\" decoding=\"async\" class=\"alignnone size-large wp-image-1776624\" src=\"http:\/\/media.cubadebate.cu\/wp-content\/uploads\/2023\/04\/mujeres-diputadas-asamblea-nacional-580x383.png\" sizes=\"auto, (max-width: 580px) 100vw, 580px\" srcset=\"http:\/\/media.cubadebate.cu\/wp-content\/uploads\/2023\/04\/mujeres-diputadas-asamblea-nacional-580x383.png 580w,http:\/\/media.cubadebate.cu\/wp-content\/uploads\/2023\/04\/mujeres-diputadas-asamblea-nacional-768x508.png 768w,http:\/\/media.cubadebate.cu\/wp-content\/uploads\/2023\/04\/mujeres-diputadas-asamblea-nacional.png 1080w\" alt=\"\" width=\"580\" height=\"383\" \/><\/p>\n<p><img loading=\"lazy\" decoding=\"async\" class=\"alignnone size-large wp-image-1776623\" src=\"http:\/\/media.cubadebate.cu\/wp-content\/uploads\/2023\/04\/edad-diputados-asamblea-nacional-580x422.png\" sizes=\"auto, (max-width: 580px) 100vw, 580px\" srcset=\"http:\/\/media.cubadebate.cu\/wp-content\/uploads\/2023\/04\/edad-diputados-asamblea-nacional-580x422.png 580w,http:\/\/media.cubadebate.cu\/wp-content\/uploads\/2023\/04\/edad-diputados-asamblea-nacional.png 604w\" alt=\"\" width=\"580\" height=\"422\" \/><\/p>\n<\/div>\n<div class=\"break\"><\/div>\n<\/section>\n<section id=\"minuto-0630\" class=\"mam-article relevant\" data-mam-id=\"1776607\" data-time=\"2023-04-19 06:30:47\">\n<header>\n<h2>6:30 &#8211; \u00bfCu\u00e1les fueron los resultados de las elecciones en Cuba?<\/h2>\n<div class=\"break\"><\/div>\n<\/header>\n<div class=\"section-body\">\n<p>Los resultados finales de las <a href=\"http:\/\/www.cubadebate.cu\/noticias\/2023\/03\/26\/minuto-a-minuto-cuba-en-elecciones-2\/\" target=\"_blank\" rel=\"noopener\">elecciones nacionales<\/a> desarrolladas el pasado 26 de marzo validan la elecci\u00f3n de los 470 candidatos propuestos como diputados al m\u00e1ximo \u00f3rgano de poder del Estado, con m\u00e1s del 50% de votos v\u00e1lidos emitidos por los electores seg\u00fan el padr\u00f3n electoral.<\/p>\n<p>As\u00ed lo inform\u00f3 en conferencia de prensa Alina Balseiro Guti\u00e9rrez, presidenta del Consejo Electoral Nacional (CEN).<\/p>\n<p>Al ofrecer la informaci\u00f3n correspondiente al parte no. 6, del 30 de marzo, Balseiro detall\u00f3 que de un padr\u00f3n actualizado de 8 129 321 electores, ejercieron su derecho al voto 6 167 605 cubanos con los requisitos legales establecidos, seg\u00fan la Ley Electoral, lo que representa el 75.87% del padr\u00f3n electoral.<\/p>\n<p>Del total de boletas depositadas en las urnas, resultaron v\u00e1lidas el 90.28%; en blanco el 6.22% y anuladas el 3.50%.<\/p>\n<p>Del total de los votos v\u00e1lidos emitidos, el <a href=\"http:\/\/www.cubadebate.cu\/opinion\/2023\/03\/29\/la-victoria-de-cuba\/\" target=\"_blank\" rel=\"noopener\">72.10% fueron por todos<\/a>, y el 27.90% fueron votos selectivos.<\/p>\n<p><img loading=\"lazy\" decoding=\"async\" class=\"aligncenter size-full wp-image-1771978\" src=\"http:\/\/media.cubadebate.cu\/wp-content\/uploads\/2023\/03\/resultados-elecciones-e1680246213958.jpeg\" alt=\"\" width=\"580\" height=\"580\" \/><\/p>\n<\/div>\n<div class=\"break\"><\/div>\n<\/section>\n<\/div>\n<div class=\"mam_order_selector\"><label>Ordenar: <\/label><\/div>\n","protected":false},"excerpt":{"rendered":"<p>En un d\u00eda memorable para todos los cubanos, en que se conmemora el 62 aniversario de la victoria en las<\/p>\n<div class='heateor_sss_sharing_container heateor_sss_vertical_sharing heateor_sss_bottom_sharing' style='width:44px;left: -10px;top: 100px;-webkit-box-shadow:none;box-shadow:none;' ><div class=\"heateor_sss_sharing_ul\"><a class=\"heateor_sss_amp heateor_sss_amp_facebook\" href=\"https:\/\/www.facebook.com\/sharer\/sharer.php?u=https%3A%2F%2Fwww.radiomajaguabo.icrt.cu%2Findex.php%3Frest_route%3D%252Fwp%252Fv2%252Fposts%252F2615\" title=\"Facebook\" rel=\"nofollow noopener\" target=\"_blank\"><amp-img src=\"https:\/\/www.radiomajaguabo.icrt.cu\/wp-content\/plugins\/sassy-social-share\/public\/..\/images\/amp\/facebook.svg\" width=\"40\" height=\"40\" alt=\"Facebook\" class=\"amp-wp-enforced-sizes\" style=\"width: 40px;\"><\/amp-img><\/a><a class=\"heateor_sss_amp heateor_sss_amp_linkedin\" href=\"https:\/\/www.linkedin.com\/sharing\/share-offsite\/?url=https%3A%2F%2Fwww.radiomajaguabo.icrt.cu%2Findex.php%3Frest_route%3D%252Fwp%252Fv2%252Fposts%252F2615\" title=\"Linkedin\" rel=\"nofollow noopener\" target=\"_blank\"><amp-img src=\"https:\/\/www.radiomajaguabo.icrt.cu\/wp-content\/plugins\/sassy-social-share\/public\/..\/images\/amp\/linkedin.svg\" width=\"40\" height=\"40\" alt=\"Linkedin\" class=\"amp-wp-enforced-sizes\" style=\"width: 40px;\"><\/amp-img><\/a><a class=\"heateor_sss_amp heateor_sss_amp_whatsapp\" href=\"https:\/\/api.whatsapp.com\/send?text=Radio%20Majaguabo%20-%20Emisora%20Radio%20Majaguabo%2C%20San%20Luis%2C%20Santiago%20de%20Cuba%2C%20Cuba%20https%3A%2F%2Fwww.radiomajaguabo.icrt.cu%2Findex.php%3Frest_route%3D%252Fwp%252Fv2%252Fposts%252F2615\" title=\"Whatsapp\" rel=\"nofollow noopener\" target=\"_blank\"><amp-img src=\"https:\/\/www.radiomajaguabo.icrt.cu\/wp-content\/plugins\/sassy-social-share\/public\/..\/images\/amp\/whatsapp.svg\" width=\"40\" height=\"40\" alt=\"Whatsapp\" class=\"amp-wp-enforced-sizes\" style=\"width: 40px;\"><\/amp-img><\/a><a class=\"heateor_sss_amp heateor_sss_amp_instagram\" href=\"https:\/\/www.instagram.com\/\" title=\"Instagram\" rel=\"nofollow noopener\" target=\"_blank\"><amp-img src=\"https:\/\/www.radiomajaguabo.icrt.cu\/wp-content\/plugins\/sassy-social-share\/public\/..\/images\/amp\/instagram.svg\" width=\"40\" height=\"40\" alt=\"Instagram\" class=\"amp-wp-enforced-sizes\" style=\"width: 40px;\"><\/amp-img><\/a><a class=\"heateor_sss_amp heateor_sss_amp_x\" href=\"https:\/\/twitter.com\/intent\/tweet?text=Radio%20Majaguabo%20-%20Emisora%20Radio%20Majaguabo%2C%20San%20Luis%2C%20Santiago%20de%20Cuba%2C%20Cuba&url=https%3A%2F%2Fwww.radiomajaguabo.icrt.cu%2Findex.php%3Frest_route%3D%252Fwp%252Fv2%252Fposts%252F2615\" title=\"X\" rel=\"nofollow noopener\" target=\"_blank\"><amp-img src=\"https:\/\/www.radiomajaguabo.icrt.cu\/wp-content\/plugins\/sassy-social-share\/public\/..\/images\/amp\/x.svg\" width=\"40\" height=\"40\" alt=\"X\" class=\"amp-wp-enforced-sizes\" style=\"width:40px;\"><\/amp-img><\/a><\/div><div class=\"heateorSssClear\"><\/div><\/div>","protected":false},"author":15,"featured_media":2617,"comment_status":"open","ping_status":"open","sticky":false,"template":"","format":"standard","meta":{"colormag_page_layout":"default_layout","footnotes":""},"categories":[10,9],"tags":[930,13,931,416,932,131],"ppma_author":[361],"class_list":["post-2615","post","type-post","status-publish","format-standard","has-post-thumbnail","hentry","category-san-luis","category-historia","tag-asamblea-nacional-del-poder-popular-anpp","tag-cuba","tag-democracia","tag-elecciones","tag-minuto-a-minuto","tag-poder-popular"],"authors":[{"term_id":361,"user_id":15,"is_guest":0,"slug":"cubadebate","display_name":"Cubadebate","avatar_url":"https:\/\/secure.gravatar.com\/avatar\/dea41543675ed9bce0a3a1aadc84cffab8b405e1b91699c20cedb5cd80dc31b2?s=96&d=mm&r=g","author_category":"","user_url":"http:\/\/www.cubadebate.cu\/","last_name":"","first_name":"Cubadebate","job_title":"","description":""}],"amp_enabled":true,"_links":{"self":[{"href":"https:\/\/www.radiomajaguabo.icrt.cu\/index.php?rest_route=\/wp\/v2\/posts\/2615","targetHints":{"allow":["GET"]}}],"collection":[{"href":"https:\/\/www.radiomajaguabo.icrt.cu\/index.php?rest_route=\/wp\/v2\/posts"}],"about":[{"href":"https:\/\/www.radiomajaguabo.icrt.cu\/index.php?rest_route=\/wp\/v2\/types\/post"}],"author":[{"embeddable":true,"href":"https:\/\/www.radiomajaguabo.icrt.cu\/index.php?rest_route=\/wp\/v2\/users\/15"}],"replies":[{"embeddable":true,"href":"https:\/\/www.radiomajaguabo.icrt.cu\/index.php?rest_route=%2Fwp%2Fv2%2Fcomments&post=2615"}],"version-history":[{"count":1,"href":"https:\/\/www.radiomajaguabo.icrt.cu\/index.php?rest_route=\/wp\/v2\/posts\/2615\/revisions"}],"predecessor-version":[{"id":2618,"href":"https:\/\/www.radiomajaguabo.icrt.cu\/index.php?rest_route=\/wp\/v2\/posts\/2615\/revisions\/2618"}],"wp:featuredmedia":[{"embeddable":true,"href":"https:\/\/www.radiomajaguabo.icrt.cu\/index.php?rest_route=\/wp\/v2\/media\/2617"}],"wp:attachment":[{"href":"https:\/\/www.radiomajaguabo.icrt.cu\/index.php?rest_route=%2Fwp%2Fv2%2Fmedia&parent=2615"}],"wp:term":[{"taxonomy":"category","embeddable":true,"href":"https:\/\/www.radiomajaguabo.icrt.cu\/index.php?rest_route=%2Fwp%2Fv2%2Fcategories&post=2615"},{"taxonomy":"post_tag","embeddable":true,"href":"https:\/\/www.radiomajaguabo.icrt.cu\/index.php?rest_route=%2Fwp%2Fv2%2Ftags&post=2615"},{"taxonomy":"author","embeddable":true,"href":"https:\/\/www.radiomajaguabo.icrt.cu\/index.php?rest_route=%2Fwp%2Fv2%2Fppma_author&post=2615"}],"curies":[{"name":"wp","href":"https:\/\/api.w.org\/{rel}","templated":true}]}}