{"id":2574,"date":"2023-04-17T13:14:11","date_gmt":"2023-04-17T13:14:11","guid":{"rendered":"https:\/\/www.radiomajaguabo.icrt.cu\/?p=2574"},"modified":"2023-04-17T13:14:11","modified_gmt":"2023-04-17T13:14:11","slug":"presidente-de-recursos-hidraulicos-evalua-situacion-del-abasto-de-agua-en-san-luis","status":"publish","type":"post","link":"https:\/\/www.radiomajaguabo.icrt.cu\/?p=2574","title":{"rendered":"Presidente de Recursos Hidr\u00e1ulicos eval\u00faa situaci\u00f3n del abasto de agua en San Luis"},"content":{"rendered":"<p><strong>San Luis, Santiago de Cuba, abr. 17, 23. _<\/strong> Con la presencia de Antonio Rodr\u00edguez Rodr\u00edguez, Presidente del Instituto Nacional de Recursos Hidr\u00e1ulicos (INRH), se evalu\u00f3 este s\u00e1bado en la zona de La Laguna aqu\u00ed en San Luis la seria situaci\u00f3n del agua.<!--more--><\/p>\n<p>En el lugar, ubicado en Dos Caminos, poblado perteneciente a este municipio, se valor\u00f3 que el problema mayor que tiene el territorio es el abasto de agua potable para los principales poblados, lo que ha llevado a trav\u00e9s de los a\u00f1os a tomar innumerables iniciativas que han contribuido a palear moment\u00e1neamente esos picos de sequ\u00eda que ya se hacen cada vez m\u00e1s frecuentes y alargados, pero no a resolverlos definitivamente.<\/p>\n<p><img loading=\"lazy\" decoding=\"async\" class=\" wp-image-2584 aligncenter\" src=\"https:\/\/www.radiomajaguabo.icrt.cu\/wp-content\/uploads\/2023\/04\/presidente_agua_san_luis4-300x225.jpg\" alt=\"\" width=\"519\" height=\"389\" srcset=\"https:\/\/www.radiomajaguabo.icrt.cu\/wp-content\/uploads\/2023\/04\/presidente_agua_san_luis4-300x225.jpg 300w, https:\/\/www.radiomajaguabo.icrt.cu\/wp-content\/uploads\/2023\/04\/presidente_agua_san_luis4-1024x768.jpg 1024w, https:\/\/www.radiomajaguabo.icrt.cu\/wp-content\/uploads\/2023\/04\/presidente_agua_san_luis4-768x576.jpg 768w, https:\/\/www.radiomajaguabo.icrt.cu\/wp-content\/uploads\/2023\/04\/presidente_agua_san_luis4-1536x1152.jpg 1536w, https:\/\/www.radiomajaguabo.icrt.cu\/wp-content\/uploads\/2023\/04\/presidente_agua_san_luis4.jpg 2048w\" sizes=\"auto, (max-width: 519px) 100vw, 519px\" \/><\/p>\n<p>De esto y m\u00e1s fue informado el Presidente del INRH debajo de la cortina del mayor espejo de agua que tiene San Luis, que no es grande, pero puede garantizar unos meses del importante l\u00edquido para el poblado de Paquito Rosales, incluso, en tiempo de zafra y una parte de Dos caminos.<\/p>\n<p><img loading=\"lazy\" decoding=\"async\" class=\" wp-image-2583 aligncenter\" src=\"https:\/\/www.radiomajaguabo.icrt.cu\/wp-content\/uploads\/2023\/04\/presidente_agua_san_luis3-300x225.jpg\" alt=\"\" width=\"527\" height=\"395\" srcset=\"https:\/\/www.radiomajaguabo.icrt.cu\/wp-content\/uploads\/2023\/04\/presidente_agua_san_luis3-300x225.jpg 300w, https:\/\/www.radiomajaguabo.icrt.cu\/wp-content\/uploads\/2023\/04\/presidente_agua_san_luis3-1024x768.jpg 1024w, https:\/\/www.radiomajaguabo.icrt.cu\/wp-content\/uploads\/2023\/04\/presidente_agua_san_luis3-768x576.jpg 768w, https:\/\/www.radiomajaguabo.icrt.cu\/wp-content\/uploads\/2023\/04\/presidente_agua_san_luis3-1536x1152.jpg 1536w, https:\/\/www.radiomajaguabo.icrt.cu\/wp-content\/uploads\/2023\/04\/presidente_agua_san_luis3.jpg 2048w\" sizes=\"auto, (max-width: 527px) 100vw, 527px\" \/><\/p>\n<p>En el di\u00e1logo estuvieron presentes especialistas de la provincia y los principales directivos del municipio tanto pol\u00edticos como gubernamentales.<\/p>\n<p><img loading=\"lazy\" decoding=\"async\" class=\" wp-image-2582 aligncenter\" src=\"https:\/\/www.radiomajaguabo.icrt.cu\/wp-content\/uploads\/2023\/04\/presidente_agua_san_luis2-300x225.jpg\" alt=\"\" width=\"539\" height=\"404\" srcset=\"https:\/\/www.radiomajaguabo.icrt.cu\/wp-content\/uploads\/2023\/04\/presidente_agua_san_luis2-300x225.jpg 300w, https:\/\/www.radiomajaguabo.icrt.cu\/wp-content\/uploads\/2023\/04\/presidente_agua_san_luis2-1024x768.jpg 1024w, https:\/\/www.radiomajaguabo.icrt.cu\/wp-content\/uploads\/2023\/04\/presidente_agua_san_luis2-768x576.jpg 768w, https:\/\/www.radiomajaguabo.icrt.cu\/wp-content\/uploads\/2023\/04\/presidente_agua_san_luis2-1536x1152.jpg 1536w, https:\/\/www.radiomajaguabo.icrt.cu\/wp-content\/uploads\/2023\/04\/presidente_agua_san_luis2.jpg 2048w\" sizes=\"auto, (max-width: 539px) 100vw, 539px\" \/><\/p>\n<p>En la parte final del encuentro y, para reafirmar lo acordado all\u00ed en medio de ese macizo ca\u00f1ero que, por cierto, hizo sacar expresiones de admiraci\u00f3n sobre la calidad y salud que muestran las plantaciones de la importante gram\u00ednea, el alto dirigente repiti\u00f3 in situ, bajo una mata de mangos de Toledo, bien parida, por cierto, para los micr\u00f3fonos de Radio Majaguabo que esas labores llevan una inversi\u00f3n y que nada caer\u00e1 como por arte de magia y que no ser\u00e1 la soluci\u00f3n definitiva para la grave situaci\u00f3n que presenta el territorio, pero sin dudas, ayudar\u00e1 y mucho pues, como se sabe, los ciclos de sequ\u00eda ser\u00e1n cada vez m\u00e1s severos y las fuentes de abasto con que cuenta San Luis no son de las mejores de Cuba, hoy el r\u00edo Guaninic\u00fan, pr\u00e1cticamente no corre, est\u00e1 cortado y aunque se ha dragado, las charcas m\u00e1s caudalosas est\u00e1n secas, esa es una realidad, no podemos seguir a merced de la naturaleza y a nosotros nos corresponde no desforestar las m\u00e1rgenes y no derrochar porque cuesta y mucho.<\/p>\n<p><img loading=\"lazy\" decoding=\"async\" class=\" wp-image-2581 aligncenter\" src=\"https:\/\/www.radiomajaguabo.icrt.cu\/wp-content\/uploads\/2023\/04\/presidente_agua_san_luis1-300x225.jpg\" alt=\"\" width=\"510\" height=\"382\" srcset=\"https:\/\/www.radiomajaguabo.icrt.cu\/wp-content\/uploads\/2023\/04\/presidente_agua_san_luis1-300x225.jpg 300w, https:\/\/www.radiomajaguabo.icrt.cu\/wp-content\/uploads\/2023\/04\/presidente_agua_san_luis1-1024x768.jpg 1024w, https:\/\/www.radiomajaguabo.icrt.cu\/wp-content\/uploads\/2023\/04\/presidente_agua_san_luis1-768x576.jpg 768w, https:\/\/www.radiomajaguabo.icrt.cu\/wp-content\/uploads\/2023\/04\/presidente_agua_san_luis1-1536x1152.jpg 1536w, https:\/\/www.radiomajaguabo.icrt.cu\/wp-content\/uploads\/2023\/04\/presidente_agua_san_luis1.jpg 2048w\" sizes=\"auto, (max-width: 510px) 100vw, 510px\" \/><\/p>\n","protected":false},"excerpt":{"rendered":"<p>San Luis, Santiago de Cuba, abr. 17, 23. _ Con la presencia de Antonio Rodr\u00edguez Rodr\u00edguez, Presidente del Instituto Nacional<\/p>\n<div class='heateor_sss_sharing_container heateor_sss_vertical_sharing heateor_sss_bottom_sharing' style='width:44px;left: -10px;top: 100px;-webkit-box-shadow:none;box-shadow:none;' ><div class=\"heateor_sss_sharing_ul\"><a class=\"heateor_sss_amp heateor_sss_amp_facebook\" href=\"https:\/\/www.facebook.com\/sharer\/sharer.php?u=https%3A%2F%2Fwww.radiomajaguabo.icrt.cu%2Findex.php%3Frest_route%3D%252Fwp%252Fv2%252Fposts%252F2574\" title=\"Facebook\" rel=\"nofollow noopener\" target=\"_blank\"><amp-img src=\"https:\/\/www.radiomajaguabo.icrt.cu\/wp-content\/plugins\/sassy-social-share\/public\/..\/images\/amp\/facebook.svg\" width=\"40\" height=\"40\" alt=\"Facebook\" class=\"amp-wp-enforced-sizes\" style=\"width: 40px;\"><\/amp-img><\/a><a class=\"heateor_sss_amp heateor_sss_amp_linkedin\" href=\"https:\/\/www.linkedin.com\/sharing\/share-offsite\/?url=https%3A%2F%2Fwww.radiomajaguabo.icrt.cu%2Findex.php%3Frest_route%3D%252Fwp%252Fv2%252Fposts%252F2574\" title=\"Linkedin\" rel=\"nofollow noopener\" target=\"_blank\"><amp-img src=\"https:\/\/www.radiomajaguabo.icrt.cu\/wp-content\/plugins\/sassy-social-share\/public\/..\/images\/amp\/linkedin.svg\" width=\"40\" height=\"40\" alt=\"Linkedin\" class=\"amp-wp-enforced-sizes\" style=\"width: 40px;\"><\/amp-img><\/a><a class=\"heateor_sss_amp heateor_sss_amp_whatsapp\" href=\"https:\/\/api.whatsapp.com\/send?text=Radio%20Majaguabo%20-%20Emisora%20Radio%20Majaguabo%2C%20San%20Luis%2C%20Santiago%20de%20Cuba%2C%20Cuba%20https%3A%2F%2Fwww.radiomajaguabo.icrt.cu%2Findex.php%3Frest_route%3D%252Fwp%252Fv2%252Fposts%252F2574\" title=\"Whatsapp\" rel=\"nofollow noopener\" target=\"_blank\"><amp-img src=\"https:\/\/www.radiomajaguabo.icrt.cu\/wp-content\/plugins\/sassy-social-share\/public\/..\/images\/amp\/whatsapp.svg\" width=\"40\" height=\"40\" alt=\"Whatsapp\" class=\"amp-wp-enforced-sizes\" style=\"width: 40px;\"><\/amp-img><\/a><a class=\"heateor_sss_amp heateor_sss_amp_instagram\" href=\"https:\/\/www.instagram.com\/\" title=\"Instagram\" rel=\"nofollow noopener\" target=\"_blank\"><amp-img src=\"https:\/\/www.radiomajaguabo.icrt.cu\/wp-content\/plugins\/sassy-social-share\/public\/..\/images\/amp\/instagram.svg\" width=\"40\" height=\"40\" alt=\"Instagram\" class=\"amp-wp-enforced-sizes\" style=\"width: 40px;\"><\/amp-img><\/a><a class=\"heateor_sss_amp heateor_sss_amp_x\" href=\"https:\/\/twitter.com\/intent\/tweet?text=Radio%20Majaguabo%20-%20Emisora%20Radio%20Majaguabo%2C%20San%20Luis%2C%20Santiago%20de%20Cuba%2C%20Cuba&url=https%3A%2F%2Fwww.radiomajaguabo.icrt.cu%2Findex.php%3Frest_route%3D%252Fwp%252Fv2%252Fposts%252F2574\" title=\"X\" rel=\"nofollow noopener\" target=\"_blank\"><amp-img src=\"https:\/\/www.radiomajaguabo.icrt.cu\/wp-content\/plugins\/sassy-social-share\/public\/..\/images\/amp\/x.svg\" width=\"40\" height=\"40\" alt=\"X\" class=\"amp-wp-enforced-sizes\" style=\"width:40px;\"><\/amp-img><\/a><\/div><div class=\"heateorSssClear\"><\/div><\/div>","protected":false},"author":14,"featured_media":2584,"comment_status":"open","ping_status":"open","sticky":false,"template":"","format":"standard","meta":{"colormag_page_layout":"default_layout","footnotes":""},"categories":[10],"tags":[920,476,918,919,304],"ppma_author":[310],"class_list":["post-2574","post","type-post","status-publish","format-standard","has-post-thumbnail","hentry","category-san-luis","tag-agua","tag-paquito-rosales","tag-presidente","tag-recursos-hidraulicos","tag-san-luis"],"authors":[{"term_id":310,"user_id":14,"is_guest":0,"slug":"arturo","display_name":"Arturo Oliva Alcolea","avatar_url":"https:\/\/secure.gravatar.com\/avatar\/9b6c770a58709a28b68b7a840f5a9cbc0729895e9e5765e54df65b0d0f11a00d?s=96&d=mm&r=g","author_category":"","user_url":"https:\/\/www.radiomajaguabo.icrt.cu","last_name":"Oliva Alcolea","first_name":"Arturo","job_title":"","description":""}],"amp_enabled":true,"_links":{"self":[{"href":"https:\/\/www.radiomajaguabo.icrt.cu\/index.php?rest_route=\/wp\/v2\/posts\/2574","targetHints":{"allow":["GET"]}}],"collection":[{"href":"https:\/\/www.radiomajaguabo.icrt.cu\/index.php?rest_route=\/wp\/v2\/posts"}],"about":[{"href":"https:\/\/www.radiomajaguabo.icrt.cu\/index.php?rest_route=\/wp\/v2\/types\/post"}],"author":[{"embeddable":true,"href":"https:\/\/www.radiomajaguabo.icrt.cu\/index.php?rest_route=\/wp\/v2\/users\/14"}],"replies":[{"embeddable":true,"href":"https:\/\/www.radiomajaguabo.icrt.cu\/index.php?rest_route=%2Fwp%2Fv2%2Fcomments&post=2574"}],"version-history":[{"count":2,"href":"https:\/\/www.radiomajaguabo.icrt.cu\/index.php?rest_route=\/wp\/v2\/posts\/2574\/revisions"}],"predecessor-version":[{"id":2588,"href":"https:\/\/www.radiomajaguabo.icrt.cu\/index.php?rest_route=\/wp\/v2\/posts\/2574\/revisions\/2588"}],"wp:featuredmedia":[{"embeddable":true,"href":"https:\/\/www.radiomajaguabo.icrt.cu\/index.php?rest_route=\/wp\/v2\/media\/2584"}],"wp:attachment":[{"href":"https:\/\/www.radiomajaguabo.icrt.cu\/index.php?rest_route=%2Fwp%2Fv2%2Fmedia&parent=2574"}],"wp:term":[{"taxonomy":"category","embeddable":true,"href":"https:\/\/www.radiomajaguabo.icrt.cu\/index.php?rest_route=%2Fwp%2Fv2%2Fcategories&post=2574"},{"taxonomy":"post_tag","embeddable":true,"href":"https:\/\/www.radiomajaguabo.icrt.cu\/index.php?rest_route=%2Fwp%2Fv2%2Ftags&post=2574"},{"taxonomy":"author","embeddable":true,"href":"https:\/\/www.radiomajaguabo.icrt.cu\/index.php?rest_route=%2Fwp%2Fv2%2Fppma_author&post=2574"}],"curies":[{"name":"wp","href":"https:\/\/api.w.org\/{rel}","templated":true}]}}