{"id":240,"date":"2022-08-16T14:59:26","date_gmt":"2022-08-16T14:59:26","guid":{"rendered":"https:\/\/localhost\/radiomajaguabo\/?p=240"},"modified":"2022-08-16T14:59:26","modified_gmt":"2022-08-16T14:59:26","slug":"celebran-en-cuba-97-anos-de-primer-partido-comunista","status":"publish","type":"post","link":"https:\/\/www.radiomajaguabo.icrt.cu\/?p=240","title":{"rendered":"Celebran en Cuba 97 a\u00f1os de primer Partido Comunista"},"content":{"rendered":"<div class=\"elementor-element elementor-element-44014e52 elementor-widget elementor-widget-theme-post-excerpt\" data-id=\"44014e52\" data-element_type=\"widget\" data-widget_type=\"theme-post-excerpt.default\">\n<div class=\"elementor-widget-container\">La Habana, 16 ago (Prensa Latina) Cuba celebra hoy el 97 aniversario de la fundaci\u00f3n de su primer Partido Comunista, nacido para defender los intereses de la clase obrera y los sectores populares.<\/div>\n<\/div>\n<p><!--more--><\/p>\n<div class=\"elementor-element elementor-element-27865fbc elementor-share-buttons--view-icon elementor-share-buttons--skin-minimal elementor-share-buttons--shape-circle elementor-share-buttons--color-custom elementor-grid-0 elementor-widget elementor-widget-share-buttons\" data-id=\"27865fbc\" data-element_type=\"widget\" data-widget_type=\"share-buttons.default\">\n<div class=\"elementor-widget-container\">\n<div class=\"elementor-grid\">\n<div class=\"elementor-grid-item\"><\/div>\n<\/div>\n<\/div>\n<\/div>\n<div class=\"elementor-element elementor-element-560e1f7e elementor-widget elementor-widget-theme-post-content\" data-id=\"560e1f7e\" data-element_type=\"widget\" data-widget_type=\"theme-post-content.default\">\n<div class=\"elementor-widget-container\">\n<p>La organizaci\u00f3n qued\u00f3 constituida el 16 de agosto de 1925 y es considerada sucesora del Partido Revolucionario Cubano (PRC), creado por Jos\u00e9 Mart\u00ed, y antecedente del actual Partido Comunista de Cuba.<\/p>\n<p>Ejemplo de la conjunci\u00f3n de ideales que dieron lugar al surgimiento de la primera agrupaci\u00f3n marxista de la naci\u00f3n caribe\u00f1a fue que en su constituci\u00f3n participaron, junto a otros, el fundador del PRC y combatiente socialista Carlos Bali\u00f1o, y el l\u00edder estudiantil Julio Antonio Mella.<\/p>\n<p>Ello marc\u00f3 la vocaci\u00f3n profundamente independentista y antiimperialista de ese Partido, que ten\u00eda entre sus objetivos afiliarse a la Tercera Internacional, inspirada por Vladimir Ilich Lenin en 1919.<\/p>\n<p>Desde su creaci\u00f3n, la organizaci\u00f3n comunista afront\u00f3 una feroz represi\u00f3n, por lo que pas\u00f3 a la clandestinidad apenas 15 d\u00edas despu\u00e9s de fundada y hasta 1938.<\/p>\n<p>Una a\u00f1o despu\u00e9s de la vuelta a la legalidad adopt\u00f3 el nombre de Uni\u00f3n Revolucionaria Comunista, y en 1944 el de Partido Socialista Popular (PSP).<\/p>\n<p>Su accionar estuvo siempre ligado a los intereses de la clase obrera y en particular a la Confederaci\u00f3n de Trabajadores de Cuba.<\/p>\n<p>Pese a la persecuci\u00f3n constante, las arduas batallas de sus miembros fueron determinantes en el enfrentamiento a reg\u00edmenes burgueses y dictatoriales, y en la promulgaci\u00f3n de las leyes complementarias que posibilitaran las disposiciones progresistas incluidas en la Constituci\u00f3n de 1940.<\/p>\n<p>En los a\u00f1os de la tiran\u00eda de Fulgencio Batista (1952-1959) tuvieron que retornar a la clandestinidad, y en la lucha insurreccional muchos de sus militantes perdieron la vida.<\/p>\n<p>Luego del triunfo revolucionario del 1 de enero de 1959, el proceso de unidad liderado por Fidel Castro propici\u00f3 la fusi\u00f3n, en 1961, de las agrupaciones pol\u00edticas de izquierda con el Movimiento 26 de Julio y el Directorio Revolucionario, en las Organizaciones Revolucionarias Integradas.<\/p>\n<p>Esto sirvi\u00f3 de antecedente para constituir el Partido Unido de la Revoluci\u00f3n Socialista de Cuba, que a partir de 1965 adopt\u00f3 el nombre de Partido Comunista de Cuba.<\/p>\n<p>acl\/evm<\/p>\n<\/div>\n<\/div>\n<div class=\"elementor-element elementor-element-1fdbd0a elementor-widget elementor-widget-post-info\" data-id=\"1fdbd0a\" data-element_type=\"widget\" data-widget_type=\"post-info.default\">\n<div class=\"elementor-widget-container\">\n<ul class=\"elementor-inline-items elementor-icon-list-items elementor-post-info\">\n<li class=\"elementor-icon-list-item elementor-repeater-item-170494c elementor-inline-item\"><span class=\"elementor-icon-list-text elementor-post-info__item elementor-post-info__item--type-custom\"> #<a href=\"https:\/\/www.prensa-latina.cu\/tags\/carlos-balino\" rel=\"tag noopener\" target=\"_blank\">Carlos Bali\u00f1o<\/a> #<a href=\"https:\/\/www.prensa-latina.cu\/tags\/cuba\" rel=\"tag noopener\" target=\"_blank\">cuba<\/a> #<a href=\"https:\/\/www.prensa-latina.cu\/tags\/julio-antonio-mella\" rel=\"tag noopener\" target=\"_blank\">Julio Antonio Mella<\/a> #<a href=\"https:\/\/www.prensa-latina.cu\/tags\/partido-comunista\" rel=\"tag noopener\" target=\"_blank\">partido comunista<\/a> <\/span><\/li>\n<\/ul>\n<\/div>\n<\/div>\n","protected":false},"excerpt":{"rendered":"<p>La Habana, 16 ago (Prensa Latina) Cuba celebra hoy el 97 aniversario de la fundaci\u00f3n de su primer Partido Comunista,<\/p>\n<div class='heateor_sss_sharing_container heateor_sss_vertical_sharing heateor_sss_bottom_sharing' style='width:44px;left: -10px;top: 100px;-webkit-box-shadow:none;box-shadow:none;' ><div class=\"heateor_sss_sharing_ul\"><a class=\"heateor_sss_amp heateor_sss_amp_facebook\" href=\"https:\/\/www.facebook.com\/sharer\/sharer.php?u=https%3A%2F%2Fwww.radiomajaguabo.icrt.cu%2Findex.php%3Frest_route%3D%252Fwp%252Fv2%252Fposts%252F240\" title=\"Facebook\" rel=\"nofollow noopener\" target=\"_blank\"><amp-img src=\"https:\/\/www.radiomajaguabo.icrt.cu\/wp-content\/plugins\/sassy-social-share\/public\/..\/images\/amp\/facebook.svg\" width=\"40\" height=\"40\" alt=\"Facebook\" class=\"amp-wp-enforced-sizes\" style=\"width: 40px;\"><\/amp-img><\/a><a class=\"heateor_sss_amp heateor_sss_amp_linkedin\" href=\"https:\/\/www.linkedin.com\/sharing\/share-offsite\/?url=https%3A%2F%2Fwww.radiomajaguabo.icrt.cu%2Findex.php%3Frest_route%3D%252Fwp%252Fv2%252Fposts%252F240\" title=\"Linkedin\" rel=\"nofollow noopener\" target=\"_blank\"><amp-img src=\"https:\/\/www.radiomajaguabo.icrt.cu\/wp-content\/plugins\/sassy-social-share\/public\/..\/images\/amp\/linkedin.svg\" width=\"40\" height=\"40\" alt=\"Linkedin\" class=\"amp-wp-enforced-sizes\" style=\"width: 40px;\"><\/amp-img><\/a><a class=\"heateor_sss_amp heateor_sss_amp_whatsapp\" href=\"https:\/\/api.whatsapp.com\/send?text=Radio%20Majaguabo%20-%20Emisora%20Radio%20Majaguabo%2C%20San%20Luis%2C%20Santiago%20de%20Cuba%2C%20Cuba%20https%3A%2F%2Fwww.radiomajaguabo.icrt.cu%2Findex.php%3Frest_route%3D%252Fwp%252Fv2%252Fposts%252F240\" title=\"Whatsapp\" rel=\"nofollow noopener\" target=\"_blank\"><amp-img src=\"https:\/\/www.radiomajaguabo.icrt.cu\/wp-content\/plugins\/sassy-social-share\/public\/..\/images\/amp\/whatsapp.svg\" width=\"40\" height=\"40\" alt=\"Whatsapp\" class=\"amp-wp-enforced-sizes\" style=\"width: 40px;\"><\/amp-img><\/a><a class=\"heateor_sss_amp heateor_sss_amp_instagram\" href=\"https:\/\/www.instagram.com\/\" title=\"Instagram\" rel=\"nofollow noopener\" target=\"_blank\"><amp-img src=\"https:\/\/www.radiomajaguabo.icrt.cu\/wp-content\/plugins\/sassy-social-share\/public\/..\/images\/amp\/instagram.svg\" width=\"40\" height=\"40\" alt=\"Instagram\" class=\"amp-wp-enforced-sizes\" style=\"width: 40px;\"><\/amp-img><\/a><a class=\"heateor_sss_amp heateor_sss_amp_x\" href=\"https:\/\/twitter.com\/intent\/tweet?text=Radio%20Majaguabo%20-%20Emisora%20Radio%20Majaguabo%2C%20San%20Luis%2C%20Santiago%20de%20Cuba%2C%20Cuba&url=https%3A%2F%2Fwww.radiomajaguabo.icrt.cu%2Findex.php%3Frest_route%3D%252Fwp%252Fv2%252Fposts%252F240\" title=\"X\" rel=\"nofollow noopener\" target=\"_blank\"><amp-img src=\"https:\/\/www.radiomajaguabo.icrt.cu\/wp-content\/plugins\/sassy-social-share\/public\/..\/images\/amp\/x.svg\" width=\"40\" height=\"40\" alt=\"X\" class=\"amp-wp-enforced-sizes\" style=\"width:40px;\"><\/amp-img><\/a><\/div><div class=\"heateorSssClear\"><\/div><\/div>","protected":false},"author":10,"featured_media":241,"comment_status":"open","ping_status":"open","sticky":false,"template":"","format":"standard","meta":{"colormag_page_layout":"default_layout","footnotes":""},"categories":[9],"tags":[13,151,149,150],"ppma_author":[39],"class_list":["post-240","post","type-post","status-publish","format-standard","has-post-thumbnail","hentry","category-historia","tag-cuba","tag-fidel-castro","tag-julio-antonio-mella","tag-partido-comunista-de-cuba"],"authors":[{"term_id":39,"user_id":10,"is_guest":0,"slug":"prensa-latina","display_name":"Prensa Latina","avatar_url":"https:\/\/secure.gravatar.com\/avatar\/50c7a3112bb25b21ddc4cf0ff17bac923226a0d4e8814139af94a839af15e315?s=96&d=mm&r=g","author_category":"","user_url":"https:\/\/www.prensa-latina.cu","last_name":"","first_name":"Prensa Latina","job_title":"","description":""}],"amp_enabled":true,"_links":{"self":[{"href":"https:\/\/www.radiomajaguabo.icrt.cu\/index.php?rest_route=\/wp\/v2\/posts\/240","targetHints":{"allow":["GET"]}}],"collection":[{"href":"https:\/\/www.radiomajaguabo.icrt.cu\/index.php?rest_route=\/wp\/v2\/posts"}],"about":[{"href":"https:\/\/www.radiomajaguabo.icrt.cu\/index.php?rest_route=\/wp\/v2\/types\/post"}],"author":[{"embeddable":true,"href":"https:\/\/www.radiomajaguabo.icrt.cu\/index.php?rest_route=\/wp\/v2\/users\/10"}],"replies":[{"embeddable":true,"href":"https:\/\/www.radiomajaguabo.icrt.cu\/index.php?rest_route=%2Fwp%2Fv2%2Fcomments&post=240"}],"version-history":[{"count":1,"href":"https:\/\/www.radiomajaguabo.icrt.cu\/index.php?rest_route=\/wp\/v2\/posts\/240\/revisions"}],"predecessor-version":[{"id":242,"href":"https:\/\/www.radiomajaguabo.icrt.cu\/index.php?rest_route=\/wp\/v2\/posts\/240\/revisions\/242"}],"wp:featuredmedia":[{"embeddable":true,"href":"https:\/\/www.radiomajaguabo.icrt.cu\/index.php?rest_route=\/wp\/v2\/media\/241"}],"wp:attachment":[{"href":"https:\/\/www.radiomajaguabo.icrt.cu\/index.php?rest_route=%2Fwp%2Fv2%2Fmedia&parent=240"}],"wp:term":[{"taxonomy":"category","embeddable":true,"href":"https:\/\/www.radiomajaguabo.icrt.cu\/index.php?rest_route=%2Fwp%2Fv2%2Fcategories&post=240"},{"taxonomy":"post_tag","embeddable":true,"href":"https:\/\/www.radiomajaguabo.icrt.cu\/index.php?rest_route=%2Fwp%2Fv2%2Ftags&post=240"},{"taxonomy":"author","embeddable":true,"href":"https:\/\/www.radiomajaguabo.icrt.cu\/index.php?rest_route=%2Fwp%2Fv2%2Fppma_author&post=240"}],"curies":[{"name":"wp","href":"https:\/\/api.w.org\/{rel}","templated":true}]}}