{"id":236,"date":"2022-08-15T14:31:00","date_gmt":"2022-08-15T14:31:00","guid":{"rendered":"https:\/\/localhost\/radiomajaguabo\/?p=236"},"modified":"2022-08-15T14:31:00","modified_gmt":"2022-08-15T14:31:00","slug":"presidente-de-cuba-exalta-hermandad-de-venezuela-y-mexico","status":"publish","type":"post","link":"https:\/\/www.radiomajaguabo.icrt.cu\/?p=236","title":{"rendered":"Presidente de Cuba exalta hermandad de Venezuela y M\u00e9xico"},"content":{"rendered":"<div class=\"elementor-element elementor-element-44014e52 elementor-widget elementor-widget-theme-post-excerpt\" data-id=\"44014e52\" data-element_type=\"widget\" data-widget_type=\"theme-post-excerpt.default\">\n<div class=\"elementor-widget-container\">La Habana, 15 ago (Prensa Latina) El presidente de Cuba, Miguel D\u00edaz- Canel, exalt\u00f3 hoy la solidaridad y hermandad de Venezuela y M\u00e9xico hacia la isla, por su pronta respuesta ante el incendio que azot\u00f3 la zona industrial de la occidental provincia de Matanzas.<\/div>\n<\/div>\n<p><!--more--><\/p>\n<div class=\"elementor-element elementor-element-560e1f7e elementor-widget elementor-widget-theme-post-content\" data-id=\"560e1f7e\" data-element_type=\"widget\" data-widget_type=\"theme-post-content.default\">\n<div class=\"elementor-widget-container\">\n<p>Desde su cuenta en Twitter, el jefe de Estado subray\u00f3 que \u201cnunca olvidaremos el hero\u00edsmo y la hermandad de los mejicanos y venezolanos que vinieron a apoyarnos en el enfrentamiento al incendio\u201d. Agreg\u00f3 que siempre contar\u00e1n con \u201cnuestra eterna gratitud, reconocimiento y cari\u00f1o\u201d.<\/p>\n<p>En el mismo mensaje el mandatario hizo alusi\u00f3n a un art\u00edculo del diario Granma que rese\u00f1a el acto de condecoraci\u00f3n, ocurrido en la v\u00edspera, a colaboradores de M\u00e9xico y Venezuela participantes en el enfrentamiento al incendio de grandes proporciones que afect\u00f3 a la ciudad de Matanzas.<\/p>\n<p>En la cita, miembros de los contingentes solidarios recibieron la r\u00e9plica del machete del mayor general Antonio Maceo Grajales y les fue concedida la Medalla de la Amistad, que otorga el Consejo de Estado de la Rep\u00fablica de Cuba a propuesta del Instituto Cubano de Amistad con los Pueblos.<\/p>\n<p>Tambi\u00e9n fueron le\u00eddas cartas enviadas por el jefe de Estado cubano, a sus hom\u00f3logos de M\u00e9xico, Andr\u00e9s Manuel L\u00f3pez Obrador; y de Venezuela, Nicol\u00e1s Maduro, en las que destaca la actitud ejemplar de los enviados por esas naciones, quienes sin reparar en riesgos se incorporaron al combate a las llamas desde las primeras horas.<\/p>\n<p>En este sentido, el jefe del Departamento Ideol\u00f3gico del Comit\u00e9 Central del Partido Comunista de Cuba (PCC), Rogelio Polanco, agradeci\u00f3 v\u00eda Twitter la labor de los \u201chermanos mexicanos y venezolanos\u201d en el control y extinci\u00f3n del incendio. \u201cCu\u00e1nta solidaridad sentimos en estas jornadas de sacrificio y dolor\u201d, subray\u00f3.<\/p>\n<p>mem\/mks<\/p>\n<\/div>\n<\/div>\n<div class=\"elementor-element elementor-element-1fdbd0a elementor-widget elementor-widget-post-info\" data-id=\"1fdbd0a\" data-element_type=\"widget\" data-widget_type=\"post-info.default\">\n<div class=\"elementor-widget-container\">\n<ul class=\"elementor-inline-items elementor-icon-list-items elementor-post-info\">\n<li class=\"elementor-icon-list-item elementor-repeater-item-170494c elementor-inline-item\"><span class=\"elementor-icon-list-text elementor-post-info__item elementor-post-info__item--type-custom\"> #<a href=\"https:\/\/www.prensa-latina.cu\/tags\/cuba\" rel=\"tag noopener\" target=\"_blank\">cuba<\/a> #<a href=\"https:\/\/www.prensa-latina.cu\/tags\/diaz-canel\" rel=\"tag noopener\" target=\"_blank\">D\u00edaz Canel<\/a> #<a href=\"https:\/\/www.prensa-latina.cu\/tags\/incendios\" rel=\"tag noopener\" target=\"_blank\">incendios<\/a> #<a href=\"https:\/\/www.prensa-latina.cu\/tags\/mexico\" rel=\"tag noopener\" target=\"_blank\">M\u00e9xico<\/a> #<a href=\"https:\/\/www.prensa-latina.cu\/tags\/solidaridad\" rel=\"tag noopener\" target=\"_blank\">solidaridad<\/a> #<a href=\"https:\/\/www.prensa-latina.cu\/tags\/venezuela\" rel=\"tag noopener\" target=\"_blank\">Venezuela<\/a> <\/span><\/li>\n<\/ul>\n<\/div>\n<\/div>\n","protected":false},"excerpt":{"rendered":"<p>La Habana, 15 ago (Prensa Latina) El presidente de Cuba, Miguel D\u00edaz- Canel, exalt\u00f3 hoy la solidaridad y hermandad de<\/p>\n<div class='heateor_sss_sharing_container heateor_sss_vertical_sharing heateor_sss_bottom_sharing' style='width:44px;left: -10px;top: 100px;-webkit-box-shadow:none;box-shadow:none;' ><div class=\"heateor_sss_sharing_ul\"><a class=\"heateor_sss_amp heateor_sss_amp_facebook\" href=\"https:\/\/www.facebook.com\/sharer\/sharer.php?u=https%3A%2F%2Fwww.radiomajaguabo.icrt.cu%2Findex.php%3Frest_route%3D%252Fwp%252Fv2%252Fposts%252F236\" title=\"Facebook\" rel=\"nofollow noopener\" target=\"_blank\"><amp-img src=\"https:\/\/www.radiomajaguabo.icrt.cu\/wp-content\/plugins\/sassy-social-share\/public\/..\/images\/amp\/facebook.svg\" width=\"40\" height=\"40\" alt=\"Facebook\" class=\"amp-wp-enforced-sizes\" style=\"width: 40px;\"><\/amp-img><\/a><a class=\"heateor_sss_amp heateor_sss_amp_linkedin\" href=\"https:\/\/www.linkedin.com\/sharing\/share-offsite\/?url=https%3A%2F%2Fwww.radiomajaguabo.icrt.cu%2Findex.php%3Frest_route%3D%252Fwp%252Fv2%252Fposts%252F236\" title=\"Linkedin\" rel=\"nofollow noopener\" target=\"_blank\"><amp-img src=\"https:\/\/www.radiomajaguabo.icrt.cu\/wp-content\/plugins\/sassy-social-share\/public\/..\/images\/amp\/linkedin.svg\" width=\"40\" height=\"40\" alt=\"Linkedin\" class=\"amp-wp-enforced-sizes\" style=\"width: 40px;\"><\/amp-img><\/a><a class=\"heateor_sss_amp heateor_sss_amp_whatsapp\" href=\"https:\/\/api.whatsapp.com\/send?text=Radio%20Majaguabo%20-%20Emisora%20Radio%20Majaguabo%2C%20San%20Luis%2C%20Santiago%20de%20Cuba%2C%20Cuba%20https%3A%2F%2Fwww.radiomajaguabo.icrt.cu%2Findex.php%3Frest_route%3D%252Fwp%252Fv2%252Fposts%252F236\" title=\"Whatsapp\" rel=\"nofollow noopener\" target=\"_blank\"><amp-img src=\"https:\/\/www.radiomajaguabo.icrt.cu\/wp-content\/plugins\/sassy-social-share\/public\/..\/images\/amp\/whatsapp.svg\" width=\"40\" height=\"40\" alt=\"Whatsapp\" class=\"amp-wp-enforced-sizes\" style=\"width: 40px;\"><\/amp-img><\/a><a class=\"heateor_sss_amp heateor_sss_amp_instagram\" href=\"https:\/\/www.instagram.com\/\" title=\"Instagram\" rel=\"nofollow noopener\" target=\"_blank\"><amp-img src=\"https:\/\/www.radiomajaguabo.icrt.cu\/wp-content\/plugins\/sassy-social-share\/public\/..\/images\/amp\/instagram.svg\" width=\"40\" height=\"40\" alt=\"Instagram\" class=\"amp-wp-enforced-sizes\" style=\"width: 40px;\"><\/amp-img><\/a><a class=\"heateor_sss_amp heateor_sss_amp_x\" href=\"https:\/\/twitter.com\/intent\/tweet?text=Radio%20Majaguabo%20-%20Emisora%20Radio%20Majaguabo%2C%20San%20Luis%2C%20Santiago%20de%20Cuba%2C%20Cuba&url=https%3A%2F%2Fwww.radiomajaguabo.icrt.cu%2Findex.php%3Frest_route%3D%252Fwp%252Fv2%252Fposts%252F236\" title=\"X\" rel=\"nofollow noopener\" target=\"_blank\"><amp-img src=\"https:\/\/www.radiomajaguabo.icrt.cu\/wp-content\/plugins\/sassy-social-share\/public\/..\/images\/amp\/x.svg\" width=\"40\" height=\"40\" alt=\"X\" class=\"amp-wp-enforced-sizes\" style=\"width:40px;\"><\/amp-img><\/a><\/div><div class=\"heateorSssClear\"><\/div><\/div>","protected":false},"author":10,"featured_media":237,"comment_status":"open","ping_status":"open","sticky":false,"template":"","format":"standard","meta":{"colormag_page_layout":"default_layout","footnotes":""},"categories":[8],"tags":[13,148,14,34],"ppma_author":[39],"class_list":["post-236","post","type-post","status-publish","format-standard","has-post-thumbnail","hentry","category-nacionales","tag-cuba","tag-mexico","tag-miguel-diaz-canel","tag-venezuela"],"authors":[{"term_id":39,"user_id":10,"is_guest":0,"slug":"prensa-latina","display_name":"Prensa Latina","avatar_url":"https:\/\/secure.gravatar.com\/avatar\/50c7a3112bb25b21ddc4cf0ff17bac923226a0d4e8814139af94a839af15e315?s=96&d=mm&r=g","author_category":"","user_url":"https:\/\/www.prensa-latina.cu","last_name":"","first_name":"Prensa Latina","job_title":"","description":""}],"amp_enabled":true,"_links":{"self":[{"href":"https:\/\/www.radiomajaguabo.icrt.cu\/index.php?rest_route=\/wp\/v2\/posts\/236","targetHints":{"allow":["GET"]}}],"collection":[{"href":"https:\/\/www.radiomajaguabo.icrt.cu\/index.php?rest_route=\/wp\/v2\/posts"}],"about":[{"href":"https:\/\/www.radiomajaguabo.icrt.cu\/index.php?rest_route=\/wp\/v2\/types\/post"}],"author":[{"embeddable":true,"href":"https:\/\/www.radiomajaguabo.icrt.cu\/index.php?rest_route=\/wp\/v2\/users\/10"}],"replies":[{"embeddable":true,"href":"https:\/\/www.radiomajaguabo.icrt.cu\/index.php?rest_route=%2Fwp%2Fv2%2Fcomments&post=236"}],"version-history":[{"count":1,"href":"https:\/\/www.radiomajaguabo.icrt.cu\/index.php?rest_route=\/wp\/v2\/posts\/236\/revisions"}],"predecessor-version":[{"id":238,"href":"https:\/\/www.radiomajaguabo.icrt.cu\/index.php?rest_route=\/wp\/v2\/posts\/236\/revisions\/238"}],"wp:featuredmedia":[{"embeddable":true,"href":"https:\/\/www.radiomajaguabo.icrt.cu\/index.php?rest_route=\/wp\/v2\/media\/237"}],"wp:attachment":[{"href":"https:\/\/www.radiomajaguabo.icrt.cu\/index.php?rest_route=%2Fwp%2Fv2%2Fmedia&parent=236"}],"wp:term":[{"taxonomy":"category","embeddable":true,"href":"https:\/\/www.radiomajaguabo.icrt.cu\/index.php?rest_route=%2Fwp%2Fv2%2Fcategories&post=236"},{"taxonomy":"post_tag","embeddable":true,"href":"https:\/\/www.radiomajaguabo.icrt.cu\/index.php?rest_route=%2Fwp%2Fv2%2Ftags&post=236"},{"taxonomy":"author","embeddable":true,"href":"https:\/\/www.radiomajaguabo.icrt.cu\/index.php?rest_route=%2Fwp%2Fv2%2Fppma_author&post=236"}],"curies":[{"name":"wp","href":"https:\/\/api.w.org\/{rel}","templated":true}]}}