{"id":226,"date":"2022-08-02T15:51:00","date_gmt":"2022-08-02T15:51:00","guid":{"rendered":"https:\/\/localhost\/radiomajaguabo\/?p=226"},"modified":"2022-08-02T15:51:00","modified_gmt":"2022-08-02T15:51:00","slug":"juan-formell-y-sus-cotas-a-la-musica-en-cuba","status":"publish","type":"post","link":"https:\/\/www.radiomajaguabo.icrt.cu\/?p=226","title":{"rendered":"Juan Formell y sus cotas a la m\u00fasica en Cuba"},"content":{"rendered":"<div class=\"elementor-element elementor-element-44014e52 elementor-widget elementor-widget-theme-post-excerpt\" data-id=\"44014e52\" data-element_type=\"widget\" data-widget_type=\"theme-post-excerpt.default\">\n<div class=\"elementor-widget-container\">La Habana, 2 ago (Prensa Latina) Si la m\u00fasica cubana alcanz\u00f3 nuevas y muy altas cotas cualitativas se debe a los aportes de Juan Formell, afirm\u00f3 el cr\u00edtico Pedro de la Hoz al referirse al legendario artista que naci\u00f3 un d\u00eda como hoy de 1942.<\/div>\n<\/div>\n<p><!--more--><\/p>\n<div class=\"elementor-element elementor-element-560e1f7e elementor-widget elementor-widget-theme-post-content\" data-id=\"560e1f7e\" data-element_type=\"widget\" data-widget_type=\"theme-post-content.default\">\n<div class=\"elementor-widget-container\">\n<p>Natural de la ciudad de La Habana y con cierta influencia musical, Formell se encarg\u00f3 de hacer su camino al andar a base de prueba y error, estudiando, escuchando y fusionando con cu\u00e1ntos g\u00e9neros y estilos encontr\u00f3.<\/p>\n<p>Al decir de los especialistas, Juanito removi\u00f3 las corrientes musicales con un sello aut\u00e9ntico e incorpor\u00f3 nuevos elementos electroac\u00fasticos, dando mayor protagonismo a la bater\u00eda y los trombones.<\/p>\n<p>Con su estilo lleg\u00f3 la evoluci\u00f3n del formato charanguero y se defini\u00f3 el camino de un nuevo concepto conocido como timba y songo, g\u00e9neros ahora fusionados con otras sonoridades sobre la base de los recursos expresivos del son.<\/p>\n<p>En su orquesta, la emblem\u00e1tica maquinaria de Cuba que lleva por nombre Los Van Van, el bajista puso a prueba sus experimentos sonoros y composiciones, devenidas aut\u00e9nticos retratos de su tiempo e incluso de una \u00e9poca posterior.<\/p>\n<p>Fue en 1969 que la agrupaci\u00f3n debut\u00f3 en la avenida de 23 y P, en las inmediaciones del vedado capitalino, y desde entonces, sus canciones se volvieron emblem\u00e1ticas para el pueblo cubano, sobre todo por sus aut\u00e9nticos y populares estribillos. \u00a0\u00a0 Juanito habita en la historia musical de la isla y en varias generaciones de cubanos y extranjeros que bailaron, y a\u00fan lo hacen, al ritmo de songo y timba, Rec\u00edbeme, Que no te d\u00e9 por eso, El agua, Me mantengo, Control, Eso que anda.<\/p>\n<p>Mas no fue solo la m\u00fasica bailable la que le mantuvo ocupado. De acuerdo con el investigador Rafael Lam, en m\u00e1s de medio siglo de trabajo cre\u00f3 tambi\u00e9n baladas, m\u00fasica para documentales, cine, TV, teatro; adem\u00e1s de la producci\u00f3n de orquestaciones y discos.<\/p>\n<p>En su quehacer destaca la musicalizaci\u00f3n de los versos del Poeta de Cuba, Nicol\u00e1s Guill\u00e9n y la m\u00fasica en la obra La barbacoa (1984, dirigida por Abraham Rodr\u00edguez) y Vivir en Santa Fe (1986, del dramaturgo Nicol\u00e1s Dorr).<\/p>\n<p>Su labor en el s\u00e9ptimo arte se aprecia en las bandas sonoras del filme Los p\u00e1jaros tir\u00e1ndole a la escopeta (1984) del cineasta Rolando D\u00edaz, e incursion\u00f3 en la televisi\u00f3n en el programa La rueda de casino (1992, de Jos\u00e9 Mili\u00e1n).<\/p>\n<p>El padre de Maril\u00fa, uno de sus populares temas estrenado en sus inicios musicales, falleci\u00f3 el 1 de mayo de 2014 pero fue una partida terrenal que no acab\u00f3 con su dimensi\u00f3n espiritual ni la grandeza de su obra.<\/p>\n<p>Entre los reconocimientos que obtuvo se encuentra el Premio Nacional de M\u00fasica en 2003 y el galard\u00f3n Mundial Especial de la M\u00fasica otorgado por el jurado de la World Entertaiment Organization en 2008.<\/p>\n<p>Asimismo, mereci\u00f3 el Doctorado Honoris Causa del Instituto Superior de Arte de Cuba en 2010, el Premio WOMEX al Artista 2013 en reconocimiento a su excelencia musical e inspir\u00f3 el Festival de la Timba Por siempre Formell, creado en Cuba en 2019.<\/p>\n<p>acl\/yrv<\/p>\n<\/div>\n<\/div>\n<div class=\"elementor-element elementor-element-1fdbd0a elementor-widget elementor-widget-post-info\" data-id=\"1fdbd0a\" data-element_type=\"widget\" data-widget_type=\"post-info.default\">\n<div class=\"elementor-widget-container\">\n<ul class=\"elementor-inline-items elementor-icon-list-items elementor-post-info\">\n<li class=\"elementor-icon-list-item elementor-repeater-item-170494c elementor-inline-item\"><span class=\"elementor-icon-list-text elementor-post-info__item elementor-post-info__item--type-custom\"> #<a href=\"https:\/\/www.prensa-latina.cu\/tags\/cuba\" rel=\"tag noopener\" target=\"_blank\">cuba<\/a> #<a href=\"https:\/\/www.prensa-latina.cu\/tags\/juan-formell\" rel=\"tag noopener\" target=\"_blank\">Juan Formell<\/a> #<a href=\"https:\/\/www.prensa-latina.cu\/tags\/los-van-van\" rel=\"tag noopener\" target=\"_blank\">Los Van Van<\/a> #<a href=\"https:\/\/www.prensa-latina.cu\/tags\/musica\" rel=\"tag noopener\" target=\"_blank\">m\u00fasica<\/a> #<a href=\"https:\/\/www.prensa-latina.cu\/tags\/natalicio\" rel=\"tag noopener\" target=\"_blank\">natalicio<\/a> #<a href=\"https:\/\/www.prensa-latina.cu\/tags\/songo\" rel=\"tag noopener\" target=\"_blank\">songo<\/a> <\/span><\/li>\n<\/ul>\n<\/div>\n<\/div>\n","protected":false},"excerpt":{"rendered":"<p>La Habana, 2 ago (Prensa Latina) Si la m\u00fasica cubana alcanz\u00f3 nuevas y muy altas cotas cualitativas se debe a<\/p>\n<div class='heateor_sss_sharing_container heateor_sss_vertical_sharing heateor_sss_bottom_sharing' style='width:44px;left: -10px;top: 100px;-webkit-box-shadow:none;box-shadow:none;' ><div class=\"heateor_sss_sharing_ul\"><a class=\"heateor_sss_amp heateor_sss_amp_facebook\" href=\"https:\/\/www.facebook.com\/sharer\/sharer.php?u=https%3A%2F%2Fwww.radiomajaguabo.icrt.cu%2Findex.php%3Frest_route%3D%252Fwp%252Fv2%252Fposts%252F226\" title=\"Facebook\" rel=\"nofollow noopener\" target=\"_blank\"><amp-img src=\"https:\/\/www.radiomajaguabo.icrt.cu\/wp-content\/plugins\/sassy-social-share\/public\/..\/images\/amp\/facebook.svg\" width=\"40\" height=\"40\" alt=\"Facebook\" class=\"amp-wp-enforced-sizes\" style=\"width: 40px;\"><\/amp-img><\/a><a class=\"heateor_sss_amp heateor_sss_amp_linkedin\" href=\"https:\/\/www.linkedin.com\/sharing\/share-offsite\/?url=https%3A%2F%2Fwww.radiomajaguabo.icrt.cu%2Findex.php%3Frest_route%3D%252Fwp%252Fv2%252Fposts%252F226\" title=\"Linkedin\" rel=\"nofollow noopener\" target=\"_blank\"><amp-img src=\"https:\/\/www.radiomajaguabo.icrt.cu\/wp-content\/plugins\/sassy-social-share\/public\/..\/images\/amp\/linkedin.svg\" width=\"40\" height=\"40\" alt=\"Linkedin\" class=\"amp-wp-enforced-sizes\" style=\"width: 40px;\"><\/amp-img><\/a><a class=\"heateor_sss_amp heateor_sss_amp_whatsapp\" href=\"https:\/\/api.whatsapp.com\/send?text=Radio%20Majaguabo%20-%20Emisora%20Radio%20Majaguabo%2C%20San%20Luis%2C%20Santiago%20de%20Cuba%2C%20Cuba%20https%3A%2F%2Fwww.radiomajaguabo.icrt.cu%2Findex.php%3Frest_route%3D%252Fwp%252Fv2%252Fposts%252F226\" title=\"Whatsapp\" rel=\"nofollow noopener\" target=\"_blank\"><amp-img src=\"https:\/\/www.radiomajaguabo.icrt.cu\/wp-content\/plugins\/sassy-social-share\/public\/..\/images\/amp\/whatsapp.svg\" width=\"40\" height=\"40\" alt=\"Whatsapp\" class=\"amp-wp-enforced-sizes\" style=\"width: 40px;\"><\/amp-img><\/a><a class=\"heateor_sss_amp heateor_sss_amp_instagram\" href=\"https:\/\/www.instagram.com\/\" title=\"Instagram\" rel=\"nofollow noopener\" target=\"_blank\"><amp-img src=\"https:\/\/www.radiomajaguabo.icrt.cu\/wp-content\/plugins\/sassy-social-share\/public\/..\/images\/amp\/instagram.svg\" width=\"40\" height=\"40\" alt=\"Instagram\" class=\"amp-wp-enforced-sizes\" style=\"width: 40px;\"><\/amp-img><\/a><a class=\"heateor_sss_amp heateor_sss_amp_x\" href=\"https:\/\/twitter.com\/intent\/tweet?text=Radio%20Majaguabo%20-%20Emisora%20Radio%20Majaguabo%2C%20San%20Luis%2C%20Santiago%20de%20Cuba%2C%20Cuba&url=https%3A%2F%2Fwww.radiomajaguabo.icrt.cu%2Findex.php%3Frest_route%3D%252Fwp%252Fv2%252Fposts%252F226\" title=\"X\" rel=\"nofollow noopener\" target=\"_blank\"><amp-img src=\"https:\/\/www.radiomajaguabo.icrt.cu\/wp-content\/plugins\/sassy-social-share\/public\/..\/images\/amp\/x.svg\" width=\"40\" height=\"40\" alt=\"X\" class=\"amp-wp-enforced-sizes\" style=\"width:40px;\"><\/amp-img><\/a><\/div><div class=\"heateorSssClear\"><\/div><\/div>","protected":false},"author":10,"featured_media":227,"comment_status":"open","ping_status":"open","sticky":false,"template":"","format":"standard","meta":{"colormag_page_layout":"default_layout","footnotes":""},"categories":[6],"tags":[13,144,145],"ppma_author":[39],"class_list":["post-226","post","type-post","status-publish","format-standard","has-post-thumbnail","hentry","category-cultura","tag-cuba","tag-van-van","tag-womex"],"authors":[{"term_id":39,"user_id":10,"is_guest":0,"slug":"prensa-latina","display_name":"Prensa Latina","avatar_url":"https:\/\/secure.gravatar.com\/avatar\/50c7a3112bb25b21ddc4cf0ff17bac923226a0d4e8814139af94a839af15e315?s=96&d=mm&r=g","author_category":"","user_url":"https:\/\/www.prensa-latina.cu","last_name":"","first_name":"Prensa Latina","job_title":"","description":""}],"amp_enabled":true,"_links":{"self":[{"href":"https:\/\/www.radiomajaguabo.icrt.cu\/index.php?rest_route=\/wp\/v2\/posts\/226","targetHints":{"allow":["GET"]}}],"collection":[{"href":"https:\/\/www.radiomajaguabo.icrt.cu\/index.php?rest_route=\/wp\/v2\/posts"}],"about":[{"href":"https:\/\/www.radiomajaguabo.icrt.cu\/index.php?rest_route=\/wp\/v2\/types\/post"}],"author":[{"embeddable":true,"href":"https:\/\/www.radiomajaguabo.icrt.cu\/index.php?rest_route=\/wp\/v2\/users\/10"}],"replies":[{"embeddable":true,"href":"https:\/\/www.radiomajaguabo.icrt.cu\/index.php?rest_route=%2Fwp%2Fv2%2Fcomments&post=226"}],"version-history":[{"count":2,"href":"https:\/\/www.radiomajaguabo.icrt.cu\/index.php?rest_route=\/wp\/v2\/posts\/226\/revisions"}],"predecessor-version":[{"id":229,"href":"https:\/\/www.radiomajaguabo.icrt.cu\/index.php?rest_route=\/wp\/v2\/posts\/226\/revisions\/229"}],"wp:featuredmedia":[{"embeddable":true,"href":"https:\/\/www.radiomajaguabo.icrt.cu\/index.php?rest_route=\/wp\/v2\/media\/227"}],"wp:attachment":[{"href":"https:\/\/www.radiomajaguabo.icrt.cu\/index.php?rest_route=%2Fwp%2Fv2%2Fmedia&parent=226"}],"wp:term":[{"taxonomy":"category","embeddable":true,"href":"https:\/\/www.radiomajaguabo.icrt.cu\/index.php?rest_route=%2Fwp%2Fv2%2Fcategories&post=226"},{"taxonomy":"post_tag","embeddable":true,"href":"https:\/\/www.radiomajaguabo.icrt.cu\/index.php?rest_route=%2Fwp%2Fv2%2Ftags&post=226"},{"taxonomy":"author","embeddable":true,"href":"https:\/\/www.radiomajaguabo.icrt.cu\/index.php?rest_route=%2Fwp%2Fv2%2Fppma_author&post=226"}],"curies":[{"name":"wp","href":"https:\/\/api.w.org\/{rel}","templated":true}]}}