{"id":223,"date":"2022-08-02T15:45:30","date_gmt":"2022-08-02T15:45:30","guid":{"rendered":"https:\/\/localhost\/radiomajaguabo\/?p=223"},"modified":"2022-08-02T15:45:30","modified_gmt":"2022-08-02T15:45:30","slug":"decatlonista-cubano-sanchez-por-subir-en-mundial-sub-20-de-atletismo","status":"publish","type":"post","link":"https:\/\/www.radiomajaguabo.icrt.cu\/?p=223","title":{"rendered":"Decatlonista cubano S\u00e1nchez por subir en Mundial Sub-20 de Atletismo"},"content":{"rendered":"<div class=\"elementor-element elementor-element-44014e52 elementor-widget elementor-widget-theme-post-excerpt\" data-id=\"44014e52\" data-element_type=\"widget\" data-widget_type=\"theme-post-excerpt.default\">\n<div class=\"elementor-widget-container\">Cali, Colombia, 2 ago (Prensa Latina) El decatlonista cubano Josmil S\u00e1nchez enfrenta hoy su segunda jornada de competencias por mejores resultados en el Campeonato Mundial Sub-20 de Atletismo de Cali, Colombia, previsto hasta el pr\u00f3ximo 6 de agosto.<\/div>\n<\/div>\n<p><!--more--><\/p>\n<div class=\"elementor-element elementor-element-560e1f7e elementor-widget elementor-widget-theme-post-content\" data-id=\"560e1f7e\" data-element_type=\"widget\" data-widget_type=\"theme-post-content.default\">\n<div class=\"elementor-widget-container\">\n<p>Con tres mil 818 unidades, ubicado en el esca\u00f1o 14 entre los 27 inscritos en el evento m\u00e1s exigente del programa, el antillano participar\u00e1 en 110 metros con vallas, salto con p\u00e9rtiga, jabalina, disco y mil 500 metros, en pos de ascender en la tabla.<\/p>\n<p>El habanero S\u00e1nchez registr\u00f3 la tarde del lunes en el estadio ol\u00edmpico Pascual Guerrero de esta ciudad marca personal de 1,96 metros en el salto de altura y tambi\u00e9n super\u00f3 su registro anterior en el salto de longitud (7,07 metros).<\/p>\n<p>De apenas 18 a\u00f1os, abri\u00f3 con 11,44 segundos en los cien metros, consigui\u00f3 13,32 metros en la impulsi\u00f3n de la bala, as\u00ed como 51.01 en los 400 metros planos.<\/p>\n<p>El neerland\u00e9s Gabriel Emmanuel con cuatro mil 276 puntos lidera el decatl\u00f3n, por delante del sueco Jakob Thelander (cuatro mil 192) y el canadiense Nate Paris (4 mil 145).<\/p>\n<p>Cuba estar\u00e1 representada este martes adem\u00e1s en las seminifinales del hect\u00f3metro, a las que avanz\u00f3 Reynaldo Espinosa con tiempo de 10.41 segundos en el heat eliminatorio dos solo por detr\u00e1s del sudafricano Benjam\u00edn Richardson (10.33).<\/p>\n<p>Por la mayor de las Antillas debutar\u00e1 en la ronda eliminatoria de los 100 metros planos femenina Yarima Garc\u00eda, quien estar\u00e1 en el quinto heat en busca de su pase a la semifinal, mientras con igual prop\u00f3sito saldr\u00e1 Liliet Cabrera en los 400 metros con vallas, que largar\u00e1 en el tercer heat.<\/p>\n<p>El saltador de longitud cubano Alejandro Parada, cuya marca personal de 7,95 metros la consigui\u00f3 la v\u00edspera, aparece entre los 12 hombres en la disputa por la corona.<\/p>\n<p>En el XIX Campeonato Mundial de Atletismo Sub-20 intervienen de mil 500 atletas de 175 pa\u00edses, de ellos Cuba inscribi\u00f3 a siete.<\/p>\n<p>mv\/znc<\/p>\n<\/div>\n<\/div>\n<div class=\"elementor-element elementor-element-1fdbd0a elementor-widget elementor-widget-post-info\" data-id=\"1fdbd0a\" data-element_type=\"widget\" data-widget_type=\"post-info.default\">\n<div class=\"elementor-widget-container\">\n<ul class=\"elementor-inline-items elementor-icon-list-items elementor-post-info\">\n<li class=\"elementor-icon-list-item elementor-repeater-item-170494c elementor-inline-item\"><span class=\"elementor-icon-list-text elementor-post-info__item elementor-post-info__item--type-custom\"> #<a href=\"https:\/\/www.prensa-latina.cu\/tags\/atletismo\" rel=\"tag noopener\" target=\"_blank\">atletismo<\/a> #<a href=\"https:\/\/www.prensa-latina.cu\/tags\/cali\" rel=\"tag noopener\" target=\"_blank\">Cali<\/a> #<a href=\"https:\/\/www.prensa-latina.cu\/tags\/campeonato-mundial\" rel=\"tag noopener\" target=\"_blank\">campeonato mundial<\/a> #<a href=\"https:\/\/www.prensa-latina.cu\/tags\/colombia\" rel=\"tag noopener\" target=\"_blank\">colombia<\/a> #<a href=\"https:\/\/www.prensa-latina.cu\/tags\/decatlonista\" rel=\"tag noopener\" target=\"_blank\">decatlonista<\/a> #<a href=\"https:\/\/www.prensa-latina.cu\/tags\/josmil-sanchez\" rel=\"tag noopener\" target=\"_blank\">josmil s\u00e1nchez<\/a> #<a href=\"https:\/\/www.prensa-latina.cu\/tags\/reynaldo-espinosa\" rel=\"tag noopener\" target=\"_blank\">reynaldo espinosa<\/a> <\/span><\/li>\n<\/ul>\n<\/div>\n<\/div>\n","protected":false},"excerpt":{"rendered":"<p>Cali, Colombia, 2 ago (Prensa Latina) El decatlonista cubano Josmil S\u00e1nchez enfrenta hoy su segunda jornada de competencias por mejores<\/p>\n<div class='heateor_sss_sharing_container heateor_sss_vertical_sharing heateor_sss_bottom_sharing' style='width:44px;left: -10px;top: 100px;-webkit-box-shadow:none;box-shadow:none;' ><div class=\"heateor_sss_sharing_ul\"><a class=\"heateor_sss_amp heateor_sss_amp_facebook\" href=\"https:\/\/www.facebook.com\/sharer\/sharer.php?u=https%3A%2F%2Fwww.radiomajaguabo.icrt.cu%2Findex.php%3Frest_route%3D%252Fwp%252Fv2%252Fposts%252F223\" title=\"Facebook\" rel=\"nofollow noopener\" target=\"_blank\"><amp-img src=\"https:\/\/www.radiomajaguabo.icrt.cu\/wp-content\/plugins\/sassy-social-share\/public\/..\/images\/amp\/facebook.svg\" width=\"40\" height=\"40\" alt=\"Facebook\" class=\"amp-wp-enforced-sizes\" style=\"width: 40px;\"><\/amp-img><\/a><a class=\"heateor_sss_amp heateor_sss_amp_linkedin\" href=\"https:\/\/www.linkedin.com\/sharing\/share-offsite\/?url=https%3A%2F%2Fwww.radiomajaguabo.icrt.cu%2Findex.php%3Frest_route%3D%252Fwp%252Fv2%252Fposts%252F223\" title=\"Linkedin\" rel=\"nofollow noopener\" target=\"_blank\"><amp-img src=\"https:\/\/www.radiomajaguabo.icrt.cu\/wp-content\/plugins\/sassy-social-share\/public\/..\/images\/amp\/linkedin.svg\" width=\"40\" height=\"40\" alt=\"Linkedin\" class=\"amp-wp-enforced-sizes\" style=\"width: 40px;\"><\/amp-img><\/a><a class=\"heateor_sss_amp heateor_sss_amp_whatsapp\" href=\"https:\/\/api.whatsapp.com\/send?text=Radio%20Majaguabo%20-%20Emisora%20Radio%20Majaguabo%2C%20San%20Luis%2C%20Santiago%20de%20Cuba%2C%20Cuba%20https%3A%2F%2Fwww.radiomajaguabo.icrt.cu%2Findex.php%3Frest_route%3D%252Fwp%252Fv2%252Fposts%252F223\" title=\"Whatsapp\" rel=\"nofollow noopener\" target=\"_blank\"><amp-img src=\"https:\/\/www.radiomajaguabo.icrt.cu\/wp-content\/plugins\/sassy-social-share\/public\/..\/images\/amp\/whatsapp.svg\" width=\"40\" height=\"40\" alt=\"Whatsapp\" class=\"amp-wp-enforced-sizes\" style=\"width: 40px;\"><\/amp-img><\/a><a class=\"heateor_sss_amp heateor_sss_amp_instagram\" href=\"https:\/\/www.instagram.com\/\" title=\"Instagram\" rel=\"nofollow noopener\" target=\"_blank\"><amp-img src=\"https:\/\/www.radiomajaguabo.icrt.cu\/wp-content\/plugins\/sassy-social-share\/public\/..\/images\/amp\/instagram.svg\" width=\"40\" height=\"40\" alt=\"Instagram\" class=\"amp-wp-enforced-sizes\" style=\"width: 40px;\"><\/amp-img><\/a><a class=\"heateor_sss_amp heateor_sss_amp_x\" href=\"https:\/\/twitter.com\/intent\/tweet?text=Radio%20Majaguabo%20-%20Emisora%20Radio%20Majaguabo%2C%20San%20Luis%2C%20Santiago%20de%20Cuba%2C%20Cuba&url=https%3A%2F%2Fwww.radiomajaguabo.icrt.cu%2Findex.php%3Frest_route%3D%252Fwp%252Fv2%252Fposts%252F223\" title=\"X\" rel=\"nofollow noopener\" target=\"_blank\"><amp-img src=\"https:\/\/www.radiomajaguabo.icrt.cu\/wp-content\/plugins\/sassy-social-share\/public\/..\/images\/amp\/x.svg\" width=\"40\" height=\"40\" alt=\"X\" class=\"amp-wp-enforced-sizes\" style=\"width:40px;\"><\/amp-img><\/a><\/div><div class=\"heateorSssClear\"><\/div><\/div>","protected":false},"author":10,"featured_media":224,"comment_status":"open","ping_status":"open","sticky":false,"template":"","format":"standard","meta":{"colormag_page_layout":"default_layout","footnotes":""},"categories":[5],"tags":[142,143,23,13,141],"ppma_author":[39],"class_list":["post-223","post","type-post","status-publish","format-standard","has-post-thumbnail","hentry","category-deportes","tag-atletismo","tag-cali","tag-colombia","tag-cuba","tag-mundial-sub-20"],"authors":[{"term_id":39,"user_id":10,"is_guest":0,"slug":"prensa-latina","display_name":"Prensa Latina","avatar_url":"https:\/\/secure.gravatar.com\/avatar\/50c7a3112bb25b21ddc4cf0ff17bac923226a0d4e8814139af94a839af15e315?s=96&d=mm&r=g","author_category":"","user_url":"https:\/\/www.prensa-latina.cu","last_name":"","first_name":"Prensa Latina","job_title":"","description":""}],"amp_enabled":true,"_links":{"self":[{"href":"https:\/\/www.radiomajaguabo.icrt.cu\/index.php?rest_route=\/wp\/v2\/posts\/223","targetHints":{"allow":["GET"]}}],"collection":[{"href":"https:\/\/www.radiomajaguabo.icrt.cu\/index.php?rest_route=\/wp\/v2\/posts"}],"about":[{"href":"https:\/\/www.radiomajaguabo.icrt.cu\/index.php?rest_route=\/wp\/v2\/types\/post"}],"author":[{"embeddable":true,"href":"https:\/\/www.radiomajaguabo.icrt.cu\/index.php?rest_route=\/wp\/v2\/users\/10"}],"replies":[{"embeddable":true,"href":"https:\/\/www.radiomajaguabo.icrt.cu\/index.php?rest_route=%2Fwp%2Fv2%2Fcomments&post=223"}],"version-history":[{"count":1,"href":"https:\/\/www.radiomajaguabo.icrt.cu\/index.php?rest_route=\/wp\/v2\/posts\/223\/revisions"}],"predecessor-version":[{"id":225,"href":"https:\/\/www.radiomajaguabo.icrt.cu\/index.php?rest_route=\/wp\/v2\/posts\/223\/revisions\/225"}],"wp:featuredmedia":[{"embeddable":true,"href":"https:\/\/www.radiomajaguabo.icrt.cu\/index.php?rest_route=\/wp\/v2\/media\/224"}],"wp:attachment":[{"href":"https:\/\/www.radiomajaguabo.icrt.cu\/index.php?rest_route=%2Fwp%2Fv2%2Fmedia&parent=223"}],"wp:term":[{"taxonomy":"category","embeddable":true,"href":"https:\/\/www.radiomajaguabo.icrt.cu\/index.php?rest_route=%2Fwp%2Fv2%2Fcategories&post=223"},{"taxonomy":"post_tag","embeddable":true,"href":"https:\/\/www.radiomajaguabo.icrt.cu\/index.php?rest_route=%2Fwp%2Fv2%2Ftags&post=223"},{"taxonomy":"author","embeddable":true,"href":"https:\/\/www.radiomajaguabo.icrt.cu\/index.php?rest_route=%2Fwp%2Fv2%2Fppma_author&post=223"}],"curies":[{"name":"wp","href":"https:\/\/api.w.org\/{rel}","templated":true}]}}