{"id":2195,"date":"2026-03-13T07:27:00","date_gmt":"2026-03-13T07:27:00","guid":{"rendered":"https:\/\/www.radiomajaguabo.icrt.cu\/?p=2195"},"modified":"2026-03-12T22:51:44","modified_gmt":"2026-03-12T22:51:44","slug":"jose-antonio-echeverria-el-camino-de-la-libertad","status":"publish","type":"post","link":"https:\/\/www.radiomajaguabo.icrt.cu\/?p=2195","title":{"rendered":"Jos\u00e9 Antonio Echeverr\u00eda, el camino de la libertad"},"content":{"rendered":"<div class=\"x11i5rnm xat24cr x1mh8g0r x1vvkbs xdj266r x126k92a\">\n<div dir=\"auto\"><strong>San Luis, Santiago de Cuba, mar. 13, 26._<\/strong> En esta fecha de 1957 los j\u00f3venes del Directorio Revolucionario, (DR) protagonizaron una de las haza\u00f1as m\u00e1s relevantes de la historia de Cuba: El Ataque al Palacio Presidencial y la Toma de Radio Reloj. Hoy se cumplen 66 a\u00f1os.<\/div>\n<\/div>\n<p><!--more--><\/p>\n<div class=\"x11i5rnm xat24cr x1mh8g0r x1vvkbs xtlvy1s x126k92a\">\n<div dir=\"auto\">Ya a las 11 de la ma\u00f1ana los dos comandos que participar\u00edan en la acci\u00f3n simult\u00e1nea, estaban ubicados en los diferentes apartamentos del Vedado capitalino, en espera de la se\u00f1al para la acci\u00f3n.<\/div>\n<div dir=\"auto\"><\/div>\n<\/div>\n<div class=\"x11i5rnm xat24cr x1mh8g0r x1vvkbs xtlvy1s x126k92a\">\n<div dir=\"auto\">Con el ataque al Palacio se buscaba la eliminaci\u00f3n f\u00edsica del dictador Fulgencio Batista y con la toma de Radio Reloj anunciar su muerte y convocar a una huelga general para que el pueblo se sumara a la lucha.<\/div>\n<div dir=\"auto\"><\/div>\n<\/div>\n<div class=\"x11i5rnm xat24cr x1mh8g0r x1vvkbs xtlvy1s x126k92a\">\n<div dir=\"auto\">Aproximadamente a las tres de la tarde, un cami\u00f3n se estacion\u00f3 en el callej\u00f3n sin salida donde convergen las calles 21 y 24 en el Vedado. Del edificio aleda\u00f1o, descendi\u00f3 por las escaleras el gru\u00adpo de j\u00f3venes que ejecutar\u00eda las acciones previstas.<\/div>\n<div dir=\"auto\"><\/div>\n<\/div>\n<div class=\"x11i5rnm xat24cr x1mh8g0r x1vvkbs xtlvy1s x126k92a\">\n<div dir=\"auto\">Ya en el palacio presidencial, Carlos Gu\u00adti\u00e9rrez logra burlar la posta y llega hasta el Sal\u00f3n de los Es\u00adpejos, pero Batista ya no se encontraba en su despacho.<\/div>\n<div dir=\"auto\"><\/div>\n<\/div>\n<div class=\"x11i5rnm xat24cr x1mh8g0r x1vvkbs xtlvy1s x126k92a\">\n<div dir=\"auto\">Sin conocer que la acci\u00f3n hab\u00eda fracasado, Jos\u00e9 Antonio Echeverr\u00eda junto con Fructuoso Rodr\u00edguez y otros combatientes llegan hasta Radio Reloj y coaccionan al locutor. Es entonces cuando Jos\u00e9 Antonio realiza su alocuci\u00f3n magistral: \u201cPueblo de Cuba\u2026 En estos momentos acaba de ser ajusticiado revolucionariamente el dictador Fulgencio Batista. En su propia madriguera del Palacio Pre\u00adsi\u00adden\u00adcial, el pueblo de Cuba ha ido a ajustarle cuentas\u2026\u201d.<\/div>\n<div dir=\"auto\"><\/div>\n<\/div>\n<div class=\"x11i5rnm xat24cr x1mh8g0r x1vvkbs xtlvy1s x126k92a\">\n<div dir=\"auto\">De la emisora, se dirigen a la Universidad, para tener un contacto con los estudiantes que all\u00ed les esperaban. Mas el auto don\u00adde iba Jos\u00e9 Antonio, choc\u00f3 con un patrullero. El l\u00edder estudiantil enfrent\u00f3 a los esbirros. Va\u00adrios disparos impactaron su cuerpo y lo hicieron caer al piso. Se incorpor\u00f3 para seguir tirando, pero una r\u00e1faga termin\u00f3 con su vida.<\/div>\n<div dir=\"auto\"><\/div>\n<\/div>\n<div class=\"x11i5rnm xat24cr x1mh8g0r x1vvkbs xtlvy1s x126k92a\">\n<div dir=\"auto\">Faure Cho\u00adm\u00f3n declar\u00f3 en 1959\u2026. si Jos\u00e9 Antonio no hubiera ca\u00eddo en combate, su presencia en Palacio \u201chabr\u00eda cambiado la situaci\u00f3n. Su prestigio revolucionario ha\u00adbr\u00eda convocado a todas las fuerzas dispersas por los alrededores, em\u00adpujado a los indecisos o impuls\u00e1ndolos para rescatar el cami\u00f3n con las armas para la operaci\u00f3n de apo\u00adyo. Hoy estar\u00edamos recordando otra m\u00e1s grande batalla que la que dio aquel 13 de marzo\u201d.<\/div>\n<div dir=\"auto\"><\/div>\n<\/div>\n<div class=\"x11i5rnm xat24cr x1mh8g0r x1vvkbs xtlvy1s x126k92a\">\n<div dir=\"auto\">En su Testamento Pol\u00edtico, Jos\u00e9 Antonio afirmaba: \u201cSi caemos, que nuestra sangre se\u00f1ale el camino de la libertad. Porque, tenga o no nuestra acci\u00f3n el \u00e9xito que esperamos, la conmoci\u00f3n que originar\u00e1 nos har\u00e1 adelantar en la senda del triunfo. Pero es la acci\u00f3n del pueblo la que ser\u00e1 decisiva para alcanzarlo\u00bb<\/div>\n<div dir=\"auto\"><\/div>\n<\/div>\n<div class=\"x11i5rnm xat24cr x1mh8g0r x1vvkbs xtlvy1s x126k92a\">\n<div dir=\"auto\">Y as\u00ed fue. J\u00f3venes de toda Cuba se integraron a la lucha revolucionaria hasta alcanzar el triunfo el 1ro de enero de 1959.<\/div>\n<div dir=\"auto\"><\/div>\n<\/div>\n<div dir=\"auto\">Tomado de CMKC<\/div>\n","protected":false},"excerpt":{"rendered":"<p>San Luis, Santiago de Cuba, mar. 13, 26._ En esta fecha de 1957 los j\u00f3venes del Directorio Revolucionario, (DR) protagonizaron<\/p>\n<div class='heateor_sss_sharing_container heateor_sss_vertical_sharing heateor_sss_bottom_sharing' style='width:44px;left: -10px;top: 100px;-webkit-box-shadow:none;box-shadow:none;' ><div class=\"heateor_sss_sharing_ul\"><a class=\"heateor_sss_amp heateor_sss_amp_facebook\" href=\"https:\/\/www.facebook.com\/sharer\/sharer.php?u=https%3A%2F%2Fwww.radiomajaguabo.icrt.cu%2Findex.php%3Frest_route%3D%252Fwp%252Fv2%252Fposts%252F2195\" title=\"Facebook\" rel=\"nofollow noopener\" target=\"_blank\"><amp-img src=\"https:\/\/www.radiomajaguabo.icrt.cu\/wp-content\/plugins\/sassy-social-share\/public\/..\/images\/amp\/facebook.svg\" width=\"40\" height=\"40\" alt=\"Facebook\" class=\"amp-wp-enforced-sizes\" style=\"width: 40px;\"><\/amp-img><\/a><a class=\"heateor_sss_amp heateor_sss_amp_linkedin\" href=\"https:\/\/www.linkedin.com\/sharing\/share-offsite\/?url=https%3A%2F%2Fwww.radiomajaguabo.icrt.cu%2Findex.php%3Frest_route%3D%252Fwp%252Fv2%252Fposts%252F2195\" title=\"Linkedin\" rel=\"nofollow noopener\" target=\"_blank\"><amp-img src=\"https:\/\/www.radiomajaguabo.icrt.cu\/wp-content\/plugins\/sassy-social-share\/public\/..\/images\/amp\/linkedin.svg\" width=\"40\" height=\"40\" alt=\"Linkedin\" class=\"amp-wp-enforced-sizes\" style=\"width: 40px;\"><\/amp-img><\/a><a class=\"heateor_sss_amp heateor_sss_amp_whatsapp\" href=\"https:\/\/api.whatsapp.com\/send?text=Radio%20Majaguabo%20-%20Emisora%20Radio%20Majaguabo%2C%20San%20Luis%2C%20Santiago%20de%20Cuba%2C%20Cuba%20https%3A%2F%2Fwww.radiomajaguabo.icrt.cu%2Findex.php%3Frest_route%3D%252Fwp%252Fv2%252Fposts%252F2195\" title=\"Whatsapp\" rel=\"nofollow noopener\" target=\"_blank\"><amp-img src=\"https:\/\/www.radiomajaguabo.icrt.cu\/wp-content\/plugins\/sassy-social-share\/public\/..\/images\/amp\/whatsapp.svg\" width=\"40\" height=\"40\" alt=\"Whatsapp\" class=\"amp-wp-enforced-sizes\" style=\"width: 40px;\"><\/amp-img><\/a><a class=\"heateor_sss_amp heateor_sss_amp_instagram\" href=\"https:\/\/www.instagram.com\/\" title=\"Instagram\" rel=\"nofollow noopener\" target=\"_blank\"><amp-img src=\"https:\/\/www.radiomajaguabo.icrt.cu\/wp-content\/plugins\/sassy-social-share\/public\/..\/images\/amp\/instagram.svg\" width=\"40\" height=\"40\" alt=\"Instagram\" class=\"amp-wp-enforced-sizes\" style=\"width: 40px;\"><\/amp-img><\/a><a class=\"heateor_sss_amp heateor_sss_amp_x\" href=\"https:\/\/twitter.com\/intent\/tweet?text=Radio%20Majaguabo%20-%20Emisora%20Radio%20Majaguabo%2C%20San%20Luis%2C%20Santiago%20de%20Cuba%2C%20Cuba&url=https%3A%2F%2Fwww.radiomajaguabo.icrt.cu%2Findex.php%3Frest_route%3D%252Fwp%252Fv2%252Fposts%252F2195\" title=\"X\" rel=\"nofollow noopener\" target=\"_blank\"><amp-img src=\"https:\/\/www.radiomajaguabo.icrt.cu\/wp-content\/plugins\/sassy-social-share\/public\/..\/images\/amp\/x.svg\" width=\"40\" height=\"40\" alt=\"X\" class=\"amp-wp-enforced-sizes\" style=\"width:40px;\"><\/amp-img><\/a><\/div><div class=\"heateorSssClear\"><\/div><\/div>","protected":false},"author":1,"featured_media":2202,"comment_status":"open","ping_status":"open","sticky":false,"template":"","format":"standard","meta":{"colormag_page_layout":"default_layout","footnotes":""},"categories":[9,6,10],"tags":[13,851,853,852],"ppma_author":[37,296],"class_list":["post-2195","post","type-post","status-publish","format-standard","has-post-thumbnail","hentry","category-historia","category-cultura","category-san-luis","tag-cuba","tag-jose-antonio-echeverria","tag-palacio-presidencial","tag-radio-reloj"],"authors":[{"term_id":37,"user_id":1,"is_guest":0,"slug":"alberterie","display_name":"Administrador","avatar_url":"https:\/\/secure.gravatar.com\/avatar\/c7c20c93c5f4c81e7a7dc9b02a42095ae8875c9af446129683aaa06faf7fd1f3?s=96&d=mm&r=g","author_category":"","user_url":"https:\/\/www.radiomajaguabo.icrt.cu","last_name":"Alberterie Rivero","first_name":"Pedro","job_title":"","description":""},{"term_id":296,"user_id":2,"is_guest":0,"slug":"marieta","display_name":"Marieta de la Fe Rivero","avatar_url":"https:\/\/secure.gravatar.com\/avatar\/7c279ce23eb2256067fd230f2fc8cd09aad64c0444d42e1ce12ec1d1ffc7413f?s=96&d=mm&r=g","author_category":"","user_url":"https:\/\/www.radiomajaguabo.icrt.cu","last_name":"de la Fe Rivero","first_name":"Marieta","job_title":"","description":""}],"amp_enabled":true,"_links":{"self":[{"href":"https:\/\/www.radiomajaguabo.icrt.cu\/index.php?rest_route=\/wp\/v2\/posts\/2195","targetHints":{"allow":["GET"]}}],"collection":[{"href":"https:\/\/www.radiomajaguabo.icrt.cu\/index.php?rest_route=\/wp\/v2\/posts"}],"about":[{"href":"https:\/\/www.radiomajaguabo.icrt.cu\/index.php?rest_route=\/wp\/v2\/types\/post"}],"author":[{"embeddable":true,"href":"https:\/\/www.radiomajaguabo.icrt.cu\/index.php?rest_route=\/wp\/v2\/users\/1"}],"replies":[{"embeddable":true,"href":"https:\/\/www.radiomajaguabo.icrt.cu\/index.php?rest_route=%2Fwp%2Fv2%2Fcomments&post=2195"}],"version-history":[{"count":3,"href":"https:\/\/www.radiomajaguabo.icrt.cu\/index.php?rest_route=\/wp\/v2\/posts\/2195\/revisions"}],"predecessor-version":[{"id":13861,"href":"https:\/\/www.radiomajaguabo.icrt.cu\/index.php?rest_route=\/wp\/v2\/posts\/2195\/revisions\/13861"}],"wp:featuredmedia":[{"embeddable":true,"href":"https:\/\/www.radiomajaguabo.icrt.cu\/index.php?rest_route=\/wp\/v2\/media\/2202"}],"wp:attachment":[{"href":"https:\/\/www.radiomajaguabo.icrt.cu\/index.php?rest_route=%2Fwp%2Fv2%2Fmedia&parent=2195"}],"wp:term":[{"taxonomy":"category","embeddable":true,"href":"https:\/\/www.radiomajaguabo.icrt.cu\/index.php?rest_route=%2Fwp%2Fv2%2Fcategories&post=2195"},{"taxonomy":"post_tag","embeddable":true,"href":"https:\/\/www.radiomajaguabo.icrt.cu\/index.php?rest_route=%2Fwp%2Fv2%2Ftags&post=2195"},{"taxonomy":"author","embeddable":true,"href":"https:\/\/www.radiomajaguabo.icrt.cu\/index.php?rest_route=%2Fwp%2Fv2%2Fppma_author&post=2195"}],"curies":[{"name":"wp","href":"https:\/\/api.w.org\/{rel}","templated":true}]}}