{"id":208,"date":"2022-07-19T16:20:11","date_gmt":"2022-07-19T16:20:11","guid":{"rendered":"https:\/\/localhost\/radiomajaguabo\/?p=208"},"modified":"2022-07-19T16:20:11","modified_gmt":"2022-07-19T16:20:11","slug":"afirman-que-cuba-solucionara-dificultades-electroenergeticas","status":"publish","type":"post","link":"https:\/\/www.radiomajaguabo.icrt.cu\/?p=208","title":{"rendered":"Afirman que Cuba solucionar\u00e1 dificultades electroenerg\u00e9ticas"},"content":{"rendered":"<div class=\"elementor-element elementor-element-44014e52 elementor-widget elementor-widget-theme-post-excerpt\" data-id=\"44014e52\" data-element_type=\"widget\" data-widget_type=\"theme-post-excerpt.default\">\n<div class=\"elementor-widget-container\">La Habana, 19 jul (Prensa Latina) Ante la compleja y tensa situaci\u00f3n electronenerg\u00e9tica que hoy afronta Cuba, autoridades del sector aseguraron que hay soluciones graduales para recuperar capacidades, pese a las limitaciones de recursos materiales y combustible.<\/div>\n<\/div>\n<p><!--more--><\/p>\n<div class=\"elementor-element elementor-element-27865fbc elementor-share-buttons--view-icon elementor-share-buttons--skin-minimal elementor-share-buttons--shape-circle elementor-share-buttons--color-custom elementor-grid-0 elementor-widget elementor-widget-share-buttons\" data-id=\"27865fbc\" data-element_type=\"widget\" data-widget_type=\"share-buttons.default\">\n<div class=\"elementor-widget-container\">\n<div class=\"elementor-grid\">\n<div class=\"elementor-grid-item\"><\/div>\n<\/div>\n<\/div>\n<\/div>\n<div class=\"elementor-element elementor-element-560e1f7e elementor-widget elementor-widget-theme-post-content\" data-id=\"560e1f7e\" data-element_type=\"widget\" data-widget_type=\"theme-post-content.default\">\n<div class=\"elementor-widget-container\">\n<p>El ministro de Energ\u00eda y Minas de Cuba, Liv\u00e1n Arronte, y directivos de la Uni\u00f3n El\u00e9ctrica explicaron detalles de las casusas de la baja disponibilidad que tiene el servicio el\u00e9ctrico, que afectan tanto a la poblaci\u00f3n como a la econom\u00eda nacional.<\/p>\n<p>Las reservas de operaci\u00f3n del sistema el\u00e9ctrico son insuficientes para cubrir la demanda, por lo que se hace inevitable la afectaci\u00f3n al servicio, o sea los molestos apagones.<\/p>\n<p>De acuerdo con el ministro, las actuales dificultades tienen que ver con la inestabilidad en las unidades de generaci\u00f3n que operan con ineficiencia por la falta de mantenimientos, limitaciones e inestabilidad con los combustibles, fundamentalmente el di\u00e9sel.<\/p>\n<p>A ello se a\u00f1ade el aumento de la demanda por el incremento de la temperatura durante el veano.<\/p>\n<p>Arronte se\u00f1al\u00f3 que sostener el sistema el\u00e9ctrico resulta costoso.<\/p>\n<p>\u201cEn medio de la dif\u00edcil situaci\u00f3n econ\u00f3mica que enfrentamos se hace un gran esfuerzo para destinar los recursos financieros que necesita la generaci\u00f3n el\u00e9ctrica, sin embargo, no ha sido posible asegurarlos todos\u201d, expres\u00f3.<\/p>\n<p>El Sistema Electroenerg\u00e9tico Nacional (SEN) tiene una potencia instalada de seis mil 558 mega watts (mw) y en estos momentos el promedio disponible es de dos mil 500, con demandas en los horarios picos por encima de dos mil 900 mw.<\/p>\n<p>Acot\u00f3 que la generaci\u00f3n t\u00e9rmica base del sistema tiene una obsolescencia tecnol\u00f3gica importante, de 20 unidades 19 tienen como promedio 37 a\u00f1os de operaci\u00f3n y m\u00e1s 220 mil horas, indicadores que en el mundo son de alrededor de 25 a\u00f1os y 200 mil horas.<\/p>\n<p>En el espacio radiotelevisivo Mesa Redonda se explicaron los inconvenientes y que las respuestas llevan tiempo, recursos materiales, financiamiento, e insumos para la producci\u00f3n nacional de partes y piezas, muchos de los cuales ya se importan.<\/p>\n<p>Insisti\u00f3 que desde junio de 2021 el SEN trabaja con baja disponibilidad por mantenimientos incumplidos y limitaciones de combustibles por el recrudecimiento del bloqueo de Estados Unidos, que provoca un marcado impacto en el sector energ\u00e9tico por el aumento de los precios de insumos y materias primas.<\/p>\n<p>El director de Generaci\u00f3n T\u00e9cnica de la Uni\u00f3n El\u00e9ctrica, ingeniero Edier Guzm\u00e1n, precis\u00f3 que a esos factores se sum\u00f3 un incendio en la unidad dos de la central t\u00e9rmica Lidio Ram\u00f3n P\u00e9rez, de Holgu\u00edn, en el oriente del pa\u00eds.<\/p>\n<p>Indic\u00f3 que las piezas da\u00f1adas que dieron lugar al fuego del pasado 8 de julio permanecen bajo estudio, pero est\u00e1 excluida la posibilidad de que el fallo fuera provocado o producto de un mal manejo.<\/p>\n<p>acl\/crc<\/p>\n<\/div>\n<\/div>\n<div class=\"elementor-element elementor-element-1fdbd0a elementor-widget elementor-widget-post-info\" data-id=\"1fdbd0a\" data-element_type=\"widget\" data-widget_type=\"post-info.default\">\n<div class=\"elementor-widget-container\">\n<ul class=\"elementor-inline-items elementor-icon-list-items elementor-post-info\">\n<li class=\"elementor-icon-list-item elementor-repeater-item-170494c elementor-inline-item\"><span class=\"elementor-icon-list-text elementor-post-info__item elementor-post-info__item--type-custom\"> #<a href=\"https:\/\/www.prensa-latina.cu\/tags\/cuba\" rel=\"tag noopener\" target=\"_blank\">cuba<\/a> #<a href=\"https:\/\/www.prensa-latina.cu\/tags\/electronenergetica\" rel=\"tag noopener\" target=\"_blank\">electronenerg\u00e9tica<\/a> #<a href=\"https:\/\/www.prensa-latina.cu\/tags\/enegia\" rel=\"tag noopener\" target=\"_blank\">enegia<\/a> <\/span><\/li>\n<\/ul>\n<\/div>\n<\/div>\n","protected":false},"excerpt":{"rendered":"<p>La Habana, 19 jul (Prensa Latina) Ante la compleja y tensa situaci\u00f3n electronenerg\u00e9tica que hoy afronta Cuba, autoridades del sector<\/p>\n<div class='heateor_sss_sharing_container heateor_sss_vertical_sharing heateor_sss_bottom_sharing' style='width:44px;left: -10px;top: 100px;-webkit-box-shadow:none;box-shadow:none;' ><div class=\"heateor_sss_sharing_ul\"><a class=\"heateor_sss_amp heateor_sss_amp_facebook\" href=\"https:\/\/www.facebook.com\/sharer\/sharer.php?u=https%3A%2F%2Fwww.radiomajaguabo.icrt.cu%2Findex.php%3Frest_route%3D%252Fwp%252Fv2%252Fposts%252F208\" title=\"Facebook\" rel=\"nofollow noopener\" target=\"_blank\"><amp-img src=\"https:\/\/www.radiomajaguabo.icrt.cu\/wp-content\/plugins\/sassy-social-share\/public\/..\/images\/amp\/facebook.svg\" width=\"40\" height=\"40\" alt=\"Facebook\" class=\"amp-wp-enforced-sizes\" style=\"width: 40px;\"><\/amp-img><\/a><a class=\"heateor_sss_amp heateor_sss_amp_linkedin\" href=\"https:\/\/www.linkedin.com\/sharing\/share-offsite\/?url=https%3A%2F%2Fwww.radiomajaguabo.icrt.cu%2Findex.php%3Frest_route%3D%252Fwp%252Fv2%252Fposts%252F208\" title=\"Linkedin\" rel=\"nofollow noopener\" target=\"_blank\"><amp-img src=\"https:\/\/www.radiomajaguabo.icrt.cu\/wp-content\/plugins\/sassy-social-share\/public\/..\/images\/amp\/linkedin.svg\" width=\"40\" height=\"40\" alt=\"Linkedin\" class=\"amp-wp-enforced-sizes\" style=\"width: 40px;\"><\/amp-img><\/a><a class=\"heateor_sss_amp heateor_sss_amp_whatsapp\" href=\"https:\/\/api.whatsapp.com\/send?text=Radio%20Majaguabo%20-%20Emisora%20Radio%20Majaguabo%2C%20San%20Luis%2C%20Santiago%20de%20Cuba%2C%20Cuba%20https%3A%2F%2Fwww.radiomajaguabo.icrt.cu%2Findex.php%3Frest_route%3D%252Fwp%252Fv2%252Fposts%252F208\" title=\"Whatsapp\" rel=\"nofollow noopener\" target=\"_blank\"><amp-img src=\"https:\/\/www.radiomajaguabo.icrt.cu\/wp-content\/plugins\/sassy-social-share\/public\/..\/images\/amp\/whatsapp.svg\" width=\"40\" height=\"40\" alt=\"Whatsapp\" class=\"amp-wp-enforced-sizes\" style=\"width: 40px;\"><\/amp-img><\/a><a class=\"heateor_sss_amp heateor_sss_amp_instagram\" href=\"https:\/\/www.instagram.com\/\" title=\"Instagram\" rel=\"nofollow noopener\" target=\"_blank\"><amp-img src=\"https:\/\/www.radiomajaguabo.icrt.cu\/wp-content\/plugins\/sassy-social-share\/public\/..\/images\/amp\/instagram.svg\" width=\"40\" height=\"40\" alt=\"Instagram\" class=\"amp-wp-enforced-sizes\" style=\"width: 40px;\"><\/amp-img><\/a><a class=\"heateor_sss_amp heateor_sss_amp_x\" href=\"https:\/\/twitter.com\/intent\/tweet?text=Radio%20Majaguabo%20-%20Emisora%20Radio%20Majaguabo%2C%20San%20Luis%2C%20Santiago%20de%20Cuba%2C%20Cuba&url=https%3A%2F%2Fwww.radiomajaguabo.icrt.cu%2Findex.php%3Frest_route%3D%252Fwp%252Fv2%252Fposts%252F208\" title=\"X\" rel=\"nofollow noopener\" target=\"_blank\"><amp-img src=\"https:\/\/www.radiomajaguabo.icrt.cu\/wp-content\/plugins\/sassy-social-share\/public\/..\/images\/amp\/x.svg\" width=\"40\" height=\"40\" alt=\"X\" class=\"amp-wp-enforced-sizes\" style=\"width:40px;\"><\/amp-img><\/a><\/div><div class=\"heateorSssClear\"><\/div><\/div>","protected":false},"author":10,"featured_media":209,"comment_status":"open","ping_status":"open","sticky":false,"template":"","format":"standard","meta":{"colormag_page_layout":"default_layout","footnotes":""},"categories":[8],"tags":[13,133,134],"ppma_author":[39],"class_list":["post-208","post","type-post","status-publish","format-standard","has-post-thumbnail","hentry","category-nacionales","tag-cuba","tag-sistema-electroenergetico-nacional","tag-union-electrica"],"authors":[{"term_id":39,"user_id":10,"is_guest":0,"slug":"prensa-latina","display_name":"Prensa Latina","avatar_url":"https:\/\/secure.gravatar.com\/avatar\/50c7a3112bb25b21ddc4cf0ff17bac923226a0d4e8814139af94a839af15e315?s=96&d=mm&r=g","author_category":"","user_url":"https:\/\/www.prensa-latina.cu","last_name":"","first_name":"Prensa Latina","job_title":"","description":""}],"amp_enabled":true,"_links":{"self":[{"href":"https:\/\/www.radiomajaguabo.icrt.cu\/index.php?rest_route=\/wp\/v2\/posts\/208","targetHints":{"allow":["GET"]}}],"collection":[{"href":"https:\/\/www.radiomajaguabo.icrt.cu\/index.php?rest_route=\/wp\/v2\/posts"}],"about":[{"href":"https:\/\/www.radiomajaguabo.icrt.cu\/index.php?rest_route=\/wp\/v2\/types\/post"}],"author":[{"embeddable":true,"href":"https:\/\/www.radiomajaguabo.icrt.cu\/index.php?rest_route=\/wp\/v2\/users\/10"}],"replies":[{"embeddable":true,"href":"https:\/\/www.radiomajaguabo.icrt.cu\/index.php?rest_route=%2Fwp%2Fv2%2Fcomments&post=208"}],"version-history":[{"count":1,"href":"https:\/\/www.radiomajaguabo.icrt.cu\/index.php?rest_route=\/wp\/v2\/posts\/208\/revisions"}],"predecessor-version":[{"id":210,"href":"https:\/\/www.radiomajaguabo.icrt.cu\/index.php?rest_route=\/wp\/v2\/posts\/208\/revisions\/210"}],"wp:featuredmedia":[{"embeddable":true,"href":"https:\/\/www.radiomajaguabo.icrt.cu\/index.php?rest_route=\/wp\/v2\/media\/209"}],"wp:attachment":[{"href":"https:\/\/www.radiomajaguabo.icrt.cu\/index.php?rest_route=%2Fwp%2Fv2%2Fmedia&parent=208"}],"wp:term":[{"taxonomy":"category","embeddable":true,"href":"https:\/\/www.radiomajaguabo.icrt.cu\/index.php?rest_route=%2Fwp%2Fv2%2Fcategories&post=208"},{"taxonomy":"post_tag","embeddable":true,"href":"https:\/\/www.radiomajaguabo.icrt.cu\/index.php?rest_route=%2Fwp%2Fv2%2Ftags&post=208"},{"taxonomy":"author","embeddable":true,"href":"https:\/\/www.radiomajaguabo.icrt.cu\/index.php?rest_route=%2Fwp%2Fv2%2Fppma_author&post=208"}],"curies":[{"name":"wp","href":"https:\/\/api.w.org\/{rel}","templated":true}]}}