{"id":2033,"date":"2023-02-24T14:23:19","date_gmt":"2023-02-24T14:23:19","guid":{"rendered":"https:\/\/www.radiomajaguabo.icrt.cu\/?p=2033"},"modified":"2023-02-24T14:23:19","modified_gmt":"2023-02-24T14:23:19","slug":"despiden-a-jovenes-sanluiseros-que-cumpliran-el-servicio-militar-activo","status":"publish","type":"post","link":"https:\/\/www.radiomajaguabo.icrt.cu\/?p=2033","title":{"rendered":"Despiden a j\u00f3venes sanluiseros que cumplir\u00e1n el Servicio Militar Activo"},"content":{"rendered":"<p><strong>San Luis, Santiago de Cuba, feb. 24, 23. _<\/strong> Recientemente, la Uni\u00f3n de J\u00f3venes Comunistas (UJC) de conjunto con la Asociaci\u00f3n de Combatientes de la Revoluci\u00f3n Cubana (ACRC) y efectivos de las Fuerzas Armadas Revolucionarias del sector militar aqu\u00ed realizaron el acto de despedida a los j\u00f3venes sanluiseros que cumplir\u00e1n el Servicio Militar Activo.<!--more--><\/p>\n<p>Cincuenta muchachos de todo el municipio junto a dirigentes del Sector Militar y de las organizaciones pol\u00edticas y de masas del territorio y familiares, se reunieron en las cercan\u00edas de la Plaza Roja antes de partir a cumplir con el deber de todo cubano.<\/p>\n<p>Los j\u00f3venes presentes en el acto ratificaron su voluntad de preparaci\u00f3n, para defender su patria siempre que sea necesario y puntualizaron \u201c<em>que el servicio es una escuela donde lo prepararan integralmente para la vida\u201d.<\/em><\/p>\n<p><img loading=\"lazy\" decoding=\"async\" class=\" wp-image-2040 aligncenter\" src=\"https:\/\/www.radiomajaguabo.icrt.cu\/wp-content\/uploads\/2023\/02\/servicio3-300x225.jpg\" alt=\"\" width=\"512\" height=\"384\" srcset=\"https:\/\/www.radiomajaguabo.icrt.cu\/wp-content\/uploads\/2023\/02\/servicio3-300x225.jpg 300w, https:\/\/www.radiomajaguabo.icrt.cu\/wp-content\/uploads\/2023\/02\/servicio3-1024x768.jpg 1024w, https:\/\/www.radiomajaguabo.icrt.cu\/wp-content\/uploads\/2023\/02\/servicio3-768x576.jpg 768w, https:\/\/www.radiomajaguabo.icrt.cu\/wp-content\/uploads\/2023\/02\/servicio3-1536x1152.jpg 1536w, https:\/\/www.radiomajaguabo.icrt.cu\/wp-content\/uploads\/2023\/02\/servicio3.jpg 1632w\" sizes=\"auto, (max-width: 512px) 100vw, 512px\" \/><\/p>\n<p><img loading=\"lazy\" decoding=\"async\" class=\" wp-image-2039 aligncenter\" src=\"https:\/\/www.radiomajaguabo.icrt.cu\/wp-content\/uploads\/2023\/02\/servicio2-300x225.jpg\" alt=\"\" width=\"501\" height=\"376\" srcset=\"https:\/\/www.radiomajaguabo.icrt.cu\/wp-content\/uploads\/2023\/02\/servicio2-300x225.jpg 300w, https:\/\/www.radiomajaguabo.icrt.cu\/wp-content\/uploads\/2023\/02\/servicio2-1024x768.jpg 1024w, https:\/\/www.radiomajaguabo.icrt.cu\/wp-content\/uploads\/2023\/02\/servicio2-768x576.jpg 768w, https:\/\/www.radiomajaguabo.icrt.cu\/wp-content\/uploads\/2023\/02\/servicio2-1536x1152.jpg 1536w, https:\/\/www.radiomajaguabo.icrt.cu\/wp-content\/uploads\/2023\/02\/servicio2.jpg 1632w\" sizes=\"auto, (max-width: 501px) 100vw, 501px\" \/><\/p>\n<p>El Servicio Militar Activo y el Voluntario Femenino constituyen una de las v\u00edas principales que permiten a los ciudadanos cubanos, de ambos sexos, cumplir el honroso deber de servir con las armas a la patria, destac\u00f3 Yaima God\u00ednez, Miembro del Bur\u00f3 de la UJC en San Luis que atiende la Esfera de J\u00f3venes Trabajadores y Combatientes.<\/p>\n<p>En el caso de las mujeres las \u00c1reas de atenciones en cada Consejo Popular (comunidad) desempe\u00f1an un papel determinante, pues en estos lugares se orienta a cada f\u00e9mina interesada en tan importante compromiso con el pa\u00eds. Durante los dos a\u00f1os reglamentarios de preparaci\u00f3n militar, los j\u00f3venes tienen la posibilidad de capacitarse para enfrentar la posibilidad real de una agresi\u00f3n militar.<\/p>\n<p>La naci\u00f3n cubana no puede contar \u00fanicamente con soldados profesionales, por eso se instruye a todos bajo los principios de la guerra de todo el pueblo, de ah\u00ed la importancia de que las m\u00e1s j\u00f3venes generaciones se dispongan hasta alcanzar la preparaci\u00f3n militar requerida.<\/p>\n<p>&nbsp;<\/p>\n","protected":false},"excerpt":{"rendered":"<p>San Luis, Santiago de Cuba, feb. 24, 23. _ Recientemente, la Uni\u00f3n de J\u00f3venes Comunistas (UJC) de conjunto con la<\/p>\n<div class='heateor_sss_sharing_container heateor_sss_vertical_sharing heateor_sss_bottom_sharing' style='width:44px;left: -10px;top: 100px;-webkit-box-shadow:none;box-shadow:none;' ><div class=\"heateor_sss_sharing_ul\"><a class=\"heateor_sss_amp heateor_sss_amp_facebook\" href=\"https:\/\/www.facebook.com\/sharer\/sharer.php?u=https%3A%2F%2Fwww.radiomajaguabo.icrt.cu%2Findex.php%3Frest_route%3D%252Fwp%252Fv2%252Fposts%252F2033\" title=\"Facebook\" rel=\"nofollow noopener\" target=\"_blank\"><amp-img src=\"https:\/\/www.radiomajaguabo.icrt.cu\/wp-content\/plugins\/sassy-social-share\/public\/..\/images\/amp\/facebook.svg\" width=\"40\" height=\"40\" alt=\"Facebook\" class=\"amp-wp-enforced-sizes\" style=\"width: 40px;\"><\/amp-img><\/a><a class=\"heateor_sss_amp heateor_sss_amp_linkedin\" href=\"https:\/\/www.linkedin.com\/sharing\/share-offsite\/?url=https%3A%2F%2Fwww.radiomajaguabo.icrt.cu%2Findex.php%3Frest_route%3D%252Fwp%252Fv2%252Fposts%252F2033\" title=\"Linkedin\" rel=\"nofollow noopener\" target=\"_blank\"><amp-img src=\"https:\/\/www.radiomajaguabo.icrt.cu\/wp-content\/plugins\/sassy-social-share\/public\/..\/images\/amp\/linkedin.svg\" width=\"40\" height=\"40\" alt=\"Linkedin\" class=\"amp-wp-enforced-sizes\" style=\"width: 40px;\"><\/amp-img><\/a><a class=\"heateor_sss_amp heateor_sss_amp_whatsapp\" href=\"https:\/\/api.whatsapp.com\/send?text=Radio%20Majaguabo%20-%20Emisora%20Radio%20Majaguabo%2C%20San%20Luis%2C%20Santiago%20de%20Cuba%2C%20Cuba%20https%3A%2F%2Fwww.radiomajaguabo.icrt.cu%2Findex.php%3Frest_route%3D%252Fwp%252Fv2%252Fposts%252F2033\" title=\"Whatsapp\" rel=\"nofollow noopener\" target=\"_blank\"><amp-img src=\"https:\/\/www.radiomajaguabo.icrt.cu\/wp-content\/plugins\/sassy-social-share\/public\/..\/images\/amp\/whatsapp.svg\" width=\"40\" height=\"40\" alt=\"Whatsapp\" class=\"amp-wp-enforced-sizes\" style=\"width: 40px;\"><\/amp-img><\/a><a class=\"heateor_sss_amp heateor_sss_amp_instagram\" href=\"https:\/\/www.instagram.com\/\" title=\"Instagram\" rel=\"nofollow noopener\" target=\"_blank\"><amp-img src=\"https:\/\/www.radiomajaguabo.icrt.cu\/wp-content\/plugins\/sassy-social-share\/public\/..\/images\/amp\/instagram.svg\" width=\"40\" height=\"40\" alt=\"Instagram\" class=\"amp-wp-enforced-sizes\" style=\"width: 40px;\"><\/amp-img><\/a><a class=\"heateor_sss_amp heateor_sss_amp_x\" href=\"https:\/\/twitter.com\/intent\/tweet?text=Radio%20Majaguabo%20-%20Emisora%20Radio%20Majaguabo%2C%20San%20Luis%2C%20Santiago%20de%20Cuba%2C%20Cuba&url=https%3A%2F%2Fwww.radiomajaguabo.icrt.cu%2Findex.php%3Frest_route%3D%252Fwp%252Fv2%252Fposts%252F2033\" title=\"X\" rel=\"nofollow noopener\" target=\"_blank\"><amp-img src=\"https:\/\/www.radiomajaguabo.icrt.cu\/wp-content\/plugins\/sassy-social-share\/public\/..\/images\/amp\/x.svg\" width=\"40\" height=\"40\" alt=\"X\" class=\"amp-wp-enforced-sizes\" style=\"width:40px;\"><\/amp-img><\/a><\/div><div class=\"heateorSssClear\"><\/div><\/div>","protected":false},"author":17,"featured_media":2038,"comment_status":"open","ping_status":"open","sticky":false,"template":"","format":"standard","meta":{"colormag_page_layout":"default_layout","footnotes":""},"categories":[10,9],"tags":[482,304,808],"ppma_author":[802],"class_list":["post-2033","post","type-post","status-publish","format-standard","has-post-thumbnail","hentry","category-san-luis","category-historia","tag-jovenes","tag-san-luis","tag-servicio-militar"],"authors":[{"term_id":802,"user_id":17,"is_guest":0,"slug":"ailin-viltre-nuviola","display_name":"Ail\u00edn Viltre Nuviola","avatar_url":"https:\/\/secure.gravatar.com\/avatar\/38db7cf9e1368f42ee206ec705534beb6afe58746c25d649c39ac2d490476010?s=96&d=mm&r=g","author_category":"","user_url":"https:\/\/www.radiomajaguabo.icrt.cu","last_name":"Viltre Nuviola","first_name":"Ail\u00edn","job_title":"","description":""}],"amp_enabled":true,"_links":{"self":[{"href":"https:\/\/www.radiomajaguabo.icrt.cu\/index.php?rest_route=\/wp\/v2\/posts\/2033","targetHints":{"allow":["GET"]}}],"collection":[{"href":"https:\/\/www.radiomajaguabo.icrt.cu\/index.php?rest_route=\/wp\/v2\/posts"}],"about":[{"href":"https:\/\/www.radiomajaguabo.icrt.cu\/index.php?rest_route=\/wp\/v2\/types\/post"}],"author":[{"embeddable":true,"href":"https:\/\/www.radiomajaguabo.icrt.cu\/index.php?rest_route=\/wp\/v2\/users\/17"}],"replies":[{"embeddable":true,"href":"https:\/\/www.radiomajaguabo.icrt.cu\/index.php?rest_route=%2Fwp%2Fv2%2Fcomments&post=2033"}],"version-history":[{"count":1,"href":"https:\/\/www.radiomajaguabo.icrt.cu\/index.php?rest_route=\/wp\/v2\/posts\/2033\/revisions"}],"predecessor-version":[{"id":2041,"href":"https:\/\/www.radiomajaguabo.icrt.cu\/index.php?rest_route=\/wp\/v2\/posts\/2033\/revisions\/2041"}],"wp:featuredmedia":[{"embeddable":true,"href":"https:\/\/www.radiomajaguabo.icrt.cu\/index.php?rest_route=\/wp\/v2\/media\/2038"}],"wp:attachment":[{"href":"https:\/\/www.radiomajaguabo.icrt.cu\/index.php?rest_route=%2Fwp%2Fv2%2Fmedia&parent=2033"}],"wp:term":[{"taxonomy":"category","embeddable":true,"href":"https:\/\/www.radiomajaguabo.icrt.cu\/index.php?rest_route=%2Fwp%2Fv2%2Fcategories&post=2033"},{"taxonomy":"post_tag","embeddable":true,"href":"https:\/\/www.radiomajaguabo.icrt.cu\/index.php?rest_route=%2Fwp%2Fv2%2Ftags&post=2033"},{"taxonomy":"author","embeddable":true,"href":"https:\/\/www.radiomajaguabo.icrt.cu\/index.php?rest_route=%2Fwp%2Fv2%2Fppma_author&post=2033"}],"curies":[{"name":"wp","href":"https:\/\/api.w.org\/{rel}","templated":true}]}}