{"id":2032,"date":"2023-02-24T14:24:35","date_gmt":"2023-02-24T14:24:35","guid":{"rendered":"https:\/\/www.radiomajaguabo.icrt.cu\/?p=2032"},"modified":"2023-02-24T14:24:35","modified_gmt":"2023-02-24T14:24:35","slug":"proyecto-sociocultural-mas-vida-llega-hasta-asentamiento-sanluisero","status":"publish","type":"post","link":"https:\/\/www.radiomajaguabo.icrt.cu\/?p=2032","title":{"rendered":"Proyecto Sociocultural M\u00e1s Vida llega hasta asentamiento sanluisero"},"content":{"rendered":"<p><strong>San Luis, Santiago de Cuba, feb. 24, 23. _<\/strong>Un envejecimiento activo y una vejez m\u00e1s satisfactoria es la premisa que gu\u00eda el trabajo de los miembros del Proyecto Sociocultural <strong>M\u00e1s Vida<\/strong>. Esta vez los integrantes llegan hasta el Consejo Popular (comunidad) Rafael Reyes.<!--more--><\/p>\n<p>Sobre las expectativas del Proyecto Sociocultural <strong>M\u00e1s Vida<\/strong> comenta Rosa Delia Ollalvides Padrosa, delegada del Consejo Popular Rafael Reyes. <em>\u201cEste Proyecto va a ser muy bueno para toda la comunidad y el Consejo, ser\u00eda muy bueno para rescatar a estas personas mayores que est\u00e1n en sus casas, va a servir de mucho aporte al pa\u00eds al poder presentar trabajos de manualidades\u201d. <\/em><\/p>\n<p><img loading=\"lazy\" decoding=\"async\" class=\" wp-image-2037 aligncenter\" src=\"https:\/\/www.radiomajaguabo.icrt.cu\/wp-content\/uploads\/2023\/02\/proyecto_mas_vida_rafael_reyes3-300x173.jpg\" alt=\"\" width=\"521\" height=\"300\" srcset=\"https:\/\/www.radiomajaguabo.icrt.cu\/wp-content\/uploads\/2023\/02\/proyecto_mas_vida_rafael_reyes3-300x173.jpg 300w, https:\/\/www.radiomajaguabo.icrt.cu\/wp-content\/uploads\/2023\/02\/proyecto_mas_vida_rafael_reyes3.jpg 640w\" sizes=\"auto, (max-width: 521px) 100vw, 521px\" \/><\/p>\n<p><img loading=\"lazy\" decoding=\"async\" class=\" wp-image-2035 aligncenter\" src=\"https:\/\/www.radiomajaguabo.icrt.cu\/wp-content\/uploads\/2023\/02\/proyecto_mas_vida_rafael_reyes1-300x138.jpg\" alt=\"\" width=\"520\" height=\"239\" srcset=\"https:\/\/www.radiomajaguabo.icrt.cu\/wp-content\/uploads\/2023\/02\/proyecto_mas_vida_rafael_reyes1-300x138.jpg 300w, https:\/\/www.radiomajaguabo.icrt.cu\/wp-content\/uploads\/2023\/02\/proyecto_mas_vida_rafael_reyes1.jpg 640w\" sizes=\"auto, (max-width: 520px) 100vw, 520px\" \/><\/p>\n<p><strong>M\u00e1s Vida<\/strong> tambi\u00e9n busca integrar en este accionar en la comunidad al grupo de trabajo social del Consejo Popular Rafael Reyes. <em>\u201cSer\u00eda una buena perspectiva para la inclusi\u00f3n de los adultos mayores a la sociedad, llev\u00e1ndoles a sus casas acciones participativas para que se vean involucrados y no se sientan aislados del resto de la poblaci\u00f3n\u201d, <\/em>explica Leidis Marian Gonz\u00e1lez Ricardo, trabajadora social de la Circunscripci\u00f3n 40.<\/p>\n<p>Tambi\u00e9n Lellanis Cu\u00f1at Hern\u00e1ndez, coordinadora del grupo de trabajo social del Consejo Popular Rafael Reyes, comparte sus consideraciones: <em>\u201cUn proyecto sobre adulto mayor es muy importante por ser esta una comunidad muy envejecida, personas dedicadas toda una vida a trabajar en la agricultura. Teniendo un conocimiento con la C\u00e1tedra del adulto Mayor y los C\u00edrculos de Abuelos podr\u00e1n relacionarse mejor con sus familias y adem\u00e1s compartir con personas de su misma edad\u201d<\/em><\/p>\n<p>Aunque los or\u00edgenes del Proyecto Sociocultural <strong>M\u00e1s Vida<\/strong> est\u00e1n en el Consejo Popular Dos Caminos, su extensi\u00f3n hacia Rafael Reyes tambi\u00e9n contribuir\u00e1 al perfeccionamiento del Programa del Adulto Mayor y al mejoramiento de la calidad de vida de las personas de esta edad en la comunidad<\/p>\n","protected":false},"excerpt":{"rendered":"<p>San Luis, Santiago de Cuba, feb. 24, 23. _Un envejecimiento activo y una vejez m\u00e1s satisfactoria es la premisa que<\/p>\n<div class='heateor_sss_sharing_container heateor_sss_vertical_sharing heateor_sss_bottom_sharing' style='width:44px;left: -10px;top: 100px;-webkit-box-shadow:none;box-shadow:none;' ><div class=\"heateor_sss_sharing_ul\"><a class=\"heateor_sss_amp heateor_sss_amp_facebook\" href=\"https:\/\/www.facebook.com\/sharer\/sharer.php?u=https%3A%2F%2Fwww.radiomajaguabo.icrt.cu%2Findex.php%3Frest_route%3D%252Fwp%252Fv2%252Fposts%252F2032\" title=\"Facebook\" rel=\"nofollow noopener\" target=\"_blank\"><amp-img src=\"https:\/\/www.radiomajaguabo.icrt.cu\/wp-content\/plugins\/sassy-social-share\/public\/..\/images\/amp\/facebook.svg\" width=\"40\" height=\"40\" alt=\"Facebook\" class=\"amp-wp-enforced-sizes\" style=\"width: 40px;\"><\/amp-img><\/a><a class=\"heateor_sss_amp heateor_sss_amp_linkedin\" href=\"https:\/\/www.linkedin.com\/sharing\/share-offsite\/?url=https%3A%2F%2Fwww.radiomajaguabo.icrt.cu%2Findex.php%3Frest_route%3D%252Fwp%252Fv2%252Fposts%252F2032\" title=\"Linkedin\" rel=\"nofollow noopener\" target=\"_blank\"><amp-img src=\"https:\/\/www.radiomajaguabo.icrt.cu\/wp-content\/plugins\/sassy-social-share\/public\/..\/images\/amp\/linkedin.svg\" width=\"40\" height=\"40\" alt=\"Linkedin\" class=\"amp-wp-enforced-sizes\" style=\"width: 40px;\"><\/amp-img><\/a><a class=\"heateor_sss_amp heateor_sss_amp_whatsapp\" href=\"https:\/\/api.whatsapp.com\/send?text=Radio%20Majaguabo%20-%20Emisora%20Radio%20Majaguabo%2C%20San%20Luis%2C%20Santiago%20de%20Cuba%2C%20Cuba%20https%3A%2F%2Fwww.radiomajaguabo.icrt.cu%2Findex.php%3Frest_route%3D%252Fwp%252Fv2%252Fposts%252F2032\" title=\"Whatsapp\" rel=\"nofollow noopener\" target=\"_blank\"><amp-img src=\"https:\/\/www.radiomajaguabo.icrt.cu\/wp-content\/plugins\/sassy-social-share\/public\/..\/images\/amp\/whatsapp.svg\" width=\"40\" height=\"40\" alt=\"Whatsapp\" class=\"amp-wp-enforced-sizes\" style=\"width: 40px;\"><\/amp-img><\/a><a class=\"heateor_sss_amp heateor_sss_amp_instagram\" href=\"https:\/\/www.instagram.com\/\" title=\"Instagram\" rel=\"nofollow noopener\" target=\"_blank\"><amp-img src=\"https:\/\/www.radiomajaguabo.icrt.cu\/wp-content\/plugins\/sassy-social-share\/public\/..\/images\/amp\/instagram.svg\" width=\"40\" height=\"40\" alt=\"Instagram\" class=\"amp-wp-enforced-sizes\" style=\"width: 40px;\"><\/amp-img><\/a><a class=\"heateor_sss_amp heateor_sss_amp_x\" href=\"https:\/\/twitter.com\/intent\/tweet?text=Radio%20Majaguabo%20-%20Emisora%20Radio%20Majaguabo%2C%20San%20Luis%2C%20Santiago%20de%20Cuba%2C%20Cuba&url=https%3A%2F%2Fwww.radiomajaguabo.icrt.cu%2Findex.php%3Frest_route%3D%252Fwp%252Fv2%252Fposts%252F2032\" title=\"X\" rel=\"nofollow noopener\" target=\"_blank\"><amp-img src=\"https:\/\/www.radiomajaguabo.icrt.cu\/wp-content\/plugins\/sassy-social-share\/public\/..\/images\/amp\/x.svg\" width=\"40\" height=\"40\" alt=\"X\" class=\"amp-wp-enforced-sizes\" style=\"width:40px;\"><\/amp-img><\/a><\/div><div class=\"heateorSssClear\"><\/div><\/div>","protected":false},"author":17,"featured_media":2036,"comment_status":"open","ping_status":"open","sticky":false,"template":"","format":"standard","meta":{"colormag_page_layout":"default_layout","footnotes":""},"categories":[10,6,9],"tags":[525,810,809,293,304],"ppma_author":[802],"class_list":["post-2032","post","type-post","status-publish","format-standard","has-post-thumbnail","hentry","category-san-luis","category-cultura","category-historia","tag-cultura","tag-mas-vida","tag-proyecto","tag-radio-majaguabo","tag-san-luis"],"authors":[{"term_id":802,"user_id":17,"is_guest":0,"slug":"ailin-viltre-nuviola","display_name":"Ail\u00edn Viltre Nuviola","avatar_url":"https:\/\/secure.gravatar.com\/avatar\/38db7cf9e1368f42ee206ec705534beb6afe58746c25d649c39ac2d490476010?s=96&d=mm&r=g","author_category":"","user_url":"https:\/\/www.radiomajaguabo.icrt.cu","last_name":"Viltre Nuviola","first_name":"Ail\u00edn","job_title":"","description":""}],"amp_enabled":true,"_links":{"self":[{"href":"https:\/\/www.radiomajaguabo.icrt.cu\/index.php?rest_route=\/wp\/v2\/posts\/2032","targetHints":{"allow":["GET"]}}],"collection":[{"href":"https:\/\/www.radiomajaguabo.icrt.cu\/index.php?rest_route=\/wp\/v2\/posts"}],"about":[{"href":"https:\/\/www.radiomajaguabo.icrt.cu\/index.php?rest_route=\/wp\/v2\/types\/post"}],"author":[{"embeddable":true,"href":"https:\/\/www.radiomajaguabo.icrt.cu\/index.php?rest_route=\/wp\/v2\/users\/17"}],"replies":[{"embeddable":true,"href":"https:\/\/www.radiomajaguabo.icrt.cu\/index.php?rest_route=%2Fwp%2Fv2%2Fcomments&post=2032"}],"version-history":[{"count":1,"href":"https:\/\/www.radiomajaguabo.icrt.cu\/index.php?rest_route=\/wp\/v2\/posts\/2032\/revisions"}],"predecessor-version":[{"id":2042,"href":"https:\/\/www.radiomajaguabo.icrt.cu\/index.php?rest_route=\/wp\/v2\/posts\/2032\/revisions\/2042"}],"wp:featuredmedia":[{"embeddable":true,"href":"https:\/\/www.radiomajaguabo.icrt.cu\/index.php?rest_route=\/wp\/v2\/media\/2036"}],"wp:attachment":[{"href":"https:\/\/www.radiomajaguabo.icrt.cu\/index.php?rest_route=%2Fwp%2Fv2%2Fmedia&parent=2032"}],"wp:term":[{"taxonomy":"category","embeddable":true,"href":"https:\/\/www.radiomajaguabo.icrt.cu\/index.php?rest_route=%2Fwp%2Fv2%2Fcategories&post=2032"},{"taxonomy":"post_tag","embeddable":true,"href":"https:\/\/www.radiomajaguabo.icrt.cu\/index.php?rest_route=%2Fwp%2Fv2%2Ftags&post=2032"},{"taxonomy":"author","embeddable":true,"href":"https:\/\/www.radiomajaguabo.icrt.cu\/index.php?rest_route=%2Fwp%2Fv2%2Fppma_author&post=2032"}],"curies":[{"name":"wp","href":"https:\/\/api.w.org\/{rel}","templated":true}]}}