{"id":2018,"date":"2023-02-23T15:27:11","date_gmt":"2023-02-23T15:27:11","guid":{"rendered":"https:\/\/www.radiomajaguabo.icrt.cu\/?p=2018"},"modified":"2023-02-23T15:37:27","modified_gmt":"2023-02-23T15:37:27","slug":"a-debate-en-san-luis-quehacer-de-quienes-saben-mirar-con-el-corazon-fotos","status":"publish","type":"post","link":"https:\/\/www.radiomajaguabo.icrt.cu\/?p=2018","title":{"rendered":"A debate en San Luis quehacer de quienes saben mirar con el coraz\u00f3n (+FOTOS)"},"content":{"rendered":"<p><strong>San Luis, Santiago de Cuba, feb. 23, 23. _<\/strong> La Asociaci\u00f3n Nacional del Ciego (ANCI) en este territorio revis\u00f3 el quehacer de la organizaci\u00f3n y sus miembros en el pasado a\u00f1o durante la asamblea de balance.<!--more--><\/p>\n<p>Entre los temas planteados por los 30 delegados que acudieron al encuentro figuraron: el decrecimiento de asociados, la atenci\u00f3n diferenciada a sus problem\u00e1ticas, la educaci\u00f3n y sensibilidad de los organismos, organizaciones y pueblo en general para con las personas con discapacidad, la situaci\u00f3n de la vivienda, las barreras arquitect\u00f3nicas, la captaci\u00f3n de personas con invalidez visual en las monta\u00f1as, principalmente los ni\u00f1os y la urgente necesidad de una sede para la asociaci\u00f3n que permita una mejor funcionalidad, un reclamo que supera la d\u00e9cada.<\/p>\n<p><img loading=\"lazy\" decoding=\"async\" class=\" wp-image-2025 aligncenter\" src=\"https:\/\/www.radiomajaguabo.icrt.cu\/wp-content\/uploads\/2023\/02\/IMG-20230223-WA0003-300x169.jpg\" alt=\"\" width=\"499\" height=\"281\" srcset=\"https:\/\/www.radiomajaguabo.icrt.cu\/wp-content\/uploads\/2023\/02\/IMG-20230223-WA0003-300x169.jpg 300w, https:\/\/www.radiomajaguabo.icrt.cu\/wp-content\/uploads\/2023\/02\/IMG-20230223-WA0003-1024x576.jpg 1024w, https:\/\/www.radiomajaguabo.icrt.cu\/wp-content\/uploads\/2023\/02\/IMG-20230223-WA0003-768x432.jpg 768w, https:\/\/www.radiomajaguabo.icrt.cu\/wp-content\/uploads\/2023\/02\/IMG-20230223-WA0003-1536x864.jpg 1536w, https:\/\/www.radiomajaguabo.icrt.cu\/wp-content\/uploads\/2023\/02\/IMG-20230223-WA0003.jpg 1600w\" sizes=\"auto, (max-width: 499px) 100vw, 499px\" \/><\/p>\n<p>Asimismo, se evaluaron las acciones de las personas ciegas y d\u00e9biles visuales en las tareas comunitarias, su acceso a la educaci\u00f3n, la salud, cultura, deportes y recreaci\u00f3n y otras experiencias como la siembra de patios y parcelas, as\u00ed como los problemas que impiden su inserci\u00f3n plena en la sociedad.<\/p>\n<p>Las personas con discapacidad visual tuvieron, en su balance anual, un espacio para promover cuanto se puede contribuir a su plena rehabilitaci\u00f3n e integraci\u00f3n social.<\/p>\n<p><img loading=\"lazy\" decoding=\"async\" class=\" wp-image-2024 aligncenter\" src=\"https:\/\/www.radiomajaguabo.icrt.cu\/wp-content\/uploads\/2023\/02\/IMG-20230223-WA0002-300x169.jpg\" alt=\"\" width=\"499\" height=\"281\" srcset=\"https:\/\/www.radiomajaguabo.icrt.cu\/wp-content\/uploads\/2023\/02\/IMG-20230223-WA0002-300x169.jpg 300w, https:\/\/www.radiomajaguabo.icrt.cu\/wp-content\/uploads\/2023\/02\/IMG-20230223-WA0002-1024x576.jpg 1024w, https:\/\/www.radiomajaguabo.icrt.cu\/wp-content\/uploads\/2023\/02\/IMG-20230223-WA0002-768x432.jpg 768w, https:\/\/www.radiomajaguabo.icrt.cu\/wp-content\/uploads\/2023\/02\/IMG-20230223-WA0002-1536x864.jpg 1536w, https:\/\/www.radiomajaguabo.icrt.cu\/wp-content\/uploads\/2023\/02\/IMG-20230223-WA0002.jpg 1600w\" sizes=\"auto, (max-width: 499px) 100vw, 499px\" \/><\/p>\n<p><img loading=\"lazy\" decoding=\"async\" class=\" wp-image-2026 aligncenter\" src=\"https:\/\/www.radiomajaguabo.icrt.cu\/wp-content\/uploads\/2023\/02\/IMG-20230223-WA0004-169x300.jpg\" alt=\"\" width=\"320\" height=\"568\" srcset=\"https:\/\/www.radiomajaguabo.icrt.cu\/wp-content\/uploads\/2023\/02\/IMG-20230223-WA0004-169x300.jpg 169w, https:\/\/www.radiomajaguabo.icrt.cu\/wp-content\/uploads\/2023\/02\/IMG-20230223-WA0004-576x1024.jpg 576w, https:\/\/www.radiomajaguabo.icrt.cu\/wp-content\/uploads\/2023\/02\/IMG-20230223-WA0004-768x1365.jpg 768w, https:\/\/www.radiomajaguabo.icrt.cu\/wp-content\/uploads\/2023\/02\/IMG-20230223-WA0004-864x1536.jpg 864w, https:\/\/www.radiomajaguabo.icrt.cu\/wp-content\/uploads\/2023\/02\/IMG-20230223-WA0004.jpg 900w\" sizes=\"auto, (max-width: 320px) 100vw, 320px\" \/><\/p>\n<p>Las conclusiones estuvieron a cargo de Carlos Luis Acu\u00f1a Tornes, Miembro del Bur\u00f3 Municipal del Partido, quien se refiri\u00f3 a la importancia de trabajar por la plena integraci\u00f3n social del sector y la unidad de los m\u00e1s de 400 afiliados en todo el territorio.<\/p>\n<p>Exhort\u00f3 a los presentes a trabajar para lograr mejores resultados teniendo como reto inmediato alcanzar la condici\u00f3n de Vanguardia Nacional.<\/p>\n<p>En el balance de la ANCI aqu\u00ed, los participantes se proyectaron por impulsar la integraci\u00f3n social de ese sector poblacional, como v\u00eda para multiplicar su fuerza y unidad, adem\u00e1s de que los invidentes sanluiseros puedan aportar con sus experiencias y conocimientos a los planes econ\u00f3micos y sociales trazados en el VII Congreso del Partido Comunista de Cuba.<\/p>\n<p>En la cita estuvieron presentes Carlos Luis Acu\u00f1a Tornes, Miembro del Bur\u00f3 Municipal del Partido, Omar Ben\u00edtez Truti\u00e9, Vice_ Intendente del Gobierno territorial, Efrahim Borrero Montero, presidente del Consejo Provincial de la ANCI, Mar\u00eda Eva Limonta, presidenta municipal de la organizaci\u00f3n y otros representantes del Ministerio de Trabajo y Seguridad Social, Cultura, la Ense\u00f1anza Especial y el Museo Polivalente 29 de Abril.<\/p>\n","protected":false},"excerpt":{"rendered":"<p>San Luis, Santiago de Cuba, feb. 23, 23. _ La Asociaci\u00f3n Nacional del Ciego (ANCI) en este territorio revis\u00f3 el<\/p>\n<div class='heateor_sss_sharing_container heateor_sss_vertical_sharing heateor_sss_bottom_sharing' style='width:44px;left: -10px;top: 100px;-webkit-box-shadow:none;box-shadow:none;' ><div class=\"heateor_sss_sharing_ul\"><a class=\"heateor_sss_amp heateor_sss_amp_facebook\" href=\"https:\/\/www.facebook.com\/sharer\/sharer.php?u=https%3A%2F%2Fwww.radiomajaguabo.icrt.cu%2Findex.php%3Frest_route%3D%252Fwp%252Fv2%252Fposts%252F2018\" title=\"Facebook\" rel=\"nofollow noopener\" target=\"_blank\"><amp-img src=\"https:\/\/www.radiomajaguabo.icrt.cu\/wp-content\/plugins\/sassy-social-share\/public\/..\/images\/amp\/facebook.svg\" width=\"40\" height=\"40\" alt=\"Facebook\" class=\"amp-wp-enforced-sizes\" style=\"width: 40px;\"><\/amp-img><\/a><a class=\"heateor_sss_amp heateor_sss_amp_linkedin\" href=\"https:\/\/www.linkedin.com\/sharing\/share-offsite\/?url=https%3A%2F%2Fwww.radiomajaguabo.icrt.cu%2Findex.php%3Frest_route%3D%252Fwp%252Fv2%252Fposts%252F2018\" title=\"Linkedin\" rel=\"nofollow noopener\" target=\"_blank\"><amp-img src=\"https:\/\/www.radiomajaguabo.icrt.cu\/wp-content\/plugins\/sassy-social-share\/public\/..\/images\/amp\/linkedin.svg\" width=\"40\" height=\"40\" alt=\"Linkedin\" class=\"amp-wp-enforced-sizes\" style=\"width: 40px;\"><\/amp-img><\/a><a class=\"heateor_sss_amp heateor_sss_amp_whatsapp\" href=\"https:\/\/api.whatsapp.com\/send?text=Radio%20Majaguabo%20-%20Emisora%20Radio%20Majaguabo%2C%20San%20Luis%2C%20Santiago%20de%20Cuba%2C%20Cuba%20https%3A%2F%2Fwww.radiomajaguabo.icrt.cu%2Findex.php%3Frest_route%3D%252Fwp%252Fv2%252Fposts%252F2018\" title=\"Whatsapp\" rel=\"nofollow noopener\" target=\"_blank\"><amp-img src=\"https:\/\/www.radiomajaguabo.icrt.cu\/wp-content\/plugins\/sassy-social-share\/public\/..\/images\/amp\/whatsapp.svg\" width=\"40\" height=\"40\" alt=\"Whatsapp\" class=\"amp-wp-enforced-sizes\" style=\"width: 40px;\"><\/amp-img><\/a><a class=\"heateor_sss_amp heateor_sss_amp_instagram\" href=\"https:\/\/www.instagram.com\/\" title=\"Instagram\" rel=\"nofollow noopener\" target=\"_blank\"><amp-img src=\"https:\/\/www.radiomajaguabo.icrt.cu\/wp-content\/plugins\/sassy-social-share\/public\/..\/images\/amp\/instagram.svg\" width=\"40\" height=\"40\" alt=\"Instagram\" class=\"amp-wp-enforced-sizes\" style=\"width: 40px;\"><\/amp-img><\/a><a class=\"heateor_sss_amp heateor_sss_amp_x\" href=\"https:\/\/twitter.com\/intent\/tweet?text=Radio%20Majaguabo%20-%20Emisora%20Radio%20Majaguabo%2C%20San%20Luis%2C%20Santiago%20de%20Cuba%2C%20Cuba&url=https%3A%2F%2Fwww.radiomajaguabo.icrt.cu%2Findex.php%3Frest_route%3D%252Fwp%252Fv2%252Fposts%252F2018\" title=\"X\" rel=\"nofollow noopener\" target=\"_blank\"><amp-img src=\"https:\/\/www.radiomajaguabo.icrt.cu\/wp-content\/plugins\/sassy-social-share\/public\/..\/images\/amp\/x.svg\" width=\"40\" height=\"40\" alt=\"X\" class=\"amp-wp-enforced-sizes\" style=\"width:40px;\"><\/amp-img><\/a><\/div><div class=\"heateorSssClear\"><\/div><\/div>","protected":false},"author":6,"featured_media":2030,"comment_status":"open","ping_status":"open","sticky":false,"template":"","format":"standard","meta":{"colormag_page_layout":"default_layout","footnotes":""},"categories":[10],"tags":[803,804,805,806,304],"ppma_author":[299],"class_list":["post-2018","post","type-post","status-publish","format-standard","has-post-thumbnail","hentry","category-san-luis","tag-anci","tag-balance-anual","tag-ciegos","tag-debiles-visuales","tag-san-luis"],"authors":[{"term_id":299,"user_id":6,"is_guest":0,"slug":"yaniuska","display_name":"Yaniuska P\u00e9rez Verdecia","avatar_url":"https:\/\/secure.gravatar.com\/avatar\/a6d7e51e5ccf0210b8c939b21a0b37dca410372954868b8ff5b8e51c07cf1a6e?s=96&d=mm&r=g","author_category":"","user_url":"","last_name":"P\u00e9rez Verdecia","first_name":"Yaniuska","job_title":"","description":""}],"amp_enabled":true,"_links":{"self":[{"href":"https:\/\/www.radiomajaguabo.icrt.cu\/index.php?rest_route=\/wp\/v2\/posts\/2018","targetHints":{"allow":["GET"]}}],"collection":[{"href":"https:\/\/www.radiomajaguabo.icrt.cu\/index.php?rest_route=\/wp\/v2\/posts"}],"about":[{"href":"https:\/\/www.radiomajaguabo.icrt.cu\/index.php?rest_route=\/wp\/v2\/types\/post"}],"author":[{"embeddable":true,"href":"https:\/\/www.radiomajaguabo.icrt.cu\/index.php?rest_route=\/wp\/v2\/users\/6"}],"replies":[{"embeddable":true,"href":"https:\/\/www.radiomajaguabo.icrt.cu\/index.php?rest_route=%2Fwp%2Fv2%2Fcomments&post=2018"}],"version-history":[{"count":1,"href":"https:\/\/www.radiomajaguabo.icrt.cu\/index.php?rest_route=\/wp\/v2\/posts\/2018\/revisions"}],"predecessor-version":[{"id":2027,"href":"https:\/\/www.radiomajaguabo.icrt.cu\/index.php?rest_route=\/wp\/v2\/posts\/2018\/revisions\/2027"}],"wp:featuredmedia":[{"embeddable":true,"href":"https:\/\/www.radiomajaguabo.icrt.cu\/index.php?rest_route=\/wp\/v2\/media\/2030"}],"wp:attachment":[{"href":"https:\/\/www.radiomajaguabo.icrt.cu\/index.php?rest_route=%2Fwp%2Fv2%2Fmedia&parent=2018"}],"wp:term":[{"taxonomy":"category","embeddable":true,"href":"https:\/\/www.radiomajaguabo.icrt.cu\/index.php?rest_route=%2Fwp%2Fv2%2Fcategories&post=2018"},{"taxonomy":"post_tag","embeddable":true,"href":"https:\/\/www.radiomajaguabo.icrt.cu\/index.php?rest_route=%2Fwp%2Fv2%2Ftags&post=2018"},{"taxonomy":"author","embeddable":true,"href":"https:\/\/www.radiomajaguabo.icrt.cu\/index.php?rest_route=%2Fwp%2Fv2%2Fppma_author&post=2018"}],"curies":[{"name":"wp","href":"https:\/\/api.w.org\/{rel}","templated":true}]}}