{"id":199,"date":"2022-07-18T15:51:06","date_gmt":"2022-07-18T15:51:06","guid":{"rendered":"https:\/\/localhost\/radiomajaguabo\/?p=199"},"modified":"2022-07-18T15:51:06","modified_gmt":"2022-07-18T15:51:06","slug":"diputados-de-cuba-se-aprestan-para-proxima-sesion-del-parlamento","status":"publish","type":"post","link":"https:\/\/www.radiomajaguabo.icrt.cu\/?p=199","title":{"rendered":"Diputados de Cuba se aprestan para pr\u00f3xima sesi\u00f3n del Parlamento"},"content":{"rendered":"<div class=\"elementor-element elementor-element-44014e52 elementor-widget elementor-widget-theme-post-excerpt\" data-id=\"44014e52\" data-element_type=\"widget\" data-widget_type=\"theme-post-excerpt.default\">\n<div class=\"elementor-widget-container\">La Habana, 18 jul (Prensa Latina) Diputados cubanos se preparan para analizar durante la semana que comienza temas de impacto econ\u00f3mico y social, en el contexto del IX Periodo Ordinario de Sesiones del Parlamento, en su IX Legislatura.<\/div>\n<\/div>\n<div class=\"elementor-element elementor-element-27865fbc elementor-share-buttons--view-icon elementor-share-buttons--skin-minimal elementor-share-buttons--shape-circle elementor-share-buttons--color-custom elementor-grid-0 elementor-widget elementor-widget-share-buttons\" data-id=\"27865fbc\" data-element_type=\"widget\" data-widget_type=\"share-buttons.default\">\n<div class=\"elementor-widget-container\">\n<div class=\"elementor-grid\">\n<div class=\"elementor-grid-item\"><\/div>\n<\/div>\n<\/div>\n<\/div>\n<p><!--more--><\/p>\n<div class=\"elementor-element elementor-element-560e1f7e elementor-widget elementor-widget-theme-post-content\" data-id=\"560e1f7e\" data-element_type=\"widget\" data-widget_type=\"theme-post-content.default\">\n<div class=\"elementor-widget-container\">\n<p>El pr\u00f3ximo 20 de julio se efectuar\u00e1n en el Palacio de Convenciones de La Habana las actividades previas al evento, que sesionar\u00e1 desde del 21 al 23 pr\u00f3ximos y propiciar\u00e1 el intercambio de criterios sobre diversos asuntos de inter\u00e9s para la naci\u00f3n.<\/p>\n<p>Temas como an\u00e1lisis del proyecto de ley del C\u00f3digo de las Familias con vistas al referendo popular, y los resultados econ\u00f3micos del pa\u00eds hasta la fecha, sobresalen entre los t\u00f3picos que debatir\u00e1 en esta ocasi\u00f3n ese \u00f3rgano supremo del poder del Estado.<\/p>\n<p>En relaci\u00f3n con la norma jur\u00eddica a aprobar, el secretario de la Asamblea Nacional del Poder Popular (Parlamento), Homero Acosta, se\u00f1al\u00f3 recientemente a la prensa que los diputados analizar\u00e1n su versi\u00f3n 25.<\/p>\n<p>Record\u00f3 que el novedoso texto legal se transform\u00f3 en un 49 por ciento con opiniones de expertos y la ciudadan\u00eda.<\/p>\n<p>Explic\u00f3, asimismo, que los parlamentarios podr\u00e1n realizar otras modificaciones al documento que ser\u00e1 sometido a un proceso de votaci\u00f3n, el cual se desarrollar\u00e1 en septiembre.<\/p>\n<p>En esta oportunidad, los legisladores dialogar\u00e1n tambi\u00e9n sobre la preparaci\u00f3n del sector del turismo en la etapa del verano, el uso de fuentes de energ\u00eda renovable, el funcionamiento de las empresas de farmacias y \u00f3pticas, las medidas para la recuperaci\u00f3n de la ganader\u00eda bovina y la reci\u00e9n concluida zafra azucarera.<\/p>\n<p>Conocer\u00e1n, entre otros aspectos, del estado del perfeccionamiento del sistema empresarial de la m\u00fasica, la pol\u00edtica de atenci\u00f3n integral para la ni\u00f1ez y las juventudes, la de la vivienda, la producci\u00f3n de materiales de la construcci\u00f3n, la gesti\u00f3n del gobierno digital y los proyectos de recreaci\u00f3n y uso del tiempo libre.<\/p>\n<p>La Asamblea sesiona de forma ordinaria en dos per\u00edodos anuales (al finalizar cada semestre) por un t\u00e9rmino de dos o tres d\u00edas por sesi\u00f3n, y antes de cada per\u00edodo, se re\u00fanen sus comisiones permanentes.<\/p>\n<p>Compuesto por m\u00e1s de 600 diputados, el m\u00e1ximo ente legislativo cubano es en estos momentos uno de los de mayor \u00edndice de presencia de mujeres en el mundo.<\/p>\n<p>acl\/evm<\/p>\n<\/div>\n<\/div>\n<div class=\"elementor-element elementor-element-1fdbd0a elementor-widget elementor-widget-post-info\" data-id=\"1fdbd0a\" data-element_type=\"widget\" data-widget_type=\"post-info.default\">\n<div class=\"elementor-widget-container\">\n<ul class=\"elementor-inline-items elementor-icon-list-items elementor-post-info\">\n<li class=\"elementor-icon-list-item elementor-repeater-item-170494c elementor-inline-item\"><span class=\"elementor-icon-list-text elementor-post-info__item elementor-post-info__item--type-custom\"> #<a href=\"https:\/\/www.prensa-latina.cu\/tags\/cuba\" rel=\"tag noopener\" target=\"_blank\">cuba<\/a> #<a href=\"https:\/\/www.prensa-latina.cu\/tags\/diputados\" rel=\"tag noopener\" target=\"_blank\">diputados<\/a> #<a href=\"https:\/\/www.prensa-latina.cu\/tags\/parlamento\" rel=\"tag noopener\" target=\"_blank\">parlamento<\/a> #<a href=\"https:\/\/www.prensa-latina.cu\/tags\/sesion\" rel=\"tag noopener\" target=\"_blank\">sesion<\/a> <\/span><\/li>\n<\/ul>\n<\/div>\n<\/div>\n","protected":false},"excerpt":{"rendered":"<p>La Habana, 18 jul (Prensa Latina) Diputados cubanos se preparan para analizar durante la semana que comienza temas de impacto<\/p>\n<div class='heateor_sss_sharing_container heateor_sss_vertical_sharing heateor_sss_bottom_sharing' style='width:44px;left: -10px;top: 100px;-webkit-box-shadow:none;box-shadow:none;' ><div class=\"heateor_sss_sharing_ul\"><a class=\"heateor_sss_amp heateor_sss_amp_facebook\" href=\"https:\/\/www.facebook.com\/sharer\/sharer.php?u=https%3A%2F%2Fwww.radiomajaguabo.icrt.cu%2Findex.php%3Frest_route%3D%252Fwp%252Fv2%252Fposts%252F199\" title=\"Facebook\" rel=\"nofollow noopener\" target=\"_blank\"><amp-img src=\"https:\/\/www.radiomajaguabo.icrt.cu\/wp-content\/plugins\/sassy-social-share\/public\/..\/images\/amp\/facebook.svg\" width=\"40\" height=\"40\" alt=\"Facebook\" class=\"amp-wp-enforced-sizes\" style=\"width: 40px;\"><\/amp-img><\/a><a class=\"heateor_sss_amp heateor_sss_amp_linkedin\" href=\"https:\/\/www.linkedin.com\/sharing\/share-offsite\/?url=https%3A%2F%2Fwww.radiomajaguabo.icrt.cu%2Findex.php%3Frest_route%3D%252Fwp%252Fv2%252Fposts%252F199\" title=\"Linkedin\" rel=\"nofollow noopener\" target=\"_blank\"><amp-img src=\"https:\/\/www.radiomajaguabo.icrt.cu\/wp-content\/plugins\/sassy-social-share\/public\/..\/images\/amp\/linkedin.svg\" width=\"40\" height=\"40\" alt=\"Linkedin\" class=\"amp-wp-enforced-sizes\" style=\"width: 40px;\"><\/amp-img><\/a><a class=\"heateor_sss_amp heateor_sss_amp_whatsapp\" href=\"https:\/\/api.whatsapp.com\/send?text=Radio%20Majaguabo%20-%20Emisora%20Radio%20Majaguabo%2C%20San%20Luis%2C%20Santiago%20de%20Cuba%2C%20Cuba%20https%3A%2F%2Fwww.radiomajaguabo.icrt.cu%2Findex.php%3Frest_route%3D%252Fwp%252Fv2%252Fposts%252F199\" title=\"Whatsapp\" rel=\"nofollow noopener\" target=\"_blank\"><amp-img src=\"https:\/\/www.radiomajaguabo.icrt.cu\/wp-content\/plugins\/sassy-social-share\/public\/..\/images\/amp\/whatsapp.svg\" width=\"40\" height=\"40\" alt=\"Whatsapp\" class=\"amp-wp-enforced-sizes\" style=\"width: 40px;\"><\/amp-img><\/a><a class=\"heateor_sss_amp heateor_sss_amp_instagram\" href=\"https:\/\/www.instagram.com\/\" title=\"Instagram\" rel=\"nofollow noopener\" target=\"_blank\"><amp-img src=\"https:\/\/www.radiomajaguabo.icrt.cu\/wp-content\/plugins\/sassy-social-share\/public\/..\/images\/amp\/instagram.svg\" width=\"40\" height=\"40\" alt=\"Instagram\" class=\"amp-wp-enforced-sizes\" style=\"width: 40px;\"><\/amp-img><\/a><a class=\"heateor_sss_amp heateor_sss_amp_x\" href=\"https:\/\/twitter.com\/intent\/tweet?text=Radio%20Majaguabo%20-%20Emisora%20Radio%20Majaguabo%2C%20San%20Luis%2C%20Santiago%20de%20Cuba%2C%20Cuba&url=https%3A%2F%2Fwww.radiomajaguabo.icrt.cu%2Findex.php%3Frest_route%3D%252Fwp%252Fv2%252Fposts%252F199\" title=\"X\" rel=\"nofollow noopener\" target=\"_blank\"><amp-img src=\"https:\/\/www.radiomajaguabo.icrt.cu\/wp-content\/plugins\/sassy-social-share\/public\/..\/images\/amp\/x.svg\" width=\"40\" height=\"40\" alt=\"X\" class=\"amp-wp-enforced-sizes\" style=\"width:40px;\"><\/amp-img><\/a><\/div><div class=\"heateorSssClear\"><\/div><\/div>","protected":false},"author":10,"featured_media":200,"comment_status":"open","ping_status":"open","sticky":false,"template":"","format":"standard","meta":{"colormag_page_layout":"default_layout","footnotes":""},"categories":[8],"tags":[132,130,131],"ppma_author":[39],"class_list":["post-199","post","type-post","status-publish","format-standard","has-post-thumbnail","hentry","category-nacionales","tag-codigo-de-las-familias","tag-ix-periodo-ordinario-de-sesiones-del-parlamento","tag-poder-popular"],"authors":[{"term_id":39,"user_id":10,"is_guest":0,"slug":"prensa-latina","display_name":"Prensa Latina","avatar_url":"https:\/\/secure.gravatar.com\/avatar\/50c7a3112bb25b21ddc4cf0ff17bac923226a0d4e8814139af94a839af15e315?s=96&d=mm&r=g","author_category":"","user_url":"https:\/\/www.prensa-latina.cu","last_name":"","first_name":"Prensa Latina","job_title":"","description":""}],"amp_enabled":true,"_links":{"self":[{"href":"https:\/\/www.radiomajaguabo.icrt.cu\/index.php?rest_route=\/wp\/v2\/posts\/199","targetHints":{"allow":["GET"]}}],"collection":[{"href":"https:\/\/www.radiomajaguabo.icrt.cu\/index.php?rest_route=\/wp\/v2\/posts"}],"about":[{"href":"https:\/\/www.radiomajaguabo.icrt.cu\/index.php?rest_route=\/wp\/v2\/types\/post"}],"author":[{"embeddable":true,"href":"https:\/\/www.radiomajaguabo.icrt.cu\/index.php?rest_route=\/wp\/v2\/users\/10"}],"replies":[{"embeddable":true,"href":"https:\/\/www.radiomajaguabo.icrt.cu\/index.php?rest_route=%2Fwp%2Fv2%2Fcomments&post=199"}],"version-history":[{"count":1,"href":"https:\/\/www.radiomajaguabo.icrt.cu\/index.php?rest_route=\/wp\/v2\/posts\/199\/revisions"}],"predecessor-version":[{"id":201,"href":"https:\/\/www.radiomajaguabo.icrt.cu\/index.php?rest_route=\/wp\/v2\/posts\/199\/revisions\/201"}],"wp:featuredmedia":[{"embeddable":true,"href":"https:\/\/www.radiomajaguabo.icrt.cu\/index.php?rest_route=\/wp\/v2\/media\/200"}],"wp:attachment":[{"href":"https:\/\/www.radiomajaguabo.icrt.cu\/index.php?rest_route=%2Fwp%2Fv2%2Fmedia&parent=199"}],"wp:term":[{"taxonomy":"category","embeddable":true,"href":"https:\/\/www.radiomajaguabo.icrt.cu\/index.php?rest_route=%2Fwp%2Fv2%2Fcategories&post=199"},{"taxonomy":"post_tag","embeddable":true,"href":"https:\/\/www.radiomajaguabo.icrt.cu\/index.php?rest_route=%2Fwp%2Fv2%2Ftags&post=199"},{"taxonomy":"author","embeddable":true,"href":"https:\/\/www.radiomajaguabo.icrt.cu\/index.php?rest_route=%2Fwp%2Fv2%2Fppma_author&post=199"}],"curies":[{"name":"wp","href":"https:\/\/api.w.org\/{rel}","templated":true}]}}