{"id":181,"date":"2022-07-13T16:49:00","date_gmt":"2022-07-13T16:49:00","guid":{"rendered":"https:\/\/localhost\/radiomajaguabo\/?p=181"},"modified":"2022-07-13T16:49:00","modified_gmt":"2022-07-13T16:49:00","slug":"presidente-de-cuba-alerta-sobre-percepcion-de-riesgo-ante-covid-19","status":"publish","type":"post","link":"https:\/\/www.radiomajaguabo.icrt.cu\/?p=181","title":{"rendered":"Presidente de Cuba alerta sobre percepci\u00f3n de riesgo ante Covid-19"},"content":{"rendered":"<div class=\"elementor-element elementor-element-44014e52 elementor-widget elementor-widget-theme-post-excerpt\" data-id=\"44014e52\" data-element_type=\"widget\" data-widget_type=\"theme-post-excerpt.default\">\n<div class=\"elementor-widget-container\">La Habana, 13 jul (Prensa Latina) El presidente de Cuba, Miguel D\u00edaz-Canel, alert\u00f3 hoy aqu\u00ed a las autoridades del Ministerio de Salud P\u00fablica (Minsap) sobre la necesidad de tomar medidas para reforzar la percepci\u00f3n de riesgo de la poblaci\u00f3n ante la Covid-19.<\/div>\n<\/div>\n<div class=\"elementor-element elementor-element-27865fbc elementor-share-buttons--view-icon elementor-share-buttons--skin-minimal elementor-share-buttons--shape-circle elementor-share-buttons--color-custom elementor-grid-0 elementor-widget elementor-widget-share-buttons\" data-id=\"27865fbc\" data-element_type=\"widget\" data-widget_type=\"share-buttons.default\">\n<div class=\"elementor-widget-container\">\n<div class=\"elementor-grid\">\n<div class=\"elementor-grid-item\"><\/div>\n<\/div>\n<\/div>\n<\/div>\n<p><!--more--><\/p>\n<div class=\"elementor-element elementor-element-560e1f7e elementor-widget elementor-widget-theme-post-content\" data-id=\"560e1f7e\" data-element_type=\"widget\" data-widget_type=\"theme-post-content.default\">\n<div class=\"elementor-widget-container\">\n<p>En su cuenta de Twitter, exhort\u00f3 a no confiarse, aun cuando las cifras siguen siendo bajas, en comparaci\u00f3n con el mundo y lo vivido en la isla caribe\u00f1a en el verano del 2021.<\/p>\n<p>Durante un encuentro con expertos del Minsap, el mandatario cubano conoci\u00f3 que pa\u00edses europeos y del continente americano viven una nueva ola de contagios del SARS-CoV-2, a pesar de los niveles de vacunaci\u00f3n de refuerzo.<\/p>\n<p>Asimismo, supo que con la vacunaci\u00f3n pedi\u00e1trica en Cuba, ning\u00fan ni\u00f1o cubano muri\u00f3 por la pandemia.<\/p>\n<p>En este sentido, la doctora del Instituto de Medicina Tropical Pedro Kour\u00ed, Mar\u00eda Eugenia Toledo, investigadora principal de SOBERANA, expres\u00f3 que luego de un riguroso estudio pudo determinarse que la efectividad de la vacuna en la prevenci\u00f3n de la enfermedad sintom\u00e1tica en ni\u00f1os de dos a cinco a\u00f1os, durante la ola de \u00d3micron en Cuba, fue de un 90,1%.<\/p>\n<p>En tanto, el decano de la Facultad de Matem\u00e1tica y Computaci\u00f3n de la Universidad de La Habana, Ra\u00fal Guinovart D\u00edaz inform\u00f3 que las provincias de La Habana, Mayabeque, Matanzas y el municipio especial de la Isla de la Juventud \u00abhan tenido un ligero aumento de casos positivos, sobre todo la capital de la naci\u00f3n que acumula 115 en los \u00faltimos siete d\u00edas\u00bb.<\/p>\n<p>Ante tales comportamientos, el primer ministro de la mayor de las Antillas, Manuel Marrero, inisti\u00f3 en la reuni\u00f3n del Grupo Temporal del Gobierno para el enfrentamiento a la pandemia, que las personas de manera voluntaria opten por el uso de la mascarilla sanitaria por su efectividadad ante la posibilidad de un incremento de los casos positivos.<\/p>\n<p>mem\/yaa<\/p>\n<\/div>\n<\/div>\n<div class=\"elementor-element elementor-element-1fdbd0a elementor-widget elementor-widget-post-info\" data-id=\"1fdbd0a\" data-element_type=\"widget\" data-widget_type=\"post-info.default\">\n<div class=\"elementor-widget-container\">\n<ul class=\"elementor-inline-items elementor-icon-list-items elementor-post-info\">\n<li class=\"elementor-icon-list-item elementor-repeater-item-170494c elementor-inline-item\"><span class=\"elementor-icon-list-text elementor-post-info__item elementor-post-info__item--type-custom\"> #<a href=\"https:\/\/www.prensa-latina.cu\/tags\/covid19\" rel=\"tag noopener\" target=\"_blank\">Covid19<\/a> #<a href=\"https:\/\/www.prensa-latina.cu\/tags\/cuba\" rel=\"tag noopener\" target=\"_blank\">cuba<\/a> #<a href=\"https:\/\/www.prensa-latina.cu\/tags\/cubanos\" rel=\"tag noopener\" target=\"_blank\">cubanos<\/a> #<a href=\"https:\/\/www.prensa-latina.cu\/tags\/ninos\" rel=\"tag noopener\" target=\"_blank\">ni\u00f1os<\/a> #<a href=\"https:\/\/www.prensa-latina.cu\/tags\/pediatrica\" rel=\"tag noopener\" target=\"_blank\">pedi\u00e1trica<\/a> #<a href=\"https:\/\/www.prensa-latina.cu\/tags\/vacunacion\" rel=\"tag noopener\" target=\"_blank\">vacunaci\u00f3n<\/a> <\/span><\/li>\n<\/ul>\n<\/div>\n<\/div>\n","protected":false},"excerpt":{"rendered":"<p>La Habana, 13 jul (Prensa Latina) El presidente de Cuba, Miguel D\u00edaz-Canel, alert\u00f3 hoy aqu\u00ed a las autoridades del Ministerio<\/p>\n<div class='heateor_sss_sharing_container heateor_sss_vertical_sharing heateor_sss_bottom_sharing' style='width:44px;left: -10px;top: 100px;-webkit-box-shadow:none;box-shadow:none;' ><div class=\"heateor_sss_sharing_ul\"><a class=\"heateor_sss_amp heateor_sss_amp_facebook\" href=\"https:\/\/www.facebook.com\/sharer\/sharer.php?u=https%3A%2F%2Fwww.radiomajaguabo.icrt.cu%2Findex.php%3Frest_route%3D%252Fwp%252Fv2%252Fposts%252F181\" title=\"Facebook\" rel=\"nofollow noopener\" target=\"_blank\"><amp-img src=\"https:\/\/www.radiomajaguabo.icrt.cu\/wp-content\/plugins\/sassy-social-share\/public\/..\/images\/amp\/facebook.svg\" width=\"40\" height=\"40\" alt=\"Facebook\" class=\"amp-wp-enforced-sizes\" style=\"width: 40px;\"><\/amp-img><\/a><a class=\"heateor_sss_amp heateor_sss_amp_linkedin\" href=\"https:\/\/www.linkedin.com\/sharing\/share-offsite\/?url=https%3A%2F%2Fwww.radiomajaguabo.icrt.cu%2Findex.php%3Frest_route%3D%252Fwp%252Fv2%252Fposts%252F181\" title=\"Linkedin\" rel=\"nofollow noopener\" target=\"_blank\"><amp-img src=\"https:\/\/www.radiomajaguabo.icrt.cu\/wp-content\/plugins\/sassy-social-share\/public\/..\/images\/amp\/linkedin.svg\" width=\"40\" height=\"40\" alt=\"Linkedin\" class=\"amp-wp-enforced-sizes\" style=\"width: 40px;\"><\/amp-img><\/a><a class=\"heateor_sss_amp heateor_sss_amp_whatsapp\" href=\"https:\/\/api.whatsapp.com\/send?text=Radio%20Majaguabo%20-%20Emisora%20Radio%20Majaguabo%2C%20San%20Luis%2C%20Santiago%20de%20Cuba%2C%20Cuba%20https%3A%2F%2Fwww.radiomajaguabo.icrt.cu%2Findex.php%3Frest_route%3D%252Fwp%252Fv2%252Fposts%252F181\" title=\"Whatsapp\" rel=\"nofollow noopener\" target=\"_blank\"><amp-img src=\"https:\/\/www.radiomajaguabo.icrt.cu\/wp-content\/plugins\/sassy-social-share\/public\/..\/images\/amp\/whatsapp.svg\" width=\"40\" height=\"40\" alt=\"Whatsapp\" class=\"amp-wp-enforced-sizes\" style=\"width: 40px;\"><\/amp-img><\/a><a class=\"heateor_sss_amp heateor_sss_amp_instagram\" href=\"https:\/\/www.instagram.com\/\" title=\"Instagram\" rel=\"nofollow noopener\" target=\"_blank\"><amp-img src=\"https:\/\/www.radiomajaguabo.icrt.cu\/wp-content\/plugins\/sassy-social-share\/public\/..\/images\/amp\/instagram.svg\" width=\"40\" height=\"40\" alt=\"Instagram\" class=\"amp-wp-enforced-sizes\" style=\"width: 40px;\"><\/amp-img><\/a><a class=\"heateor_sss_amp heateor_sss_amp_x\" href=\"https:\/\/twitter.com\/intent\/tweet?text=Radio%20Majaguabo%20-%20Emisora%20Radio%20Majaguabo%2C%20San%20Luis%2C%20Santiago%20de%20Cuba%2C%20Cuba&url=https%3A%2F%2Fwww.radiomajaguabo.icrt.cu%2Findex.php%3Frest_route%3D%252Fwp%252Fv2%252Fposts%252F181\" title=\"X\" rel=\"nofollow noopener\" target=\"_blank\"><amp-img src=\"https:\/\/www.radiomajaguabo.icrt.cu\/wp-content\/plugins\/sassy-social-share\/public\/..\/images\/amp\/x.svg\" width=\"40\" height=\"40\" alt=\"X\" class=\"amp-wp-enforced-sizes\" style=\"width:40px;\"><\/amp-img><\/a><\/div><div class=\"heateorSssClear\"><\/div><\/div>","protected":false},"author":10,"featured_media":182,"comment_status":"open","ping_status":"open","sticky":false,"template":"","format":"standard","meta":{"colormag_page_layout":"default_layout","footnotes":""},"categories":[8],"tags":[16,13,14,116,86,115,117],"ppma_author":[39],"class_list":["post-181","post","type-post","status-publish","format-standard","has-post-thumbnail","hentry","category-nacionales","tag-covid-19","tag-cuba","tag-miguel-diaz-canel","tag-omicron","tag-salud-publica","tag-sars-cov-2","tag-soberana"],"authors":[{"term_id":39,"user_id":10,"is_guest":0,"slug":"prensa-latina","display_name":"Prensa Latina","avatar_url":"https:\/\/secure.gravatar.com\/avatar\/50c7a3112bb25b21ddc4cf0ff17bac923226a0d4e8814139af94a839af15e315?s=96&d=mm&r=g","author_category":"","user_url":"https:\/\/www.prensa-latina.cu","last_name":"","first_name":"Prensa Latina","job_title":"","description":""}],"amp_enabled":true,"_links":{"self":[{"href":"https:\/\/www.radiomajaguabo.icrt.cu\/index.php?rest_route=\/wp\/v2\/posts\/181","targetHints":{"allow":["GET"]}}],"collection":[{"href":"https:\/\/www.radiomajaguabo.icrt.cu\/index.php?rest_route=\/wp\/v2\/posts"}],"about":[{"href":"https:\/\/www.radiomajaguabo.icrt.cu\/index.php?rest_route=\/wp\/v2\/types\/post"}],"author":[{"embeddable":true,"href":"https:\/\/www.radiomajaguabo.icrt.cu\/index.php?rest_route=\/wp\/v2\/users\/10"}],"replies":[{"embeddable":true,"href":"https:\/\/www.radiomajaguabo.icrt.cu\/index.php?rest_route=%2Fwp%2Fv2%2Fcomments&post=181"}],"version-history":[{"count":1,"href":"https:\/\/www.radiomajaguabo.icrt.cu\/index.php?rest_route=\/wp\/v2\/posts\/181\/revisions"}],"predecessor-version":[{"id":183,"href":"https:\/\/www.radiomajaguabo.icrt.cu\/index.php?rest_route=\/wp\/v2\/posts\/181\/revisions\/183"}],"wp:featuredmedia":[{"embeddable":true,"href":"https:\/\/www.radiomajaguabo.icrt.cu\/index.php?rest_route=\/wp\/v2\/media\/182"}],"wp:attachment":[{"href":"https:\/\/www.radiomajaguabo.icrt.cu\/index.php?rest_route=%2Fwp%2Fv2%2Fmedia&parent=181"}],"wp:term":[{"taxonomy":"category","embeddable":true,"href":"https:\/\/www.radiomajaguabo.icrt.cu\/index.php?rest_route=%2Fwp%2Fv2%2Fcategories&post=181"},{"taxonomy":"post_tag","embeddable":true,"href":"https:\/\/www.radiomajaguabo.icrt.cu\/index.php?rest_route=%2Fwp%2Fv2%2Ftags&post=181"},{"taxonomy":"author","embeddable":true,"href":"https:\/\/www.radiomajaguabo.icrt.cu\/index.php?rest_route=%2Fwp%2Fv2%2Fppma_author&post=181"}],"curies":[{"name":"wp","href":"https:\/\/api.w.org\/{rel}","templated":true}]}}