{"id":178,"date":"2022-07-12T15:49:34","date_gmt":"2022-07-12T15:49:34","guid":{"rendered":"https:\/\/localhost\/radiomajaguabo\/?p=178"},"modified":"2022-07-12T15:49:34","modified_gmt":"2022-07-12T15:49:34","slug":"ceramica-patrimonial-marca-aniversario-de-museo-de-arte-en-cuba","status":"publish","type":"post","link":"https:\/\/www.radiomajaguabo.icrt.cu\/?p=178","title":{"rendered":"Cer\u00e1mica patrimonial marca aniversario de museo de arte en Cuba"},"content":{"rendered":"<div class=\"elementor-element elementor-element-44014e52 elementor-widget elementor-widget-theme-post-excerpt\" data-id=\"44014e52\" data-element_type=\"widget\" data-widget_type=\"theme-post-excerpt.default\">\n<div class=\"elementor-widget-container\">La Habana, 12 jul (Prensa Latina) En el marco de las celebraciones por el 58 aniversario de fundado, el Museo Nacional de Artes Decorativas convida hoy a admirar las piezas de cer\u00e1mica de Talavera de la Reina, art\u00edculos esenciales de una nueva exposici\u00f3n.<\/div>\n<\/div>\n<p><!--more--><\/p>\n<div class=\"elementor-element elementor-element-560e1f7e elementor-widget elementor-widget-theme-post-content\" data-id=\"560e1f7e\" data-element_type=\"widget\" data-widget_type=\"theme-post-content.default\">\n<div class=\"elementor-widget-container\">\n<p>Bajo el t\u00edtulo Talavera de la Reina y de Cuba, la muestra abrir\u00e1 sus puertas el pr\u00f3ximo 22 de julio, con una selecci\u00f3n de \u00fatiles y decorado, los cuales evocan los a\u00f1os dorados de una expresi\u00f3n que alcanz\u00f3 su m\u00e1ximo esplendor en los siglos XV y XVI con la adaptaci\u00f3n de los alfares a las t\u00e9cnicas innovadoras del renacimiento y barroco espa\u00f1ol.<\/p>\n<p>Organizada por Esther Cabrera San Miguel, la exhibici\u00f3n explora el desarrollo de esta expresi\u00f3n art\u00edstico-utilitaria, en tanto demuestra su ascenso y declive, signado por la crisis y las guerras napole\u00f3nicas, fundamentalmente con la Batalla de Talavera en 1809, rese\u00f1a un comunicado de la entidad.<\/p>\n<p>En efecto, durante el siglo en el siglo XVIII solo se registraron ocho f\u00e1bricas abiertas, las cuales fueron desapareciendo como consecuencia de los conflictos b\u00e9licos, a excepci\u00f3n de La Menora que cerr\u00f3 en 1905, apunta el documento.<\/p>\n<p>Desde 2019 integra la lista representativa de Patrimonio cultural inmaterial de la Humanidad de la Unesco, distinci\u00f3n alude a la fabricaci\u00f3n artesanal de cer\u00e1mica de estilo talaverano en Puebla y Tlaxcala (M\u00e9xico) y en Talavera de la Reina y El puente del Arzobispo (Espa\u00f1a), aludiendo a comunidades de artesanos en ambos pa\u00edses.<\/p>\n<p>La cer\u00e1mica tuvo entre sus principales cultores a Juan Niveiro Page quien en 1849 fund\u00f3 el alfar de El Carmen dedicado a la fabricaci\u00f3n de loza popular y utensilios con el estilo Valencia, as\u00ed como a Juan Ruiz de Luna, impulsor del resurgir de la cer\u00e1mica de Talavera de la Reina en el siglo XX.<\/p>\n<p>Asimismo, la exposici\u00f3n aproximar\u00e1 a los rasgos distintivos de estas piezas, que articulan elementos de la tradici\u00f3n musulmana mud\u00e9jar con \u201ccaracter\u00edsticas del Asia y de la loza de Delft\u201d, Pa\u00edses Bajos.<\/p>\n<p>Catalogada por tipos, seg\u00fan las \u00e9pocas y motivos, destacan entre los art\u00edculos m\u00e1s antiguos, los decorados en azul y blanco, as\u00ed como las series de las mariposas, las espirales, la palma, tricolor, de Jarros de Santiago, los helechos, las golondrinas y la de Ferroneries.<\/p>\n<p>mem\/lbl<\/p>\n<\/div>\n<\/div>\n<div class=\"elementor-element elementor-element-1fdbd0a elementor-widget elementor-widget-post-info\" data-id=\"1fdbd0a\" data-element_type=\"widget\" data-widget_type=\"post-info.default\">\n<div class=\"elementor-widget-container\">\n<ul class=\"elementor-inline-items elementor-icon-list-items elementor-post-info\">\n<li class=\"elementor-icon-list-item elementor-repeater-item-170494c elementor-inline-item\"><span class=\"elementor-icon-list-text elementor-post-info__item elementor-post-info__item--type-custom\"> #<a href=\"https:\/\/www.prensa-latina.cu\/tags\/ceramicatalaverareina\" rel=\"tag noopener\" target=\"_blank\">Cer\u00e1micaTalaveraReina<\/a> #<a href=\"https:\/\/www.prensa-latina.cu\/tags\/cubaarte\" rel=\"tag noopener\" target=\"_blank\">CubaArte<\/a> #<a href=\"https:\/\/www.prensa-latina.cu\/tags\/museonacionalartesdecorativas\" rel=\"tag noopener\" target=\"_blank\">MuseonacionalArtesDecorativas<\/a> <\/span><\/li>\n<\/ul>\n<\/div>\n<\/div>\n","protected":false},"excerpt":{"rendered":"<p>La Habana, 12 jul (Prensa Latina) En el marco de las celebraciones por el 58 aniversario de fundado, el Museo<\/p>\n<div class='heateor_sss_sharing_container heateor_sss_vertical_sharing heateor_sss_bottom_sharing' style='width:44px;left: -10px;top: 100px;-webkit-box-shadow:none;box-shadow:none;' ><div class=\"heateor_sss_sharing_ul\"><a class=\"heateor_sss_amp heateor_sss_amp_facebook\" href=\"https:\/\/www.facebook.com\/sharer\/sharer.php?u=https%3A%2F%2Fwww.radiomajaguabo.icrt.cu%2Findex.php%3Frest_route%3D%252Fwp%252Fv2%252Fposts%252F178\" title=\"Facebook\" rel=\"nofollow noopener\" target=\"_blank\"><amp-img src=\"https:\/\/www.radiomajaguabo.icrt.cu\/wp-content\/plugins\/sassy-social-share\/public\/..\/images\/amp\/facebook.svg\" width=\"40\" height=\"40\" alt=\"Facebook\" class=\"amp-wp-enforced-sizes\" style=\"width: 40px;\"><\/amp-img><\/a><a class=\"heateor_sss_amp heateor_sss_amp_linkedin\" href=\"https:\/\/www.linkedin.com\/sharing\/share-offsite\/?url=https%3A%2F%2Fwww.radiomajaguabo.icrt.cu%2Findex.php%3Frest_route%3D%252Fwp%252Fv2%252Fposts%252F178\" title=\"Linkedin\" rel=\"nofollow noopener\" target=\"_blank\"><amp-img src=\"https:\/\/www.radiomajaguabo.icrt.cu\/wp-content\/plugins\/sassy-social-share\/public\/..\/images\/amp\/linkedin.svg\" width=\"40\" height=\"40\" alt=\"Linkedin\" class=\"amp-wp-enforced-sizes\" style=\"width: 40px;\"><\/amp-img><\/a><a class=\"heateor_sss_amp heateor_sss_amp_whatsapp\" href=\"https:\/\/api.whatsapp.com\/send?text=Radio%20Majaguabo%20-%20Emisora%20Radio%20Majaguabo%2C%20San%20Luis%2C%20Santiago%20de%20Cuba%2C%20Cuba%20https%3A%2F%2Fwww.radiomajaguabo.icrt.cu%2Findex.php%3Frest_route%3D%252Fwp%252Fv2%252Fposts%252F178\" title=\"Whatsapp\" rel=\"nofollow noopener\" target=\"_blank\"><amp-img src=\"https:\/\/www.radiomajaguabo.icrt.cu\/wp-content\/plugins\/sassy-social-share\/public\/..\/images\/amp\/whatsapp.svg\" width=\"40\" height=\"40\" alt=\"Whatsapp\" class=\"amp-wp-enforced-sizes\" style=\"width: 40px;\"><\/amp-img><\/a><a class=\"heateor_sss_amp heateor_sss_amp_instagram\" href=\"https:\/\/www.instagram.com\/\" title=\"Instagram\" rel=\"nofollow noopener\" target=\"_blank\"><amp-img src=\"https:\/\/www.radiomajaguabo.icrt.cu\/wp-content\/plugins\/sassy-social-share\/public\/..\/images\/amp\/instagram.svg\" width=\"40\" height=\"40\" alt=\"Instagram\" class=\"amp-wp-enforced-sizes\" style=\"width: 40px;\"><\/amp-img><\/a><a class=\"heateor_sss_amp heateor_sss_amp_x\" href=\"https:\/\/twitter.com\/intent\/tweet?text=Radio%20Majaguabo%20-%20Emisora%20Radio%20Majaguabo%2C%20San%20Luis%2C%20Santiago%20de%20Cuba%2C%20Cuba&url=https%3A%2F%2Fwww.radiomajaguabo.icrt.cu%2Findex.php%3Frest_route%3D%252Fwp%252Fv2%252Fposts%252F178\" title=\"X\" rel=\"nofollow noopener\" target=\"_blank\"><amp-img src=\"https:\/\/www.radiomajaguabo.icrt.cu\/wp-content\/plugins\/sassy-social-share\/public\/..\/images\/amp\/x.svg\" width=\"40\" height=\"40\" alt=\"X\" class=\"amp-wp-enforced-sizes\" style=\"width:40px;\"><\/amp-img><\/a><\/div><div class=\"heateorSssClear\"><\/div><\/div>","protected":false},"author":10,"featured_media":179,"comment_status":"open","ping_status":"open","sticky":false,"template":"","format":"standard","meta":{"colormag_page_layout":"default_layout","footnotes":""},"categories":[6],"tags":[13,114,113],"ppma_author":[39],"class_list":["post-178","post","type-post","status-publish","format-standard","has-post-thumbnail","hentry","category-cultura","tag-cuba","tag-cubaarte","tag-museo-nacional-de-artes-decorativas"],"authors":[{"term_id":39,"user_id":10,"is_guest":0,"slug":"prensa-latina","display_name":"Prensa Latina","avatar_url":"https:\/\/secure.gravatar.com\/avatar\/50c7a3112bb25b21ddc4cf0ff17bac923226a0d4e8814139af94a839af15e315?s=96&d=mm&r=g","author_category":"","user_url":"https:\/\/www.prensa-latina.cu","last_name":"","first_name":"Prensa Latina","job_title":"","description":""}],"amp_enabled":true,"_links":{"self":[{"href":"https:\/\/www.radiomajaguabo.icrt.cu\/index.php?rest_route=\/wp\/v2\/posts\/178","targetHints":{"allow":["GET"]}}],"collection":[{"href":"https:\/\/www.radiomajaguabo.icrt.cu\/index.php?rest_route=\/wp\/v2\/posts"}],"about":[{"href":"https:\/\/www.radiomajaguabo.icrt.cu\/index.php?rest_route=\/wp\/v2\/types\/post"}],"author":[{"embeddable":true,"href":"https:\/\/www.radiomajaguabo.icrt.cu\/index.php?rest_route=\/wp\/v2\/users\/10"}],"replies":[{"embeddable":true,"href":"https:\/\/www.radiomajaguabo.icrt.cu\/index.php?rest_route=%2Fwp%2Fv2%2Fcomments&post=178"}],"version-history":[{"count":1,"href":"https:\/\/www.radiomajaguabo.icrt.cu\/index.php?rest_route=\/wp\/v2\/posts\/178\/revisions"}],"predecessor-version":[{"id":180,"href":"https:\/\/www.radiomajaguabo.icrt.cu\/index.php?rest_route=\/wp\/v2\/posts\/178\/revisions\/180"}],"wp:featuredmedia":[{"embeddable":true,"href":"https:\/\/www.radiomajaguabo.icrt.cu\/index.php?rest_route=\/wp\/v2\/media\/179"}],"wp:attachment":[{"href":"https:\/\/www.radiomajaguabo.icrt.cu\/index.php?rest_route=%2Fwp%2Fv2%2Fmedia&parent=178"}],"wp:term":[{"taxonomy":"category","embeddable":true,"href":"https:\/\/www.radiomajaguabo.icrt.cu\/index.php?rest_route=%2Fwp%2Fv2%2Fcategories&post=178"},{"taxonomy":"post_tag","embeddable":true,"href":"https:\/\/www.radiomajaguabo.icrt.cu\/index.php?rest_route=%2Fwp%2Fv2%2Ftags&post=178"},{"taxonomy":"author","embeddable":true,"href":"https:\/\/www.radiomajaguabo.icrt.cu\/index.php?rest_route=%2Fwp%2Fv2%2Fppma_author&post=178"}],"curies":[{"name":"wp","href":"https:\/\/api.w.org\/{rel}","templated":true}]}}