{"id":173,"date":"2022-07-12T15:26:40","date_gmt":"2022-07-12T15:26:40","guid":{"rendered":"https:\/\/localhost\/radiomajaguabo\/?p=173"},"modified":"2022-07-12T15:26:40","modified_gmt":"2022-07-12T15:26:40","slug":"cubanos-gracial-y-viciedo-a-serie-de-estrellas-de-beisbol-japones","status":"publish","type":"post","link":"https:\/\/www.radiomajaguabo.icrt.cu\/?p=173","title":{"rendered":"Cubanos Gracial y Viciedo a Serie de Estrellas de b\u00e9isbol japon\u00e9s"},"content":{"rendered":"<div class=\"elementor-element elementor-element-44014e52 elementor-widget elementor-widget-theme-post-excerpt\" data-id=\"44014e52\" data-element_type=\"widget\" data-widget_type=\"theme-post-excerpt.default\">\n<div class=\"elementor-widget-container\">Tokio, 12 jul (Prensa Latina) Los cubanos Yurisbel Gracial y Day\u00e1n Viciedo participar\u00e1n en la Serie de Estrellas 2022 de la Liga Japonesa de B\u00e9isbol Profesional (NPB, por las siglas en ingl\u00e9s), prevista el 26 y 27 pr\u00f3ximos, se conoci\u00f3 hoy.<\/div>\n<\/div>\n<p><!--more--><\/p>\n<div class=\"elementor-element elementor-element-27865fbc elementor-share-buttons--view-icon elementor-share-buttons--skin-minimal elementor-share-buttons--shape-circle elementor-share-buttons--color-custom elementor-grid-0 elementor-widget elementor-widget-share-buttons\" data-id=\"27865fbc\" data-element_type=\"widget\" data-widget_type=\"share-buttons.default\">\n<div class=\"elementor-widget-container\">\n<div class=\"elementor-grid\">\n<div class=\"elementor-grid-item\"><\/div>\n<\/div>\n<\/div>\n<\/div>\n<div class=\"elementor-element elementor-element-560e1f7e elementor-widget elementor-widget-theme-post-content\" data-id=\"560e1f7e\" data-element_type=\"widget\" data-widget_type=\"theme-post-content.default\">\n<div class=\"elementor-widget-container\">\n<p>El primero, de los Halcones de Fukuoka SoftBank, acumul\u00f3 125 papeletas como bateador designado en la Liga del Pac\u00edfico, a partir de los resultados de la votaci\u00f3n de los jugadores, al exhibir .292 de average, cinco jonrones, un slugging de 407, y 23 carreras impulsadas.<\/p>\n<p>El jugador, de 36 a\u00f1os, quien asistir\u00e1 as\u00ed por segunda vez a un cl\u00e1sico veraniego nip\u00f3n, super\u00f3 amplio los 91 sufragios del estadounidense Brandon Laird, miembro del Marines de Chiba Lotte, con bateo de .214, 12 conexiones de vuelta completa, un slugging de 376, con 42 carreras impulsadas.<\/p>\n<p>Viciedo, de los Dragones Chunichi, consigui\u00f3 por su parte 156 votos en la primera base de la la Liga Central, con los cuales aventaj\u00f3 por peque\u00f1o margen al japon\u00e9s Sho Nakata y se incluy\u00f3 por tercera vez en una cita de estrellas.<\/p>\n<p>El natural de Villa Clara, de 33 a\u00f1os, presenta una l\u00ednea ofensiva de .278 de average, siete jonrones, un slugging de 424 con 30 carreras impulsadas, mientras su m\u00e1s cercano oponente gan\u00f3 la votaci\u00f3n de los fan\u00e1ticos, por lo que igual participar\u00e1 en el evento.<\/p>\n<p>Alg\u00fan otro pelotero caribe\u00f1o o hispano, seg\u00fan los organizadores, podr\u00eda ser invitado a la Serie de las Estrellas 2022 de la NPB, pues falta aun que los managers de ambos conjuntos den a conocer sus selecciones para completar los rosters.<\/p>\n<p>La siempre bien esperada competencia tendr\u00e1 lugar inicialmente en el Pay Pay Dome, de los Halcones de Fukuoka SoftBank; y en la siguiente jornada en el Matsuyama Central Park, cuyo apodo es Botchan, un estadio de usos m\u00faltiples en el centro de Matsuyama, en el noroeste de la regi\u00f3n de Shikoku.<\/p>\n<p>mgt\/znc<\/p>\n<\/div>\n<\/div>\n<div class=\"elementor-element elementor-element-1fdbd0a elementor-widget elementor-widget-post-info\" data-id=\"1fdbd0a\" data-element_type=\"widget\" data-widget_type=\"post-info.default\">\n<div class=\"elementor-widget-container\">\n<ul class=\"elementor-inline-items elementor-icon-list-items elementor-post-info\">\n<li class=\"elementor-icon-list-item elementor-repeater-item-170494c elementor-inline-item\"><span class=\"elementor-icon-list-text elementor-post-info__item elementor-post-info__item--type-custom\"> #<a href=\"https:\/\/www.prensa-latina.cu\/tags\/beisbol\" rel=\"tag noopener\" target=\"_blank\">beisbol<\/a> #<a href=\"https:\/\/www.prensa-latina.cu\/tags\/cuba\" rel=\"tag noopener\" target=\"_blank\">cuba<\/a> #<a href=\"https:\/\/www.prensa-latina.cu\/tags\/estrellas\" rel=\"tag noopener\" target=\"_blank\">estrellas<\/a> #<a href=\"https:\/\/www.prensa-latina.cu\/tags\/gracial\" rel=\"tag noopener\" target=\"_blank\">Gracial<\/a> #<a href=\"https:\/\/www.prensa-latina.cu\/tags\/japon\" rel=\"tag noopener\" target=\"_blank\">Japon<\/a> #<a href=\"https:\/\/www.prensa-latina.cu\/tags\/serie\" rel=\"tag noopener\" target=\"_blank\">Serie<\/a> #<a href=\"https:\/\/www.prensa-latina.cu\/tags\/viciedo\" rel=\"tag noopener\" target=\"_blank\">Viciedo<\/a> <\/span><\/li>\n<\/ul>\n<\/div>\n<\/div>\n","protected":false},"excerpt":{"rendered":"<p>Tokio, 12 jul (Prensa Latina) Los cubanos Yurisbel Gracial y Day\u00e1n Viciedo participar\u00e1n en la Serie de Estrellas 2022 de<\/p>\n<div class='heateor_sss_sharing_container heateor_sss_vertical_sharing heateor_sss_bottom_sharing' style='width:44px;left: -10px;top: 100px;-webkit-box-shadow:none;box-shadow:none;' ><div class=\"heateor_sss_sharing_ul\"><a class=\"heateor_sss_amp heateor_sss_amp_facebook\" href=\"https:\/\/www.facebook.com\/sharer\/sharer.php?u=https%3A%2F%2Fwww.radiomajaguabo.icrt.cu%2Findex.php%3Frest_route%3D%252Fwp%252Fv2%252Fposts%252F173\" title=\"Facebook\" rel=\"nofollow noopener\" target=\"_blank\"><amp-img src=\"https:\/\/www.radiomajaguabo.icrt.cu\/wp-content\/plugins\/sassy-social-share\/public\/..\/images\/amp\/facebook.svg\" width=\"40\" height=\"40\" alt=\"Facebook\" class=\"amp-wp-enforced-sizes\" style=\"width: 40px;\"><\/amp-img><\/a><a class=\"heateor_sss_amp heateor_sss_amp_linkedin\" href=\"https:\/\/www.linkedin.com\/sharing\/share-offsite\/?url=https%3A%2F%2Fwww.radiomajaguabo.icrt.cu%2Findex.php%3Frest_route%3D%252Fwp%252Fv2%252Fposts%252F173\" title=\"Linkedin\" rel=\"nofollow noopener\" target=\"_blank\"><amp-img src=\"https:\/\/www.radiomajaguabo.icrt.cu\/wp-content\/plugins\/sassy-social-share\/public\/..\/images\/amp\/linkedin.svg\" width=\"40\" height=\"40\" alt=\"Linkedin\" class=\"amp-wp-enforced-sizes\" style=\"width: 40px;\"><\/amp-img><\/a><a class=\"heateor_sss_amp heateor_sss_amp_whatsapp\" href=\"https:\/\/api.whatsapp.com\/send?text=Radio%20Majaguabo%20-%20Emisora%20Radio%20Majaguabo%2C%20San%20Luis%2C%20Santiago%20de%20Cuba%2C%20Cuba%20https%3A%2F%2Fwww.radiomajaguabo.icrt.cu%2Findex.php%3Frest_route%3D%252Fwp%252Fv2%252Fposts%252F173\" title=\"Whatsapp\" rel=\"nofollow noopener\" target=\"_blank\"><amp-img src=\"https:\/\/www.radiomajaguabo.icrt.cu\/wp-content\/plugins\/sassy-social-share\/public\/..\/images\/amp\/whatsapp.svg\" width=\"40\" height=\"40\" alt=\"Whatsapp\" class=\"amp-wp-enforced-sizes\" style=\"width: 40px;\"><\/amp-img><\/a><a class=\"heateor_sss_amp heateor_sss_amp_instagram\" href=\"https:\/\/www.instagram.com\/\" title=\"Instagram\" rel=\"nofollow noopener\" target=\"_blank\"><amp-img src=\"https:\/\/www.radiomajaguabo.icrt.cu\/wp-content\/plugins\/sassy-social-share\/public\/..\/images\/amp\/instagram.svg\" width=\"40\" height=\"40\" alt=\"Instagram\" class=\"amp-wp-enforced-sizes\" style=\"width: 40px;\"><\/amp-img><\/a><a class=\"heateor_sss_amp heateor_sss_amp_x\" href=\"https:\/\/twitter.com\/intent\/tweet?text=Radio%20Majaguabo%20-%20Emisora%20Radio%20Majaguabo%2C%20San%20Luis%2C%20Santiago%20de%20Cuba%2C%20Cuba&url=https%3A%2F%2Fwww.radiomajaguabo.icrt.cu%2Findex.php%3Frest_route%3D%252Fwp%252Fv2%252Fposts%252F173\" title=\"X\" rel=\"nofollow noopener\" target=\"_blank\"><amp-img src=\"https:\/\/www.radiomajaguabo.icrt.cu\/wp-content\/plugins\/sassy-social-share\/public\/..\/images\/amp\/x.svg\" width=\"40\" height=\"40\" alt=\"X\" class=\"amp-wp-enforced-sizes\" style=\"width:40px;\"><\/amp-img><\/a><\/div><div class=\"heateorSssClear\"><\/div><\/div>","protected":false},"author":10,"featured_media":174,"comment_status":"open","ping_status":"open","sticky":false,"template":"","format":"standard","meta":{"colormag_page_layout":"default_layout","footnotes":""},"categories":[5],"tags":[110,112,111,109],"ppma_author":[39],"class_list":["post-173","post","type-post","status-publish","format-standard","has-post-thumbnail","hentry","category-deportes","tag-beisbol","tag-beisbol-profesional","tag-liga-japonesa","tag-serie-de-estrellas-2022"],"authors":[{"term_id":39,"user_id":10,"is_guest":0,"slug":"prensa-latina","display_name":"Prensa Latina","avatar_url":"https:\/\/secure.gravatar.com\/avatar\/50c7a3112bb25b21ddc4cf0ff17bac923226a0d4e8814139af94a839af15e315?s=96&d=mm&r=g","author_category":"","user_url":"https:\/\/www.prensa-latina.cu","last_name":"","first_name":"Prensa Latina","job_title":"","description":""}],"amp_enabled":true,"_links":{"self":[{"href":"https:\/\/www.radiomajaguabo.icrt.cu\/index.php?rest_route=\/wp\/v2\/posts\/173","targetHints":{"allow":["GET"]}}],"collection":[{"href":"https:\/\/www.radiomajaguabo.icrt.cu\/index.php?rest_route=\/wp\/v2\/posts"}],"about":[{"href":"https:\/\/www.radiomajaguabo.icrt.cu\/index.php?rest_route=\/wp\/v2\/types\/post"}],"author":[{"embeddable":true,"href":"https:\/\/www.radiomajaguabo.icrt.cu\/index.php?rest_route=\/wp\/v2\/users\/10"}],"replies":[{"embeddable":true,"href":"https:\/\/www.radiomajaguabo.icrt.cu\/index.php?rest_route=%2Fwp%2Fv2%2Fcomments&post=173"}],"version-history":[{"count":2,"href":"https:\/\/www.radiomajaguabo.icrt.cu\/index.php?rest_route=\/wp\/v2\/posts\/173\/revisions"}],"predecessor-version":[{"id":176,"href":"https:\/\/www.radiomajaguabo.icrt.cu\/index.php?rest_route=\/wp\/v2\/posts\/173\/revisions\/176"}],"wp:featuredmedia":[{"embeddable":true,"href":"https:\/\/www.radiomajaguabo.icrt.cu\/index.php?rest_route=\/wp\/v2\/media\/174"}],"wp:attachment":[{"href":"https:\/\/www.radiomajaguabo.icrt.cu\/index.php?rest_route=%2Fwp%2Fv2%2Fmedia&parent=173"}],"wp:term":[{"taxonomy":"category","embeddable":true,"href":"https:\/\/www.radiomajaguabo.icrt.cu\/index.php?rest_route=%2Fwp%2Fv2%2Fcategories&post=173"},{"taxonomy":"post_tag","embeddable":true,"href":"https:\/\/www.radiomajaguabo.icrt.cu\/index.php?rest_route=%2Fwp%2Fv2%2Ftags&post=173"},{"taxonomy":"author","embeddable":true,"href":"https:\/\/www.radiomajaguabo.icrt.cu\/index.php?rest_route=%2Fwp%2Fv2%2Fppma_author&post=173"}],"curies":[{"name":"wp","href":"https:\/\/api.w.org\/{rel}","templated":true}]}}