{"id":14359,"date":"2026-04-28T14:53:20","date_gmt":"2026-04-28T14:53:20","guid":{"rendered":"https:\/\/www.radiomajaguabo.icrt.cu\/?p=14359"},"modified":"2026-04-28T14:54:14","modified_gmt":"2026-04-28T14:54:14","slug":"una-escuela-sanluisera-para-solo-10-estudiantes-y-los-desafios-de-una-cooperativa","status":"publish","type":"post","link":"https:\/\/www.radiomajaguabo.icrt.cu\/?p=14359","title":{"rendered":"Una escuela sanluisera para solo 10 estudiantes y los desaf\u00edos de una cooperativa (+FOTOS)"},"content":{"rendered":"<div class=\"xdj266r x14z9mp xat24cr x1lziwak x1vvkbs x126k92a\">\n<div dir=\"auto\"><strong>San Luis, Santiago de Cuba, abr. 28, 26.-<\/strong> La segunda parada del Convoy solidario con Cuba aqu\u00ed fue una escuela para solo 10 estudiantes desde los grados de primero a sexto en la comunidad La Cristina.<\/div>\n<div dir=\"auto\">\n<h3 class=\"html-h3 x14z9mp xat24cr x1lziwak xexx8yu xyri2b x18d9i69 x1c1uobl x1vvkbs x1heor9g x1qlqyl8 x1pd3egz x1a2a7pz x1gslohp x1yc453h\"><span class=\"x1lliihq x6ikm8r x10wlt62 x1n2onr6\"><span class=\"xt0psk2\"><span class=\"xjp7ctv\"><a class=\"x1i10hfl xjbqb8w x1ejq31n x18oe1m7 x1sy0etr xstzfhl x972fbf x10w94by x1qhh985 x14e42zd x9f619 x1ypdohk xt0psk2 x3ct3a4 xdj266r x14z9mp xat24cr x1lziwak xexx8yu xyri2b x18d9i69 x1c1uobl x16tdsg8 x1hl2dhg xggy1nq x1a2a7pz xkrqix3 x1sur9pj xzsf02u x1s688f\" tabindex=\"0\" role=\"link\" href=\"https:\/\/www.facebook.com\/NaturalezaSecretadeCuba?__cft__[0]=AZZ-E25HEiXsNVIIkqBupTKZAJ4CGm1pAnTVvGaQND7SikY7cP0mO3-3bhrUyNhfR_3t54JlDyoBnPXa3pw5EDK0eZtCJ9of6R9YC5B3RFQbvuRmfhQwBil1FBuvXChDJ5uz_P7l9OVOxHG3N3a7rQXdInxgXcEGuaJPTDnzuqSKgqWZEhZJi39m6fRwtsYttooyyhslf5NcS7PRIlqn98mrTwK7-Lq5LEf8EHeInZXuzg&amp;__tn__=-UC%2CP-y-R\" target=\"_blank\" rel=\"noopener\"><b class=\"html-b xdj266r x14z9mp xat24cr x1lziwak xexx8yu xyri2b x18d9i69 x1c1uobl x1hl2dhg x16tdsg8 x1vvkbs x1s688f\"><span class=\"html-span xdj266r x14z9mp xat24cr x1lziwak xexx8yu xyri2b x18d9i69 x1c1uobl x1hl2dhg x16tdsg8 x1vvkbs\">Tomado del perfil Naturaleza Secreta<\/span><\/b><\/a><\/span><\/span><\/span><\/h3>\n<\/div>\n<div dir=\"auto\">La maestra camina todos los d\u00edas 8 km para llegar a ella desde una comunidad cercana. Lleva 17 a\u00f1os consagrada a la ense\u00f1anza.<\/div>\n<div dir=\"auto\"><\/div>\n<div dir=\"auto\"><img loading=\"lazy\" decoding=\"async\" class=\" wp-image-14373 aligncenter\" src=\"https:\/\/www.radiomajaguabo.icrt.cu\/wp-content\/uploads\/2026\/04\/escuela_la_cristina8-300x225.jpg\" alt=\"\" width=\"508\" height=\"381\" srcset=\"https:\/\/www.radiomajaguabo.icrt.cu\/wp-content\/uploads\/2026\/04\/escuela_la_cristina8-300x225.jpg 300w, https:\/\/www.radiomajaguabo.icrt.cu\/wp-content\/uploads\/2026\/04\/escuela_la_cristina8.jpg 640w\" sizes=\"auto, (max-width: 508px) 100vw, 508px\" \/><\/div>\n<div dir=\"auto\">Los miembros del Convoy llegaron a la comunidad por el sendero que conduce a ella. All\u00ed todav\u00eda se respira el impacto del hurac\u00e1n Melissa, aunque tambi\u00e9n el de la recuperaci\u00f3n.<\/div>\n<div dir=\"auto\"><\/div>\n<div dir=\"auto\"><img loading=\"lazy\" decoding=\"async\" class=\" wp-image-14374 aligncenter\" src=\"https:\/\/www.radiomajaguabo.icrt.cu\/wp-content\/uploads\/2026\/04\/escuela_la_cristina9-300x246.jpg\" alt=\"\" width=\"455\" height=\"373\" srcset=\"https:\/\/www.radiomajaguabo.icrt.cu\/wp-content\/uploads\/2026\/04\/escuela_la_cristina9-300x246.jpg 300w, https:\/\/www.radiomajaguabo.icrt.cu\/wp-content\/uploads\/2026\/04\/escuela_la_cristina9.jpg 585w\" sizes=\"auto, (max-width: 455px) 100vw, 455px\" \/><\/div>\n<div dir=\"auto\"><\/div>\n<\/div>\n<div class=\"x14z9mp xat24cr x1lziwak x1vvkbs xtlvy1s x126k92a\">\n<div dir=\"auto\"><img loading=\"lazy\" decoding=\"async\" class=\" wp-image-14371 aligncenter\" src=\"https:\/\/www.radiomajaguabo.icrt.cu\/wp-content\/uploads\/2026\/04\/escuela_la_cristina6-225x300.jpg\" alt=\"\" width=\"351\" height=\"468\" srcset=\"https:\/\/www.radiomajaguabo.icrt.cu\/wp-content\/uploads\/2026\/04\/escuela_la_cristina6-225x300.jpg 225w, https:\/\/www.radiomajaguabo.icrt.cu\/wp-content\/uploads\/2026\/04\/escuela_la_cristina6.jpg 480w\" sizes=\"auto, (max-width: 351px) 100vw, 351px\" \/><\/div>\n<div dir=\"auto\"><\/div>\n<div dir=\"auto\"><img loading=\"lazy\" decoding=\"async\" class=\" wp-image-14370 aligncenter\" src=\"https:\/\/www.radiomajaguabo.icrt.cu\/wp-content\/uploads\/2026\/04\/escuela_la_cristina5-225x300.jpg\" alt=\"\" width=\"351\" height=\"468\" srcset=\"https:\/\/www.radiomajaguabo.icrt.cu\/wp-content\/uploads\/2026\/04\/escuela_la_cristina5-225x300.jpg 225w, https:\/\/www.radiomajaguabo.icrt.cu\/wp-content\/uploads\/2026\/04\/escuela_la_cristina5.jpg 480w\" sizes=\"auto, (max-width: 351px) 100vw, 351px\" \/><\/div>\n<div dir=\"auto\"><\/div>\n<div dir=\"auto\"><img loading=\"lazy\" decoding=\"async\" class=\" wp-image-14369 aligncenter\" src=\"https:\/\/www.radiomajaguabo.icrt.cu\/wp-content\/uploads\/2026\/04\/escuela_la_cristina4-300x225.jpg\" alt=\"\" width=\"543\" height=\"407\" srcset=\"https:\/\/www.radiomajaguabo.icrt.cu\/wp-content\/uploads\/2026\/04\/escuela_la_cristina4-300x225.jpg 300w, https:\/\/www.radiomajaguabo.icrt.cu\/wp-content\/uploads\/2026\/04\/escuela_la_cristina4.jpg 640w\" sizes=\"auto, (max-width: 543px) 100vw, 543px\" \/><\/div>\n<div dir=\"auto\"><\/div>\n<div dir=\"auto\"><img loading=\"lazy\" decoding=\"async\" class=\" wp-image-14368 aligncenter\" src=\"https:\/\/www.radiomajaguabo.icrt.cu\/wp-content\/uploads\/2026\/04\/escuela_la_cristina3-300x225.jpg\" alt=\"\" width=\"419\" height=\"314\" srcset=\"https:\/\/www.radiomajaguabo.icrt.cu\/wp-content\/uploads\/2026\/04\/escuela_la_cristina3-300x225.jpg 300w, https:\/\/www.radiomajaguabo.icrt.cu\/wp-content\/uploads\/2026\/04\/escuela_la_cristina3.jpg 640w\" sizes=\"auto, (max-width: 419px) 100vw, 419px\" \/><\/div>\n<div dir=\"auto\"><\/div>\n<div dir=\"auto\"><img loading=\"lazy\" decoding=\"async\" class=\" wp-image-14367 aligncenter\" src=\"https:\/\/www.radiomajaguabo.icrt.cu\/wp-content\/uploads\/2026\/04\/escuela_la_cristina2-300x225.jpg\" alt=\"\" width=\"543\" height=\"407\" srcset=\"https:\/\/www.radiomajaguabo.icrt.cu\/wp-content\/uploads\/2026\/04\/escuela_la_cristina2-300x225.jpg 300w, https:\/\/www.radiomajaguabo.icrt.cu\/wp-content\/uploads\/2026\/04\/escuela_la_cristina2.jpg 640w\" sizes=\"auto, (max-width: 543px) 100vw, 543px\" \/><\/div>\n<\/div>\n<div class=\"x14z9mp xat24cr x1lziwak x1vvkbs xtlvy1s x126k92a\">\n<div dir=\"auto\"><\/div>\n<div dir=\"auto\">Los ni\u00f1os muy felices con las donaciones y enseguida usaron los colores para hacer los primeros dibujos que les dedicaron a algunos de los miembros del Convoy.<\/div>\n<div dir=\"auto\"><\/div>\n<div dir=\"auto\"><img loading=\"lazy\" decoding=\"async\" class=\" wp-image-14366 aligncenter\" src=\"https:\/\/www.radiomajaguabo.icrt.cu\/wp-content\/uploads\/2026\/04\/escuela_la_cristina1-300x225.jpg\" alt=\"\" width=\"455\" height=\"341\" srcset=\"https:\/\/www.radiomajaguabo.icrt.cu\/wp-content\/uploads\/2026\/04\/escuela_la_cristina1-300x225.jpg 300w, https:\/\/www.radiomajaguabo.icrt.cu\/wp-content\/uploads\/2026\/04\/escuela_la_cristina1.jpg 640w\" sizes=\"auto, (max-width: 455px) 100vw, 455px\" \/><\/div>\n<div dir=\"auto\"><\/div>\n<\/div>\n<div class=\"x14z9mp xat24cr x1lziwak x1vvkbs xtlvy1s x126k92a\">\n<div dir=\"auto\">La cooperativa Mario Mu\u00f1oz, en la que trabajan muchos de los habitantes de la comunidad, es de las mejores de la zona y una de las pocas que cumpli\u00f3 sus compromisos de producci\u00f3n de caf\u00e9 del pasado a\u00f1o, pese a los impactos del hurac\u00e1n. Oscar Arg\u00fcelles Castillo, el director de la CCS, explic\u00f3 que la cooperativa posee 740 hect\u00e1reas, de las cuales casi 90 son de caf\u00e9. Sus 108 miembros desarrollan tambi\u00e9n la ganader\u00eda, la producci\u00f3n de viandas, frutas y recientemente cacao. Este \u00faltimo cultivo tiene un gran potencial, por las posibilidades de insertarlo en el mercado internacional y los altos precios que tiene. Los campesinos aspiran a exportar el cacao sin llevarlo a Baracoa, el principal polo productivo para este producto.<\/div>\n<div dir=\"auto\"><\/div>\n<div dir=\"auto\"><img loading=\"lazy\" decoding=\"async\" class=\" wp-image-14372 aligncenter\" src=\"https:\/\/www.radiomajaguabo.icrt.cu\/wp-content\/uploads\/2026\/04\/escuela_la_cristina7-300x146.jpg\" alt=\"\" width=\"450\" height=\"219\" srcset=\"https:\/\/www.radiomajaguabo.icrt.cu\/wp-content\/uploads\/2026\/04\/escuela_la_cristina7-300x146.jpg 300w, https:\/\/www.radiomajaguabo.icrt.cu\/wp-content\/uploads\/2026\/04\/escuela_la_cristina7.jpg 640w\" sizes=\"auto, (max-width: 450px) 100vw, 450px\" \/><\/div>\n<div dir=\"auto\"><\/div>\n<\/div>\n<div class=\"x14z9mp xat24cr x1lziwak x1vvkbs xtlvy1s x126k92a\">\n<div dir=\"auto\">Los productores necesitan machetes para su trabajo diario, m\u00e1s cuando carecen de combustible para utilizar las motosierras disponibles para liberar los troncos de los \u00e1rboles que todav\u00eda quedan sobre los campos, un rostro menos conocido de la asfixia energ\u00e9tica, pero muy presente en esta zona del pa\u00eds.<\/div>\n<div dir=\"auto\"><\/div>\n<\/div>\n<div class=\"x14z9mp xat24cr x1lziwak x1vvkbs xtlvy1s x126k92a\">\n<div dir=\"auto\">A su vez, el caf\u00e9 producido en la cooperativa no utiliza productos qu\u00edmicos, pero no est\u00e1 certificado en su condici\u00f3n org\u00e1nica y, por lo tanto, no puede acceder a ese mercado, retos que se proponen alcanzar con el apoyo de la empresa BioCubaCafe. Tambi\u00e9n el de insertarse en el mercado internacional de carbono.<\/div>\n<div dir=\"auto\"><\/div>\n<\/div>\n<div class=\"x14z9mp xat24cr x1lziwak x1vvkbs xtlvy1s x126k92a\">\n<div dir=\"auto\">La Cuba profunda es con la que interact\u00faa este convoy, conociendo sus enormes valores, su cultura, y a la vez los desaf\u00edos por alcanzar el desarrollo, en momentos en que es m\u00e1s dif\u00edcil lograrlo. Pero ni Cuba est\u00e1 sola, ni renuncia a sus sue\u00f1os.<\/div>\n<div dir=\"auto\"><\/div>\n<\/div>\n<div class=\"x14z9mp xat24cr x1lziwak x1vvkbs xtlvy1s x126k92a\">\n<div dir=\"auto\"><span class=\"html-span xdj266r x14z9mp xat24cr x1lziwak xexx8yu xyri2b x18d9i69 x1c1uobl x1hl2dhg x16tdsg8 x1vvkbs\"><a class=\"x1i10hfl xjbqb8w x1ejq31n x18oe1m7 x1sy0etr xstzfhl x972fbf x10w94by x1qhh985 x14e42zd x9f619 x1ypdohk xt0psk2 x3ct3a4 xdj266r x14z9mp xat24cr x1lziwak xexx8yu xyri2b x18d9i69 x1c1uobl x16tdsg8 x1hl2dhg xggy1nq x1a2a7pz xkrqix3 x1sur9pj x1fey0fg x1s688f\" tabindex=\"0\" role=\"link\" href=\"https:\/\/www.facebook.com\/agenziaitaliacuba?__cft__[0]=AZZ-E25HEiXsNVIIkqBupTKZAJ4CGm1pAnTVvGaQND7SikY7cP0mO3-3bhrUyNhfR_3t54JlDyoBnPXa3pw5EDK0eZtCJ9of6R9YC5B3RFQbvuRmfhQwBil1FBuvXChDJ5uz_P7l9OVOxHG3N3a7rQXdInxgXcEGuaJPTDnzuqSKgqWZEhZJi39m6fRwtsYttooyyhslf5NcS7PRIlqn98mrTwK7-Lq5LEf8EHeInZXuzg&amp;__tn__=-]K-y-R\" target=\"_blank\" rel=\"noopener\"><span class=\"xt0psk2\"><span class=\"xjp7ctv\">AICEC &#8211; Agenzia per l&#8217;Interscambio Culturale ed Economico con Cuba<\/span><\/span><\/a><\/span> <span class=\"html-span xdj266r x14z9mp xat24cr x1lziwak xexx8yu xyri2b x18d9i69 x1c1uobl x1hl2dhg x16tdsg8 x1vvkbs\"><a class=\"x1i10hfl xjbqb8w x1ejq31n x18oe1m7 x1sy0etr xstzfhl x972fbf x10w94by x1qhh985 x14e42zd x9f619 x1ypdohk xt0psk2 x3ct3a4 xdj266r x14z9mp xat24cr x1lziwak xexx8yu xyri2b x18d9i69 x1c1uobl x16tdsg8 x1hl2dhg xggy1nq x1a2a7pz xkrqix3 x1sur9pj x1fey0fg x1s688f\" tabindex=\"0\" role=\"link\" href=\"https:\/\/www.facebook.com\/MINSAPCuba?__cft__[0]=AZZ-E25HEiXsNVIIkqBupTKZAJ4CGm1pAnTVvGaQND7SikY7cP0mO3-3bhrUyNhfR_3t54JlDyoBnPXa3pw5EDK0eZtCJ9of6R9YC5B3RFQbvuRmfhQwBil1FBuvXChDJ5uz_P7l9OVOxHG3N3a7rQXdInxgXcEGuaJPTDnzuqSKgqWZEhZJi39m6fRwtsYttooyyhslf5NcS7PRIlqn98mrTwK7-Lq5LEf8EHeInZXuzg&amp;__tn__=-]K-y-R\" target=\"_blank\" rel=\"noopener\"><span class=\"xt0psk2\"><span class=\"xjp7ctv\">Ministerio de Salud P\u00fablica de Cuba<\/span><\/span><\/a><\/span> <span class=\"html-span xdj266r x14z9mp xat24cr x1lziwak xexx8yu xyri2b x18d9i69 x1c1uobl x1hl2dhg x16tdsg8 x1vvkbs\"><a class=\"x1i10hfl xjbqb8w x1ejq31n x18oe1m7 x1sy0etr xstzfhl x972fbf x10w94by x1qhh985 x14e42zd x9f619 x1ypdohk xt0psk2 x3ct3a4 xdj266r x14z9mp xat24cr x1lziwak xexx8yu xyri2b x18d9i69 x1c1uobl x16tdsg8 x1hl2dhg xggy1nq x1a2a7pz xkrqix3 x1sur9pj x1fey0fg x1s688f\" tabindex=\"0\" role=\"link\" href=\"https:\/\/www.facebook.com\/GobiernoCuba?__cft__[0]=AZZ-E25HEiXsNVIIkqBupTKZAJ4CGm1pAnTVvGaQND7SikY7cP0mO3-3bhrUyNhfR_3t54JlDyoBnPXa3pw5EDK0eZtCJ9of6R9YC5B3RFQbvuRmfhQwBil1FBuvXChDJ5uz_P7l9OVOxHG3N3a7rQXdInxgXcEGuaJPTDnzuqSKgqWZEhZJi39m6fRwtsYttooyyhslf5NcS7PRIlqn98mrTwK7-Lq5LEf8EHeInZXuzg&amp;__tn__=-]K-y-R\" target=\"_blank\" rel=\"noopener\"><span class=\"xt0psk2\"><span class=\"xjp7ctv\">Gobierno Cuba<\/span><\/span><\/a><\/span> <span class=\"html-span xdj266r x14z9mp xat24cr x1lziwak xexx8yu xyri2b x18d9i69 x1c1uobl x1hl2dhg x16tdsg8 x1vvkbs\"><a class=\"x1i10hfl xjbqb8w x1ejq31n x18oe1m7 x1sy0etr xstzfhl x972fbf x10w94by x1qhh985 x14e42zd x9f619 x1ypdohk xt0psk2 x3ct3a4 xdj266r x14z9mp xat24cr x1lziwak xexx8yu xyri2b x18d9i69 x1c1uobl x16tdsg8 x1hl2dhg xggy1nq x1a2a7pz xkrqix3 x1sur9pj x1fey0fg x1s688f\" tabindex=\"0\" role=\"link\" href=\"https:\/\/www.facebook.com\/PresidenciaDeCuba?__cft__[0]=AZZ-E25HEiXsNVIIkqBupTKZAJ4CGm1pAnTVvGaQND7SikY7cP0mO3-3bhrUyNhfR_3t54JlDyoBnPXa3pw5EDK0eZtCJ9of6R9YC5B3RFQbvuRmfhQwBil1FBuvXChDJ5uz_P7l9OVOxHG3N3a7rQXdInxgXcEGuaJPTDnzuqSKgqWZEhZJi39m6fRwtsYttooyyhslf5NcS7PRIlqn98mrTwK7-Lq5LEf8EHeInZXuzg&amp;__tn__=-]K-y-R\" target=\"_blank\" rel=\"noopener\"><span class=\"xt0psk2\"><span class=\"xjp7ctv\">Presidencia Cuba<\/span><\/span><\/a><\/span> <span class=\"html-span xdj266r x14z9mp xat24cr x1lziwak xexx8yu xyri2b x18d9i69 x1c1uobl x1hl2dhg x16tdsg8 x1vvkbs\"><a class=\"x1i10hfl xjbqb8w x1ejq31n x18oe1m7 x1sy0etr xstzfhl x972fbf x10w94by x1qhh985 x14e42zd x9f619 x1ypdohk xt0psk2 x3ct3a4 xdj266r x14z9mp xat24cr x1lziwak xexx8yu xyri2b x18d9i69 x1c1uobl x16tdsg8 x1hl2dhg xggy1nq x1a2a7pz xkrqix3 x1sur9pj x1fey0fg x1s688f\" tabindex=\"0\" role=\"link\" href=\"https:\/\/www.facebook.com\/OncologicoVC?__cft__[0]=AZZ-E25HEiXsNVIIkqBupTKZAJ4CGm1pAnTVvGaQND7SikY7cP0mO3-3bhrUyNhfR_3t54JlDyoBnPXa3pw5EDK0eZtCJ9of6R9YC5B3RFQbvuRmfhQwBil1FBuvXChDJ5uz_P7l9OVOxHG3N3a7rQXdInxgXcEGuaJPTDnzuqSKgqWZEhZJi39m6fRwtsYttooyyhslf5NcS7PRIlqn98mrTwK7-Lq5LEf8EHeInZXuzg&amp;__tn__=-]K-y-R\" target=\"_blank\" rel=\"noopener\"><span class=\"xt0psk2\"><span class=\"xjp7ctv\">Hospital Oncol\u00f3gico-Universitario Territorial \u00abDr. Celestino Hdez Robau\u00bb<\/span><\/span><\/a><\/span> <span class=\"html-span xdj266r x14z9mp xat24cr x1lziwak xexx8yu xyri2b x18d9i69 x1c1uobl x1hl2dhg x16tdsg8 x1vvkbs\"><a class=\"x1i10hfl xjbqb8w x1ejq31n x18oe1m7 x1sy0etr xstzfhl x972fbf x10w94by x1qhh985 x14e42zd x9f619 x1ypdohk xt0psk2 x3ct3a4 xdj266r x14z9mp xat24cr x1lziwak xexx8yu xyri2b x18d9i69 x1c1uobl x16tdsg8 x1hl2dhg xggy1nq x1a2a7pz xkrqix3 x1sur9pj x1fey0fg x1s688f\" tabindex=\"0\" role=\"link\" href=\"https:\/\/www.facebook.com\/hamccuba?__cft__[0]=AZZ-E25HEiXsNVIIkqBupTKZAJ4CGm1pAnTVvGaQND7SikY7cP0mO3-3bhrUyNhfR_3t54JlDyoBnPXa3pw5EDK0eZtCJ9of6R9YC5B3RFQbvuRmfhQwBil1FBuvXChDJ5uz_P7l9OVOxHG3N3a7rQXdInxgXcEGuaJPTDnzuqSKgqWZEhZJi39m6fRwtsYttooyyhslf5NcS7PRIlqn98mrTwK7-Lq5LEf8EHeInZXuzg&amp;__tn__=-]K-y-R\" target=\"_blank\" rel=\"noopener\"><span class=\"xt0psk2\"><span class=\"xjp7ctv\">Hospital Provincial Clinico Quirurgico \u00abArnaldo Milian Castro\u00bb<\/span><\/span><\/a><\/span> <span class=\"html-span xdj266r x14z9mp xat24cr x1lziwak xexx8yu xyri2b x18d9i69 x1c1uobl x1hl2dhg x16tdsg8 x1vvkbs\"><a class=\"x1i10hfl xjbqb8w x1ejq31n x18oe1m7 x1sy0etr xstzfhl x972fbf x10w94by x1qhh985 x14e42zd x9f619 x1ypdohk xt0psk2 x3ct3a4 xdj266r x14z9mp xat24cr x1lziwak xexx8yu xyri2b x18d9i69 x1c1uobl x16tdsg8 x1hl2dhg xggy1nq x1a2a7pz xkrqix3 x1sur9pj x1fey0fg x1s688f\" tabindex=\"0\" role=\"link\" href=\"https:\/\/www.facebook.com\/profile.php?id=61582054831904&amp;__cft__[0]=AZZ-E25HEiXsNVIIkqBupTKZAJ4CGm1pAnTVvGaQND7SikY7cP0mO3-3bhrUyNhfR_3t54JlDyoBnPXa3pw5EDK0eZtCJ9of6R9YC5B3RFQbvuRmfhQwBil1FBuvXChDJ5uz_P7l9OVOxHG3N3a7rQXdInxgXcEGuaJPTDnzuqSKgqWZEhZJi39m6fRwtsYttooyyhslf5NcS7PRIlqn98mrTwK7-Lq5LEf8EHeInZXuzg&amp;__tn__=-]K-y-R\" target=\"_blank\" rel=\"noopener\"><span class=\"xt0psk2\"><span class=\"xjp7ctv\">Hospital Universitario Ginecobst\u00e9trico Provincial \u00abAna Betancourt de Mora\u00bb<\/span><\/span><\/a><\/span> <span class=\"html-span xdj266r x14z9mp xat24cr x1lziwak xexx8yu xyri2b x18d9i69 x1c1uobl x1hl2dhg x16tdsg8 x1vvkbs\"><a class=\"x1i10hfl xjbqb8w x1ejq31n x18oe1m7 x1sy0etr xstzfhl x972fbf x10w94by x1qhh985 x14e42zd x9f619 x1ypdohk xt0psk2 x3ct3a4 xdj266r x14z9mp xat24cr x1lziwak xexx8yu xyri2b x18d9i69 x1c1uobl x16tdsg8 x1hl2dhg xggy1nq x1a2a7pz xkrqix3 x1sur9pj x1fey0fg x1s688f\" tabindex=\"0\" role=\"link\" href=\"https:\/\/www.facebook.com\/profile.php?id=100091764969888&amp;__cft__[0]=AZZ-E25HEiXsNVIIkqBupTKZAJ4CGm1pAnTVvGaQND7SikY7cP0mO3-3bhrUyNhfR_3t54JlDyoBnPXa3pw5EDK0eZtCJ9of6R9YC5B3RFQbvuRmfhQwBil1FBuvXChDJ5uz_P7l9OVOxHG3N3a7rQXdInxgXcEGuaJPTDnzuqSKgqWZEhZJi39m6fRwtsYttooyyhslf5NcS7PRIlqn98mrTwK7-Lq5LEf8EHeInZXuzg&amp;__tn__=-]K-y-R\" target=\"_blank\" rel=\"noopener\"><span class=\"xt0psk2\"><span class=\"xjp7ctv\">Hospital Provincial Cl\u00ednico Quir\u00fargico Docente Faustino P\u00e9rez<\/span><\/span><\/a><\/span> <span class=\"html-span xdj266r x14z9mp xat24cr x1lziwak xexx8yu xyri2b x18d9i69 x1c1uobl x1hl2dhg x16tdsg8 x1vvkbs\"><a class=\"x1i10hfl xjbqb8w x1ejq31n x18oe1m7 x1sy0etr xstzfhl x972fbf x10w94by x1qhh985 x14e42zd x9f619 x1ypdohk xt0psk2 x3ct3a4 xdj266r x14z9mp xat24cr x1lziwak xexx8yu xyri2b x18d9i69 x1c1uobl x16tdsg8 x1hl2dhg xggy1nq x1a2a7pz xkrqix3 x1sur9pj x1fey0fg x1s688f\" tabindex=\"0\" role=\"link\" href=\"https:\/\/www.facebook.com\/hppap?__cft__[0]=AZZ-E25HEiXsNVIIkqBupTKZAJ4CGm1pAnTVvGaQND7SikY7cP0mO3-3bhrUyNhfR_3t54JlDyoBnPXa3pw5EDK0eZtCJ9of6R9YC5B3RFQbvuRmfhQwBil1FBuvXChDJ5uz_P7l9OVOxHG3N3a7rQXdInxgXcEGuaJPTDnzuqSKgqWZEhZJi39m6fRwtsYttooyyhslf5NcS7PRIlqn98mrTwK7-Lq5LEf8EHeInZXuzg&amp;__tn__=-]K-y-R\" target=\"_blank\" rel=\"noopener\"><span class=\"xt0psk2\"><span class=\"xjp7ctv\">Hospital Pedi\u00e1trico Pedro Agust\u00edn P\u00e9rez<\/span><\/span><\/a><\/span> <span class=\"html-span xdj266r x14z9mp xat24cr x1lziwak xexx8yu xyri2b x18d9i69 x1c1uobl x1hl2dhg x16tdsg8 x1vvkbs\"><a class=\"x1i10hfl xjbqb8w x1ejq31n x18oe1m7 x1sy0etr xstzfhl x972fbf x10w94by x1qhh985 x14e42zd x9f619 x1ypdohk xt0psk2 x3ct3a4 xdj266r x14z9mp xat24cr x1lziwak xexx8yu xyri2b x18d9i69 x1c1uobl x16tdsg8 x1hl2dhg xggy1nq x1a2a7pz xkrqix3 x1sur9pj x1fey0fg x1s688f\" tabindex=\"0\" role=\"link\" href=\"https:\/\/www.facebook.com\/orgullodesantiago?__cft__[0]=AZZ-E25HEiXsNVIIkqBupTKZAJ4CGm1pAnTVvGaQND7SikY7cP0mO3-3bhrUyNhfR_3t54JlDyoBnPXa3pw5EDK0eZtCJ9of6R9YC5B3RFQbvuRmfhQwBil1FBuvXChDJ5uz_P7l9OVOxHG3N3a7rQXdInxgXcEGuaJPTDnzuqSKgqWZEhZJi39m6fRwtsYttooyyhslf5NcS7PRIlqn98mrTwK7-Lq5LEf8EHeInZXuzg&amp;__tn__=-]K-y-R\" target=\"_blank\" rel=\"noopener\"><span class=\"xt0psk2\"><span class=\"xjp7ctv\">Oficina del Conservador de la Ciudad de Santiago de Cuba<\/span><\/span><\/a><\/span><\/div>\n<\/div>\n<div class=\"x14z9mp xat24cr x1lziwak x1vvkbs xtlvy1s x126k92a\">\n<div dir=\"auto\"><span class=\"html-span xdj266r x14z9mp xat24cr x1lziwak xexx8yu xyri2b x18d9i69 x1c1uobl x1hl2dhg x16tdsg8 x1vvkbs\"><a class=\"x1i10hfl xjbqb8w x1ejq31n x18oe1m7 x1sy0etr xstzfhl x972fbf x10w94by x1qhh985 x14e42zd x9f619 x1ypdohk xt0psk2 x3ct3a4 xdj266r x14z9mp xat24cr x1lziwak xexx8yu xyri2b x18d9i69 x1c1uobl x16tdsg8 x1hl2dhg xggy1nq x1a2a7pz xkrqix3 x1sur9pj x1fey0fg x1s688f\" tabindex=\"0\" role=\"link\" href=\"https:\/\/www.facebook.com\/hashtag\/cuba?__cft__[0]=AZZ-E25HEiXsNVIIkqBupTKZAJ4CGm1pAnTVvGaQND7SikY7cP0mO3-3bhrUyNhfR_3t54JlDyoBnPXa3pw5EDK0eZtCJ9of6R9YC5B3RFQbvuRmfhQwBil1FBuvXChDJ5uz_P7l9OVOxHG3N3a7rQXdInxgXcEGuaJPTDnzuqSKgqWZEhZJi39m6fRwtsYttooyyhslf5NcS7PRIlqn98mrTwK7-Lq5LEf8EHeInZXuzg&amp;__tn__=*NK-y-R\" target=\"_blank\" rel=\"noopener\">#cuba<\/a><\/span> <span class=\"html-span xdj266r x14z9mp xat24cr x1lziwak xexx8yu xyri2b x18d9i69 x1c1uobl x1hl2dhg x16tdsg8 x1vvkbs\"><a class=\"x1i10hfl xjbqb8w x1ejq31n x18oe1m7 x1sy0etr xstzfhl x972fbf x10w94by x1qhh985 x14e42zd x9f619 x1ypdohk xt0psk2 x3ct3a4 xdj266r x14z9mp xat24cr x1lziwak xexx8yu xyri2b x18d9i69 x1c1uobl x16tdsg8 x1hl2dhg xggy1nq x1a2a7pz xkrqix3 x1sur9pj x1fey0fg x1s688f\" tabindex=\"0\" role=\"link\" href=\"https:\/\/www.facebook.com\/hashtag\/cubanoestasola?__cft__[0]=AZZ-E25HEiXsNVIIkqBupTKZAJ4CGm1pAnTVvGaQND7SikY7cP0mO3-3bhrUyNhfR_3t54JlDyoBnPXa3pw5EDK0eZtCJ9of6R9YC5B3RFQbvuRmfhQwBil1FBuvXChDJ5uz_P7l9OVOxHG3N3a7rQXdInxgXcEGuaJPTDnzuqSKgqWZEhZJi39m6fRwtsYttooyyhslf5NcS7PRIlqn98mrTwK7-Lq5LEf8EHeInZXuzg&amp;__tn__=*NK-y-R\" target=\"_blank\" rel=\"noopener\">#CubaNoEstaSola<\/a><\/span> <span class=\"html-span xdj266r x14z9mp xat24cr x1lziwak xexx8yu xyri2b x18d9i69 x1c1uobl x1hl2dhg x16tdsg8 x1vvkbs\"><a class=\"x1i10hfl xjbqb8w x1ejq31n x18oe1m7 x1sy0etr xstzfhl x972fbf x10w94by x1qhh985 x14e42zd x9f619 x1ypdohk xt0psk2 x3ct3a4 xdj266r x14z9mp xat24cr x1lziwak xexx8yu xyri2b x18d9i69 x1c1uobl x16tdsg8 x1hl2dhg xggy1nq x1a2a7pz xkrqix3 x1sur9pj x1fey0fg x1s688f\" tabindex=\"0\" role=\"link\" href=\"https:\/\/www.facebook.com\/hashtag\/letcubabreathe?__cft__[0]=AZZ-E25HEiXsNVIIkqBupTKZAJ4CGm1pAnTVvGaQND7SikY7cP0mO3-3bhrUyNhfR_3t54JlDyoBnPXa3pw5EDK0eZtCJ9of6R9YC5B3RFQbvuRmfhQwBil1FBuvXChDJ5uz_P7l9OVOxHG3N3a7rQXdInxgXcEGuaJPTDnzuqSKgqWZEhZJi39m6fRwtsYttooyyhslf5NcS7PRIlqn98mrTwK7-Lq5LEf8EHeInZXuzg&amp;__tn__=*NK-y-R\" target=\"_blank\" rel=\"noopener\">#letcubabreathe<\/a><\/span> <span class=\"html-span xdj266r x14z9mp xat24cr x1lziwak xexx8yu xyri2b x18d9i69 x1c1uobl x1hl2dhg x16tdsg8 x1vvkbs\"><a class=\"x1i10hfl xjbqb8w x1ejq31n x18oe1m7 x1sy0etr xstzfhl x972fbf x10w94by x1qhh985 x14e42zd x9f619 x1ypdohk xt0psk2 x3ct3a4 xdj266r x14z9mp xat24cr x1lziwak xexx8yu xyri2b x18d9i69 x1c1uobl x16tdsg8 x1hl2dhg xggy1nq x1a2a7pz xkrqix3 x1sur9pj x1fey0fg x1s688f\" tabindex=\"0\" role=\"link\" href=\"https:\/\/www.facebook.com\/hashtag\/asfixia?__cft__[0]=AZZ-E25HEiXsNVIIkqBupTKZAJ4CGm1pAnTVvGaQND7SikY7cP0mO3-3bhrUyNhfR_3t54JlDyoBnPXa3pw5EDK0eZtCJ9of6R9YC5B3RFQbvuRmfhQwBil1FBuvXChDJ5uz_P7l9OVOxHG3N3a7rQXdInxgXcEGuaJPTDnzuqSKgqWZEhZJi39m6fRwtsYttooyyhslf5NcS7PRIlqn98mrTwK7-Lq5LEf8EHeInZXuzg&amp;__tn__=*NK-y-R\" target=\"_blank\" rel=\"noopener\">#asfixia<\/a><\/span> <span class=\"html-span xdj266r x14z9mp xat24cr x1lziwak xexx8yu xyri2b x18d9i69 x1c1uobl x1hl2dhg x16tdsg8 x1vvkbs\"><a class=\"x1i10hfl xjbqb8w x1ejq31n x18oe1m7 x1sy0etr xstzfhl x972fbf x10w94by x1qhh985 x14e42zd x9f619 x1ypdohk xt0psk2 x3ct3a4 xdj266r x14z9mp xat24cr x1lziwak xexx8yu xyri2b x18d9i69 x1c1uobl x16tdsg8 x1hl2dhg xggy1nq x1a2a7pz xkrqix3 x1sur9pj x1fey0fg x1s688f\" tabindex=\"0\" role=\"link\" href=\"https:\/\/www.facebook.com\/hashtag\/convoyprimerodemayo?__cft__[0]=AZZ-E25HEiXsNVIIkqBupTKZAJ4CGm1pAnTVvGaQND7SikY7cP0mO3-3bhrUyNhfR_3t54JlDyoBnPXa3pw5EDK0eZtCJ9of6R9YC5B3RFQbvuRmfhQwBil1FBuvXChDJ5uz_P7l9OVOxHG3N3a7rQXdInxgXcEGuaJPTDnzuqSKgqWZEhZJi39m6fRwtsYttooyyhslf5NcS7PRIlqn98mrTwK7-Lq5LEf8EHeInZXuzg&amp;__tn__=*NK-y-R\" target=\"_blank\" rel=\"noopener\">#convoyprimerodemayo<\/a><\/span><\/div>\n<\/div>\n","protected":false},"excerpt":{"rendered":"<p>San Luis, Santiago de Cuba, abr. 28, 26.- La segunda parada del Convoy solidario con Cuba aqu\u00ed fue una escuela<\/p>\n<div class='heateor_sss_sharing_container heateor_sss_vertical_sharing heateor_sss_bottom_sharing' style='width:44px;left: -10px;top: 100px;-webkit-box-shadow:none;box-shadow:none;' ><div class=\"heateor_sss_sharing_ul\"><a class=\"heateor_sss_amp heateor_sss_amp_facebook\" href=\"https:\/\/www.facebook.com\/sharer\/sharer.php?u=https%3A%2F%2Fwww.radiomajaguabo.icrt.cu%2Findex.php%3Frest_route%3D%252Fwp%252Fv2%252Fposts%252F14359\" title=\"Facebook\" rel=\"nofollow noopener\" target=\"_blank\"><amp-img src=\"https:\/\/www.radiomajaguabo.icrt.cu\/wp-content\/plugins\/sassy-social-share\/public\/..\/images\/amp\/facebook.svg\" width=\"40\" height=\"40\" alt=\"Facebook\" class=\"amp-wp-enforced-sizes\" style=\"width: 40px;\"><\/amp-img><\/a><a class=\"heateor_sss_amp heateor_sss_amp_linkedin\" href=\"https:\/\/www.linkedin.com\/sharing\/share-offsite\/?url=https%3A%2F%2Fwww.radiomajaguabo.icrt.cu%2Findex.php%3Frest_route%3D%252Fwp%252Fv2%252Fposts%252F14359\" title=\"Linkedin\" rel=\"nofollow noopener\" target=\"_blank\"><amp-img src=\"https:\/\/www.radiomajaguabo.icrt.cu\/wp-content\/plugins\/sassy-social-share\/public\/..\/images\/amp\/linkedin.svg\" width=\"40\" height=\"40\" alt=\"Linkedin\" class=\"amp-wp-enforced-sizes\" style=\"width: 40px;\"><\/amp-img><\/a><a class=\"heateor_sss_amp heateor_sss_amp_whatsapp\" href=\"https:\/\/api.whatsapp.com\/send?text=Radio%20Majaguabo%20-%20Emisora%20Radio%20Majaguabo%2C%20San%20Luis%2C%20Santiago%20de%20Cuba%2C%20Cuba%20https%3A%2F%2Fwww.radiomajaguabo.icrt.cu%2Findex.php%3Frest_route%3D%252Fwp%252Fv2%252Fposts%252F14359\" title=\"Whatsapp\" rel=\"nofollow noopener\" target=\"_blank\"><amp-img src=\"https:\/\/www.radiomajaguabo.icrt.cu\/wp-content\/plugins\/sassy-social-share\/public\/..\/images\/amp\/whatsapp.svg\" width=\"40\" height=\"40\" alt=\"Whatsapp\" class=\"amp-wp-enforced-sizes\" style=\"width: 40px;\"><\/amp-img><\/a><a class=\"heateor_sss_amp heateor_sss_amp_instagram\" href=\"https:\/\/www.instagram.com\/\" title=\"Instagram\" rel=\"nofollow noopener\" target=\"_blank\"><amp-img src=\"https:\/\/www.radiomajaguabo.icrt.cu\/wp-content\/plugins\/sassy-social-share\/public\/..\/images\/amp\/instagram.svg\" width=\"40\" height=\"40\" alt=\"Instagram\" class=\"amp-wp-enforced-sizes\" style=\"width: 40px;\"><\/amp-img><\/a><a class=\"heateor_sss_amp heateor_sss_amp_x\" href=\"https:\/\/twitter.com\/intent\/tweet?text=Radio%20Majaguabo%20-%20Emisora%20Radio%20Majaguabo%2C%20San%20Luis%2C%20Santiago%20de%20Cuba%2C%20Cuba&url=https%3A%2F%2Fwww.radiomajaguabo.icrt.cu%2Findex.php%3Frest_route%3D%252Fwp%252Fv2%252Fposts%252F14359\" title=\"X\" rel=\"nofollow noopener\" target=\"_blank\"><amp-img src=\"https:\/\/www.radiomajaguabo.icrt.cu\/wp-content\/plugins\/sassy-social-share\/public\/..\/images\/amp\/x.svg\" width=\"40\" height=\"40\" alt=\"X\" class=\"amp-wp-enforced-sizes\" style=\"width:40px;\"><\/amp-img><\/a><\/div><div class=\"heateorSssClear\"><\/div><\/div>","protected":false},"author":1,"featured_media":14366,"comment_status":"open","ping_status":"open","sticky":false,"template":"","format":"standard","meta":{"colormag_page_layout":"default_layout","footnotes":""},"categories":[6,9,10],"tags":[],"ppma_author":[37],"class_list":["post-14359","post","type-post","status-publish","format-standard","has-post-thumbnail","hentry","category-cultura","category-historia","category-san-luis"],"authors":[{"term_id":37,"user_id":1,"is_guest":0,"slug":"alberterie","display_name":"Administrador","avatar_url":"https:\/\/secure.gravatar.com\/avatar\/c7c20c93c5f4c81e7a7dc9b02a42095ae8875c9af446129683aaa06faf7fd1f3?s=96&d=mm&r=g","author_category":"","user_url":"https:\/\/www.radiomajaguabo.icrt.cu","last_name":"Alberterie Rivero","first_name":"Pedro","job_title":"","description":""}],"amp_enabled":true,"_links":{"self":[{"href":"https:\/\/www.radiomajaguabo.icrt.cu\/index.php?rest_route=\/wp\/v2\/posts\/14359","targetHints":{"allow":["GET"]}}],"collection":[{"href":"https:\/\/www.radiomajaguabo.icrt.cu\/index.php?rest_route=\/wp\/v2\/posts"}],"about":[{"href":"https:\/\/www.radiomajaguabo.icrt.cu\/index.php?rest_route=\/wp\/v2\/types\/post"}],"author":[{"embeddable":true,"href":"https:\/\/www.radiomajaguabo.icrt.cu\/index.php?rest_route=\/wp\/v2\/users\/1"}],"replies":[{"embeddable":true,"href":"https:\/\/www.radiomajaguabo.icrt.cu\/index.php?rest_route=%2Fwp%2Fv2%2Fcomments&post=14359"}],"version-history":[{"count":2,"href":"https:\/\/www.radiomajaguabo.icrt.cu\/index.php?rest_route=\/wp\/v2\/posts\/14359\/revisions"}],"predecessor-version":[{"id":14376,"href":"https:\/\/www.radiomajaguabo.icrt.cu\/index.php?rest_route=\/wp\/v2\/posts\/14359\/revisions\/14376"}],"wp:featuredmedia":[{"embeddable":true,"href":"https:\/\/www.radiomajaguabo.icrt.cu\/index.php?rest_route=\/wp\/v2\/media\/14366"}],"wp:attachment":[{"href":"https:\/\/www.radiomajaguabo.icrt.cu\/index.php?rest_route=%2Fwp%2Fv2%2Fmedia&parent=14359"}],"wp:term":[{"taxonomy":"category","embeddable":true,"href":"https:\/\/www.radiomajaguabo.icrt.cu\/index.php?rest_route=%2Fwp%2Fv2%2Fcategories&post=14359"},{"taxonomy":"post_tag","embeddable":true,"href":"https:\/\/www.radiomajaguabo.icrt.cu\/index.php?rest_route=%2Fwp%2Fv2%2Ftags&post=14359"},{"taxonomy":"author","embeddable":true,"href":"https:\/\/www.radiomajaguabo.icrt.cu\/index.php?rest_route=%2Fwp%2Fv2%2Fppma_author&post=14359"}],"curies":[{"name":"wp","href":"https:\/\/api.w.org\/{rel}","templated":true}]}}