{"id":14306,"date":"2026-04-24T10:42:29","date_gmt":"2026-04-24T10:42:29","guid":{"rendered":"https:\/\/www.radiomajaguabo.icrt.cu\/?p=14306"},"modified":"2026-04-24T03:02:28","modified_gmt":"2026-04-24T03:02:28","slug":"trabajadores-del-sector-agricola-en-san-luis-ratifican-incondicional-apoyo-a-la-revolucion","status":"publish","type":"post","link":"https:\/\/www.radiomajaguabo.icrt.cu\/?p=14306","title":{"rendered":"Trabajadores del sector agr\u00edcola en San Luis ratifican incondicional apoyo a la Revoluci\u00f3n"},"content":{"rendered":"<div class=\"xdj266r x14z9mp xat24cr x1lziwak x1vvkbs x126k92a\">\n<div dir=\"auto\"><strong>San Luis, Santiago de Cuba, abr. 24, 26.-<\/strong> En la sede de la Asociaci\u00f3n Nacional de Agricultores Peque\u00f1os (ANAP) aqu\u00ed, presidentes de cooperativas, trabajadores y cuadros de la organizaci\u00f3n ratificaron su incondicional apoyo a la Revoluci\u00f3n que defendieron hace 65 a\u00f1os en Playa Gir\u00f3n nuestros combatientes y milicianos.<\/div>\n<div dir=\"auto\"><\/div>\n<div dir=\"auto\"><img loading=\"lazy\" decoding=\"async\" class=\" wp-image-14308 aligncenter\" src=\"https:\/\/www.radiomajaguabo.icrt.cu\/wp-content\/uploads\/2026\/04\/sector_agricola_firmas1-300x203.jpg\" alt=\"\" width=\"559\" height=\"378\" srcset=\"https:\/\/www.radiomajaguabo.icrt.cu\/wp-content\/uploads\/2026\/04\/sector_agricola_firmas1-300x203.jpg 300w, https:\/\/www.radiomajaguabo.icrt.cu\/wp-content\/uploads\/2026\/04\/sector_agricola_firmas1.jpg 640w\" sizes=\"auto, (max-width: 559px) 100vw, 559px\" \/><\/div>\n<div dir=\"auto\"><\/div>\n<\/div>\n<div class=\"x14z9mp xat24cr x1lziwak x1vvkbs xtlvy1s x126k92a\">\n<div dir=\"auto\">Los campesinos, el sector m\u00e1s humilde de la sociedad civil cubana, respalda la convocatoria realizada por el Primer Secretario del Comit\u00e9 Central del Partido y Presidente de la Rep\u00fablica Miguel D\u00edaz \u2013 Canel Berm\u00fadez, a organizaciones de Cuba y el mundo para que se conozca la verdad de Cuba y la disposici\u00f3n del pueblo cubano y santiaguero de luchar por su libertad y la Patria, dijo Sonia Licet Gir\u00f3n Hechavarr\u00eda, presidenta del Comit\u00e9 municipal de la ANAP.<\/div>\n<div dir=\"auto\"><\/div>\n<\/div>\n<div class=\"x14z9mp xat24cr x1lziwak x1vvkbs xtlvy1s x126k92a\">\n<div dir=\"auto\">\u00c1ngel Bueno Verdecia, vicepresidente de la Cooperativa de Cr\u00e9ditos y Servicios Mario Mu\u00f1oz, con vasta experiencia en la direcci\u00f3n de la organizaci\u00f3n, patentiz\u00f3 su apoyo a la Declaraci\u00f3n del Gobierno Revolucionario emitida en la conmemoraci\u00f3n por el 65 aniversario de Playa Gir\u00f3n.<\/div>\n<div dir=\"auto\"><\/div>\n<\/div>\n<div class=\"x14z9mp xat24cr x1lziwak x1vvkbs xtlvy1s x126k92a\">\n<div dir=\"auto\">Los cubanos y santiagueros tenemos vocaci\u00f3n de paz, pero estamos listos para defender este suelo y esta Patria, que ha costado mucho mantener, es la oportunidad para condenar recrudecimiento de la pol\u00edtica hostil del Gobierno de los Estados Unidos, empe\u00f1ado en asfixiarnos econ\u00f3micamente, recalc\u00f3 Idalmis S\u00e1nchez Aguilera, especialista de Agro ecolog\u00eda en la sede municipal de la ANAP.<\/div>\n<\/div>\n<div class=\"x14z9mp xat24cr x1lziwak x1vvkbs xtlvy1s x126k92a\">\n<div dir=\"auto\">No es negociable nuestra independencia, ni nuestra soberan\u00eda, eso lo defendemos a cualquier precio, por eso con mi r\u00fabrica expres\u00e9 el compromiso como campesina y cubana con la paz y la defensa de la Patria, destac\u00f3 Marlenis Reyes Aldana, presidenta de la Cooperativa de Producci\u00f3n agropecuaria Sabino Pupo.<\/div>\n<div dir=\"auto\"><\/div>\n<\/div>\n<div class=\"x14z9mp xat24cr x1lziwak x1vvkbs xtlvy1s x126k92a\">\n<div dir=\"auto\">El Movimiento popular Mi Firma Por La Patria, proseguir\u00e1 en las 35 cooperativas del municipio, y es la muestra del respaldo irrestricto del campesinado a su Revoluci\u00f3n, la que hace m\u00e1s de 65 a\u00f1os con la firma de la Primera Ley de Reforma Agraria, devolvi\u00f3 la tierra a sus leg\u00edtimos due\u00f1os.<\/div>\n<div dir=\"auto\"><span class=\"html-span xdj266r x14z9mp xat24cr x1lziwak xexx8yu xyri2b x18d9i69 x1c1uobl x1hl2dhg x16tdsg8 x1vvkbs\"><a class=\"x1i10hfl xjbqb8w x1ejq31n x18oe1m7 x1sy0etr xstzfhl x972fbf x10w94by x1qhh985 x14e42zd x9f619 x1ypdohk xt0psk2 x3ct3a4 xdj266r x14z9mp xat24cr x1lziwak xexx8yu xyri2b x18d9i69 x1c1uobl x16tdsg8 x1hl2dhg xggy1nq x1a2a7pz xkrqix3 x1sur9pj x1fey0fg x1s688f\" tabindex=\"0\" role=\"link\" href=\"https:\/\/www.facebook.com\/hashtag\/mifirmaporlapatria?__cft__[0]=AZYsV-YJQ6J_S60iQPI64-zrxKsd37xQWlx5TfH_MtnAQkEjWJ5PZZ7Ssk0xLpbsKDstI0zC-X4PCWIAdnCag8xvr_62e11_TAQHUeLMxaiL4RsYovNnTT4FkPlTlzstiGEki2_G_1g_MWLYvI-k_6vLR-2ER9HO42yPkyb-6g77hz40dLCQQwOv9nepXDkPi7GSGoZtd5s5AVjd22wTSUD06DaueJhmWRfALo_zu9a9Q-1qJOYocErqOSHv2NOYjDDEnVa3nkm3vAkJZsLB3TBh1Ib-Cy11OrFNZV487QNm-cUk532oYbKsNMvaVCGjp7P4tNJrCIShFn0gimRUUNEL&amp;__tn__=*NK-R\" target=\"_blank\" rel=\"noopener\">#MiFirmaPorLaPatria<\/a><\/span> <span class=\"html-span xdj266r x14z9mp xat24cr x1lziwak xexx8yu xyri2b x18d9i69 x1c1uobl x1hl2dhg x16tdsg8 x1vvkbs\"><a class=\"x1i10hfl xjbqb8w x1ejq31n x18oe1m7 x1sy0etr xstzfhl x972fbf x10w94by x1qhh985 x14e42zd x9f619 x1ypdohk xt0psk2 x3ct3a4 xdj266r x14z9mp xat24cr x1lziwak xexx8yu xyri2b x18d9i69 x1c1uobl x16tdsg8 x1hl2dhg xggy1nq x1a2a7pz xkrqix3 x1sur9pj x1fey0fg x1s688f\" tabindex=\"0\" role=\"link\" href=\"https:\/\/www.facebook.com\/hashtag\/tieradelosmaceo?__cft__[0]=AZYsV-YJQ6J_S60iQPI64-zrxKsd37xQWlx5TfH_MtnAQkEjWJ5PZZ7Ssk0xLpbsKDstI0zC-X4PCWIAdnCag8xvr_62e11_TAQHUeLMxaiL4RsYovNnTT4FkPlTlzstiGEki2_G_1g_MWLYvI-k_6vLR-2ER9HO42yPkyb-6g77hz40dLCQQwOv9nepXDkPi7GSGoZtd5s5AVjd22wTSUD06DaueJhmWRfALo_zu9a9Q-1qJOYocErqOSHv2NOYjDDEnVa3nkm3vAkJZsLB3TBh1Ib-Cy11OrFNZV487QNm-cUk532oYbKsNMvaVCGjp7P4tNJrCIShFn0gimRUUNEL&amp;__tn__=*NK-R\" target=\"_blank\" rel=\"noopener\">#TieradelosMaceo<\/a><\/span> <span class=\"html-span xdj266r x14z9mp xat24cr x1lziwak xexx8yu xyri2b x18d9i69 x1c1uobl x1hl2dhg x16tdsg8 x1vvkbs\"><a class=\"x1i10hfl xjbqb8w x1ejq31n x18oe1m7 x1sy0etr xstzfhl x972fbf x10w94by x1qhh985 x14e42zd x9f619 x1ypdohk xt0psk2 x3ct3a4 xdj266r x14z9mp xat24cr x1lziwak xexx8yu xyri2b x18d9i69 x1c1uobl x16tdsg8 x1hl2dhg xggy1nq x1a2a7pz xkrqix3 x1sur9pj x1fey0fg x1s688f\" tabindex=\"0\" role=\"link\" href=\"https:\/\/www.facebook.com\/hashtag\/santiagodecuba?__cft__[0]=AZYsV-YJQ6J_S60iQPI64-zrxKsd37xQWlx5TfH_MtnAQkEjWJ5PZZ7Ssk0xLpbsKDstI0zC-X4PCWIAdnCag8xvr_62e11_TAQHUeLMxaiL4RsYovNnTT4FkPlTlzstiGEki2_G_1g_MWLYvI-k_6vLR-2ER9HO42yPkyb-6g77hz40dLCQQwOv9nepXDkPi7GSGoZtd5s5AVjd22wTSUD06DaueJhmWRfALo_zu9a9Q-1qJOYocErqOSHv2NOYjDDEnVa3nkm3vAkJZsLB3TBh1Ib-Cy11OrFNZV487QNm-cUk532oYbKsNMvaVCGjp7P4tNJrCIShFn0gimRUUNEL&amp;__tn__=*NK-R\" target=\"_blank\" rel=\"noopener\">#SantiagodeCuba<\/a><\/span><\/div>\n<\/div>\n","protected":false},"excerpt":{"rendered":"<p>San Luis, Santiago de Cuba, abr. 24, 26.- En la sede de la Asociaci\u00f3n Nacional de Agricultores Peque\u00f1os (ANAP) aqu\u00ed,<\/p>\n<div class='heateor_sss_sharing_container heateor_sss_vertical_sharing heateor_sss_bottom_sharing' style='width:44px;left: -10px;top: 100px;-webkit-box-shadow:none;box-shadow:none;' ><div class=\"heateor_sss_sharing_ul\"><a class=\"heateor_sss_amp heateor_sss_amp_facebook\" href=\"https:\/\/www.facebook.com\/sharer\/sharer.php?u=https%3A%2F%2Fwww.radiomajaguabo.icrt.cu%2Findex.php%3Frest_route%3D%252Fwp%252Fv2%252Fposts%252F14306\" title=\"Facebook\" rel=\"nofollow noopener\" target=\"_blank\"><amp-img src=\"https:\/\/www.radiomajaguabo.icrt.cu\/wp-content\/plugins\/sassy-social-share\/public\/..\/images\/amp\/facebook.svg\" width=\"40\" height=\"40\" alt=\"Facebook\" class=\"amp-wp-enforced-sizes\" style=\"width: 40px;\"><\/amp-img><\/a><a class=\"heateor_sss_amp heateor_sss_amp_linkedin\" href=\"https:\/\/www.linkedin.com\/sharing\/share-offsite\/?url=https%3A%2F%2Fwww.radiomajaguabo.icrt.cu%2Findex.php%3Frest_route%3D%252Fwp%252Fv2%252Fposts%252F14306\" title=\"Linkedin\" rel=\"nofollow noopener\" target=\"_blank\"><amp-img src=\"https:\/\/www.radiomajaguabo.icrt.cu\/wp-content\/plugins\/sassy-social-share\/public\/..\/images\/amp\/linkedin.svg\" width=\"40\" height=\"40\" alt=\"Linkedin\" class=\"amp-wp-enforced-sizes\" style=\"width: 40px;\"><\/amp-img><\/a><a class=\"heateor_sss_amp heateor_sss_amp_whatsapp\" href=\"https:\/\/api.whatsapp.com\/send?text=Radio%20Majaguabo%20-%20Emisora%20Radio%20Majaguabo%2C%20San%20Luis%2C%20Santiago%20de%20Cuba%2C%20Cuba%20https%3A%2F%2Fwww.radiomajaguabo.icrt.cu%2Findex.php%3Frest_route%3D%252Fwp%252Fv2%252Fposts%252F14306\" title=\"Whatsapp\" rel=\"nofollow noopener\" target=\"_blank\"><amp-img src=\"https:\/\/www.radiomajaguabo.icrt.cu\/wp-content\/plugins\/sassy-social-share\/public\/..\/images\/amp\/whatsapp.svg\" width=\"40\" height=\"40\" alt=\"Whatsapp\" class=\"amp-wp-enforced-sizes\" style=\"width: 40px;\"><\/amp-img><\/a><a class=\"heateor_sss_amp heateor_sss_amp_instagram\" href=\"https:\/\/www.instagram.com\/\" title=\"Instagram\" rel=\"nofollow noopener\" target=\"_blank\"><amp-img src=\"https:\/\/www.radiomajaguabo.icrt.cu\/wp-content\/plugins\/sassy-social-share\/public\/..\/images\/amp\/instagram.svg\" width=\"40\" height=\"40\" alt=\"Instagram\" class=\"amp-wp-enforced-sizes\" style=\"width: 40px;\"><\/amp-img><\/a><a class=\"heateor_sss_amp heateor_sss_amp_x\" href=\"https:\/\/twitter.com\/intent\/tweet?text=Radio%20Majaguabo%20-%20Emisora%20Radio%20Majaguabo%2C%20San%20Luis%2C%20Santiago%20de%20Cuba%2C%20Cuba&url=https%3A%2F%2Fwww.radiomajaguabo.icrt.cu%2Findex.php%3Frest_route%3D%252Fwp%252Fv2%252Fposts%252F14306\" title=\"X\" rel=\"nofollow noopener\" target=\"_blank\"><amp-img src=\"https:\/\/www.radiomajaguabo.icrt.cu\/wp-content\/plugins\/sassy-social-share\/public\/..\/images\/amp\/x.svg\" width=\"40\" height=\"40\" alt=\"X\" class=\"amp-wp-enforced-sizes\" style=\"width:40px;\"><\/amp-img><\/a><\/div><div class=\"heateorSssClear\"><\/div><\/div>","protected":false},"author":1,"featured_media":14309,"comment_status":"open","ping_status":"open","sticky":false,"template":"","format":"standard","meta":{"colormag_page_layout":"default_layout","footnotes":""},"categories":[6,9,10],"tags":[],"ppma_author":[37,299],"class_list":["post-14306","post","type-post","status-publish","format-standard","has-post-thumbnail","hentry","category-cultura","category-historia","category-san-luis"],"authors":[{"term_id":37,"user_id":1,"is_guest":0,"slug":"alberterie","display_name":"Administrador","avatar_url":"https:\/\/secure.gravatar.com\/avatar\/c7c20c93c5f4c81e7a7dc9b02a42095ae8875c9af446129683aaa06faf7fd1f3?s=96&d=mm&r=g","author_category":"","user_url":"https:\/\/www.radiomajaguabo.icrt.cu","last_name":"Alberterie Rivero","first_name":"Pedro","job_title":"","description":""},{"term_id":299,"user_id":6,"is_guest":0,"slug":"yaniuska","display_name":"Yaniuska P\u00e9rez Verdecia","avatar_url":"https:\/\/secure.gravatar.com\/avatar\/a6d7e51e5ccf0210b8c939b21a0b37dca410372954868b8ff5b8e51c07cf1a6e?s=96&d=mm&r=g","author_category":"","user_url":"","last_name":"P\u00e9rez Verdecia","first_name":"Yaniuska","job_title":"","description":""}],"amp_enabled":true,"_links":{"self":[{"href":"https:\/\/www.radiomajaguabo.icrt.cu\/index.php?rest_route=\/wp\/v2\/posts\/14306","targetHints":{"allow":["GET"]}}],"collection":[{"href":"https:\/\/www.radiomajaguabo.icrt.cu\/index.php?rest_route=\/wp\/v2\/posts"}],"about":[{"href":"https:\/\/www.radiomajaguabo.icrt.cu\/index.php?rest_route=\/wp\/v2\/types\/post"}],"author":[{"embeddable":true,"href":"https:\/\/www.radiomajaguabo.icrt.cu\/index.php?rest_route=\/wp\/v2\/users\/1"}],"replies":[{"embeddable":true,"href":"https:\/\/www.radiomajaguabo.icrt.cu\/index.php?rest_route=%2Fwp%2Fv2%2Fcomments&post=14306"}],"version-history":[{"count":3,"href":"https:\/\/www.radiomajaguabo.icrt.cu\/index.php?rest_route=\/wp\/v2\/posts\/14306\/revisions"}],"predecessor-version":[{"id":14321,"href":"https:\/\/www.radiomajaguabo.icrt.cu\/index.php?rest_route=\/wp\/v2\/posts\/14306\/revisions\/14321"}],"wp:featuredmedia":[{"embeddable":true,"href":"https:\/\/www.radiomajaguabo.icrt.cu\/index.php?rest_route=\/wp\/v2\/media\/14309"}],"wp:attachment":[{"href":"https:\/\/www.radiomajaguabo.icrt.cu\/index.php?rest_route=%2Fwp%2Fv2%2Fmedia&parent=14306"}],"wp:term":[{"taxonomy":"category","embeddable":true,"href":"https:\/\/www.radiomajaguabo.icrt.cu\/index.php?rest_route=%2Fwp%2Fv2%2Fcategories&post=14306"},{"taxonomy":"post_tag","embeddable":true,"href":"https:\/\/www.radiomajaguabo.icrt.cu\/index.php?rest_route=%2Fwp%2Fv2%2Ftags&post=14306"},{"taxonomy":"author","embeddable":true,"href":"https:\/\/www.radiomajaguabo.icrt.cu\/index.php?rest_route=%2Fwp%2Fv2%2Fppma_author&post=14306"}],"curies":[{"name":"wp","href":"https:\/\/api.w.org\/{rel}","templated":true}]}}