{"id":13875,"date":"2026-03-13T15:21:47","date_gmt":"2026-03-13T15:21:47","guid":{"rendered":"https:\/\/www.radiomajaguabo.icrt.cu\/?p=13875"},"modified":"2026-03-13T15:21:47","modified_gmt":"2026-03-13T15:21:47","slug":"relaciones-cuba-eeuu-situacion-energetica-y-otros-temas-de-interes-en-comparecencia-ante-los-medios-del-presidente-cubano-13-marzo-2026-1","status":"publish","type":"post","link":"https:\/\/www.radiomajaguabo.icrt.cu\/?p=13875","title":{"rendered":"Relaciones Cuba-EEUU, situaci\u00f3n energ\u00e9tica y otros temas de inter\u00e9s, en comparecencia ante los medios del Presidente cubano 13 marzo 2026 | 1 |"},"content":{"rendered":"<div class=\"excerpt\">\n<p>El Primer Secretario del Comit\u00e9 Central del Partido Comunista y Presidente de la Rep\u00fablica, Miguel D\u00edaz-Canel Berm\u00fadez, compareci\u00f3 este viernes 13 de marzo de 2026 ante los medios de comunicaci\u00f3n para abordar asuntos del acontecer nacional e internacional.<\/p>\n<p>El Primer Secretario del Comit\u00e9 Central del Partido Comunista y Presidente de la Rep\u00fablica, Miguel D\u00edaz-Canel Berm\u00fadez, compareci\u00f3 este viernes 13 de marzo de 2026 ante los medios de comunicaci\u00f3n para abordar asuntos del acontecer nacional e internacional.<\/p>\n<p>El intercambio, que dio continuidad <a href=\"http:\/\/www.cubadebate.cu\/noticias\/2026\/02\/05\/presidente-cubano-miguel-diaz-canel-realiza-comparecencia-especial-ante-la-prensa-video\/\" target=\"_blank\" rel=\"noopener\">al realizado el pasado 5 de febrero<\/a>, fue transmitido por cadena nacional de radio y televisi\u00f3n desde horas tempranas de la jornada.<\/p>\n<p>\u00abYa ha pasado un mes aproximadamente de aquel momento en que hab\u00edamos, sobre todo, centrado la atenci\u00f3n en todo un grupo de medidas y de acciones que se implementaron para enfrentar el bloqueo energ\u00e9tico de gas y combustible. Hoy podemos ratificar que hace m\u00e1s de tres meses que no entra ning\u00fan barco de combustible a nuestro pa\u00eds\u00bb, afirm\u00f3 el mandatario cubano en sus palabras iniciales.<\/p>\n<p>D\u00edaz-Canel explic\u00f3 que la naci\u00f3n se encuentra trabajando en condiciones muy adversas, las cuales tienen un impacto inconmensurable en la vida de todo el pueblo cubano.<\/p>\n<p>\u00abPor lo tanto, bajo esas condiciones, bajo esas situaciones que estamos enfrentando, es que tambi\u00e9n hay que hacer informaci\u00f3n y ajustes a aquellas medidas que en aquel momento se plantearon, y que est\u00e1n dadas por la proliferaci\u00f3n que ha tenido este bloqueo econ\u00f3mico y por la proliferaci\u00f3n tambi\u00e9n de sus efectos. El estar en esta cantidad de tiempo sin combustible es precisamente el prop\u00f3sito de este encuentro\u00bb, se\u00f1al\u00f3.<\/p>\n<p>El Presidente quiso aclarar adem\u00e1s que esta comparecencia tendr\u00e1 seguimiento. \u00abNo nos vamos a quedar en el abordaje de las preguntas que hoy nos pueda hacer la prensa sobre la situaci\u00f3n nacional, sino que a cada uno de los aspectos que estemos tratando en el d\u00eda de hoy, en esta comparecencia, en las horas tempranas de ma\u00f1ana le estaremos dando continuidad a partir del pr\u00f3ximo lunes con la presencia en diferentes espacios de los viceprimeros ministros, los ministros y otros funcionarios de nuestro gobierno, para ampliar en detalle todo lo que sea preocupaci\u00f3n, duda o expectativa en nuestra poblaci\u00f3n sobre los temas que se han tratado en nuestra actualidad\u00bb.<\/p>\n<p>Anunci\u00f3 tambi\u00e9n que marcar\u00e1 en el momento oportuno otro encuentro como este, \u00abya que, como lo dije, hay la intenci\u00f3n de sistematizarlo\u00bb. Agradeci\u00f3 a los compa\u00f1eros y compa\u00f1eras de los diferentes medios que se encontraban presentes y dio paso a la ronda de preguntas.<\/p>\n<div id=\"anexos_list\" data-nocrono=\"\" data-parent-id=\"1990153\">\n<section id=\"anexo-1990158\" class=\"anexos-article relevant_anexo\" data-anexos-id=\"1990158\" data-time=\"2026-03-13 10:33:03\">\n<header>\n<h3>Di\u00e1logo con EEUU con respeto a la soberan\u00eda y a la autodeterminaci\u00f3n<\/h3>\n<div class=\"break\"><\/div>\n<\/header>\n<div class=\"section-body\">\n<p>Uno de los temas centrales abordados durante la ronda de preguntas fue el estado de las relaciones entre Cuba y Estados Unidos. Al respecto, D\u00edaz-Canel ofreci\u00f3 precisiones sobre recientes contactos con representantes del gobierno norteamericano.<\/p>\n<p>\u00abNosotros estamos informando exactamente el momento en que estamos en ese proceso. Porque sobre este proceso han existido muchas especulaciones tambi\u00e9n. Y nosotros tenemos, como ha sido siempre la pr\u00e1ctica del liderazgo de la Revoluci\u00f3n, no responder a campa\u00f1as que busquen manipulaci\u00f3n o que busquen especulaci\u00f3n, y siempre informar exactamente los momentos en que estamos\u00bb, enfatiz\u00f3.<\/p>\n<p>El Jefe de Estado explic\u00f3 la naturaleza de estos procesos: \u00abEstos son procesos que se hacen con mucha discreci\u00f3n, son procesos largos. Hay que iniciarlo primero estableciendo contactos, que haya posibilidades y canales de di\u00e1logo y que haya voluntad para entrar. Todo eso lleva tiempo. Y a partir de eso entonces se van construyendo agendas, se entra en negociaciones, se entablan conversaciones y se acuerdan cosas, de las cuales todav\u00eda estamos alejados, pues estamos en la fase inicial de ese proceso\u00bb.<\/p>\n<p>D\u00edaz-Canel remiti\u00f3 a la informaci\u00f3n oficial ya ofrecida: \u00abYo creo que la respuesta est\u00e1 precisamente en lo que explicamos ayer en una reuni\u00f3n que se hizo en composici\u00f3n del Bur\u00f3 Pol\u00edtico, el Secretariado y el Comit\u00e9 Ejecutivo del Consejo de Ministros, donde se inform\u00f3 sobre el estado de las relaciones entre Cuba y Estados Unidos, y yo, como conclusi\u00f3n, inform\u00e9 lo que hoy apareci\u00f3 en la prensa. Ah\u00ed est\u00e1 la respuesta a estos elementos que se plantearon\u00bb.<\/p>\n<p>Confirm\u00f3 entonces que, \u00aben correspondencia con la pol\u00edtica consistente que siempre ha presentado la Revoluci\u00f3n Cubana bajo la direcci\u00f3n del General de Ej\u00e9rcito como l\u00edder hist\u00f3rico de nuestra Revoluci\u00f3n y la m\u00eda, y colegiado con las principales instancias del Partido, el Gobierno y el Estado cubano, funcionarios cubanos sostuvieron recientemente conversaciones con representantes del gobierno de los Estados Unidos para buscar, por la v\u00eda del di\u00e1logo, la posible soluci\u00f3n a las diferencias bilaterales que existen entre ambas naciones\u00bb.<\/p>\n<p>El Presidente se\u00f1al\u00f3 que estos intercambios han sido favorecidos por actores internacionales. \u00abY aqu\u00ed quiero decir que siempre que hemos estado en situaciones tensas en las relaciones con los Estados Unidos aparecen esfuerzos por buscar canales de di\u00e1logo, por buscar conversaciones. No es la primera vez que hay una conversaci\u00f3n de este tipo. Yo creo que el ejemplo m\u00e1s reciente fue la manera en que el General de Ej\u00e9rcito condujo las conversaciones con el presidente Obama en un momento muy reciente, y todos sabemos los resultados de esa etapa. Ahora tambi\u00e9n alg\u00fan grupo de actores internacionales favorecieron el desarrollo de esta interacci\u00f3n\u00bb.<\/p>\n<h3>Prop\u00f3sitos de Cuba en el di\u00e1logo<\/h3>\n<p>Al referirse a los objetivos que persigue la Isla en estas conversaciones, D\u00edaz-Canel fue enf\u00e1tico: \u201cen primer lugar, determinar cu\u00e1les son los problemas bilaterales que necesitan soluci\u00f3n. En segundo lugar, cu\u00e1les ser\u00edan las v\u00edas para solucionar esos problemas. Y en tercer lugar, determinar si hay voluntad para concretar por ambas partes acciones en beneficio de nuestros pueblos. Esto implica encontrar \u00e1reas de cooperaci\u00f3n con las cuales podamos enfrentar las amenazas y garantizar la seguridad y la paz de ambos pa\u00edses, y adem\u00e1s la seguridad y la paz en nuestra regi\u00f3n\u00bb.<\/p>\n<p>Reiter\u00f3 que \u00abcomo explicaba anteriormente, no ha sido ni ser\u00e1 pr\u00e1ctica de la Revoluci\u00f3n responder a las campa\u00f1as especulativas. Esto es un proceso muy sensible que se aborda con la discreci\u00f3n que lleva, en cada momento se aborda tambi\u00e9n con sensibilidad y con responsabilidad y mucha seriedad, porque es un problema que afecta los v\u00ednculos bilaterales. Lleva un esfuerzo fundamental para poder avanzar en soluci\u00f3n, con lo cual tambi\u00e9n tenemos que encontrar la construcci\u00f3n de espacios de entendimiento que nos permitan avanzar en el proceso, y adem\u00e1s de eso, alejarnos de la confrontaci\u00f3n\u00bb.<\/p>\n<p>El Presidente de la Rep\u00fablica afirm\u00f3 que \u00aben esos intercambios hemos expresado nuestra voluntad de continuar el proceso bajo los principios de la igualdad y el respeto a los sistemas pol\u00edticos de otros pa\u00edses, a la soberan\u00eda, a la autodeterminaci\u00f3n, tomando tambi\u00e9n el criterio de reciprocidad en apego al derecho internacional\u00bb.<\/p>\n<\/div>\n<div class=\"break\"><\/div>\n<\/section>\n<section id=\"anexo-1990163\" class=\"anexos-article relevant_anexo\" data-anexos-id=\"1990163\" data-time=\"2026-03-13 10:44:38\">\n<header>\n<h3>Tres meses que no entra combustible: Estamos generando energ\u00eda con nuestras termoel\u00e9ctricas<\/h3>\n<div class=\"break\"><\/div>\n<\/header>\n<div class=\"section-body\">\n<p>Ante la pregunta de Ideas Multimedios sobre la situaci\u00f3n energ\u00e9tica del pa\u00eds, el mandatario respondi\u00f3 sobre c\u00f3mo el bloqueo energ\u00e9tico impuesto por Estados Unidos est\u00e1 impactando la vida cotidiana y cu\u00e1les son las alternativas que se implementan para atenuar la crisis.<\/p>\n<p>\u00abIndudablemente, yo dir\u00eda que es un tema que por su incomodidad es el que m\u00e1s malestar est\u00e1 causando en nuestro pueblo en estos momentos. Y que tiene que ver, insisto, con el bloqueo energ\u00e9tico, con el recrudecimiento de la situaci\u00f3n energ\u00e9tica que nos ha planteado ese bloqueo\u00bb, afirm\u00f3 D\u00edaz-Canel.<\/p>\n<p>El Presidente explic\u00f3 que, aunque el pa\u00eds ven\u00eda prepar\u00e1ndose de antemano con un grupo de propuestas, acciones y medidas, la situaci\u00f3n se ha agravado en las \u00faltimas dos semanas debido a un factor determinante: la ausencia total de suministro de combustible for\u00e1neo. \u00abEn primer lugar, hace m\u00e1s de tres meses que no entra combustible. Por lo tanto, nosotros estamos generando energ\u00eda el\u00e9ctrica en el horario del d\u00eda con crudo nacional y nuestras termoel\u00e9ctricas\u00bb, se\u00f1al\u00f3.<\/p>\n<p>Detall\u00f3 que, adem\u00e1s del crudo nacional, el aporte de las fuentes renovables de energ\u00eda ha sido considerable, movi\u00e9ndose entre un 49 y un 51 por ciento de la generaci\u00f3n diurna. Explic\u00f3 que la energ\u00eda de los parques fotovoltaicos se ha convertido en un elemento novedoso para regular la frecuencia del Sistema Electroenerg\u00e9tico Nacional (SEN) y evitar apagones, un manejo t\u00e9cnico que se ha introducido en las \u00faltimas doce semanas. Por la noche, precis\u00f3, la generaci\u00f3n depende exclusivamente de las termoel\u00e9ctricas y del gas acompa\u00f1ante de la extracci\u00f3n de petr\u00f3leo.<\/p>\n<h3>El agravante de la falta de di\u00e9sel y fuel oil<\/h3>\n<p>D\u00edaz-Canel explic\u00f3 que, hasta la semana pasada, el pa\u00eds contaba con disponibilidad de combustible que se empleaba en dos emplazamientos fundamentales: los motores de generaci\u00f3n distribuida.<\/p>\n<p>Sin embargo, \u00abtres meses sin entrada de combustible, se agota el di\u00e9sel y se agota el fuel oil. Por lo tanto, sale de generaci\u00f3n un n\u00famero considerable de MW que est\u00e1bamos generando, sobre todo para el horario pico y el horario de la noche. Esto pone al sistema en una situaci\u00f3n de mucha inestabilidad\u00bb.<\/p>\n<p>El mandatario record\u00f3 que en enero y febrero se hab\u00edan logrado mantener niveles de apagones no superiores a los de diciembre, con afectaciones reguladas pero no en la magnitud reciente.<\/p>\n<p>\u00abPara cesar la generaci\u00f3n de estos dos bloques de motores, de estas dos estaciones de generaci\u00f3n distribuida, que son las \u00fanicas que hab\u00edamos podido emplear hasta ahora. Recu\u00e9rdese, nosotros hemos recuperado y tenemos disponible m\u00e1s de 1400 MW de generaci\u00f3n distribuida que no hemos podido emplear en todo este tiempo por la falta de combustible, por las consecuencias del bloqueo en eso\u00bb.<\/p>\n<p>Subray\u00f3 el potencial que representar\u00eda contar con ese combustible: \u00abSi nosotros dispusi\u00e9ramos de combustible, tendr\u00edamos en los horarios de la noche 1400 MW m\u00e1s de generaci\u00f3n que nos sacar\u00edan del pico. O sea, en el pico habr\u00eda un d\u00e9ficit de 500, 600, 700 MW que pudi\u00e9ramos cerrar las noches, que pudi\u00e9ramos cerrar las madrugadas, y las afectaciones fueran mucho menores que las que tenemos en este momento\u00bb.<\/p>\n<h3>La ca\u00edda y la inestabilidad del SEN<\/h3>\n<p>Al detallar la compleja situaci\u00f3n que llev\u00f3 al reciente apag\u00f3n total, D\u00edaz-Canel explic\u00f3 que al salir de operaci\u00f3n esas dos plantas de generaci\u00f3n distribuida, el sistema se volvi\u00f3 m\u00e1s inestable. \u00abHay un d\u00eda en que ocurre una salida brusca de una termoel\u00e9ctrica. Por lo tanto, las oscilaciones que provoc\u00f3 esa salida produjeron el blackout\u00bb.<\/p>\n<p>Describi\u00f3 el proceso de recuperaci\u00f3n posterior: \u00abCuando vamos a recuperarnos del blackout, hace falta combustible en los grupos electr\u00f3genos para poder ir dando algunas se\u00f1ales con las cuales puedan arrancar las termoel\u00e9ctricas, se pueden sincronizar incluso los parques fotovoltaicos. Eso ya se hace con el m\u00ednimo de combustible que ten\u00edamos en los emplazamientos que estaban previstos precisamente para situaciones de este tipo\u00bb.<\/p>\n<p>El Jefe de Estado se refiri\u00f3 tambi\u00e9n a las cr\u00edticas que genera la situaci\u00f3n: \u00abSuperamos el blackout, se incorpora la termoel\u00e9ctrica, pero como estamos en una situaci\u00f3n de inestabilidad, sobre todo desde el punto de vista de variaci\u00f3n de frecuencia, porque el sistema se ha disparado y ha provocado la ca\u00edda en varios circuitos. A la vez, cuando eso pasa, la gente los critica: &#8216;No, pero \u00bfpor qu\u00e9 no son capaces de repartir el apag\u00f3n?&#8217; Lo que pasa es que el apag\u00f3n se incrementa por situaciones que no est\u00e1n planificadas y llega a dimensiones tan altas que a esa hora es muy dif\u00edcil controlarlo\u00bb.<\/p>\n<p>Explic\u00f3 adem\u00e1s que en situaciones de inestabilidad no se puede aprovechar toda la potencia que generan los parques fotovoltaicos durante el d\u00eda, \u00abporque hay que regular con m\u00e1s o menos conexi\u00f3n de los parques la frecuencia del SEN para evitar que haya otro apag\u00f3n. Esas son las razones por las cuales el d\u00e9ficit en este momento es diferente al d\u00e9ficit que manej\u00e1bamos en otro momento\u00bb.<\/p>\n<h3>El impacto transversal en la vida cotidiana<\/h3>\n<p>\u00abEl impacto es tremendo\u00bb, enfatiz\u00f3 D\u00edaz-Canel. \u00abSe manifiesta de manera m\u00e1s brutal en estos temas energ\u00e9ticos. Aqu\u00ed hemos tenido circuitos en municipios, en provincias, en poblados, en comunidades con m\u00e1s de 30 horas de apag\u00f3n. Eso provoca un malestar, una angustia a la poblaci\u00f3n, porque adem\u00e1s impacta directamente en el bombeo de agua. Entonces ya son dos cosas muy vitales en una vivienda, en una familia, actuando a la vez\u00bb.<\/p>\n<p>El Presidente detall\u00f3 c\u00f3mo la crisis energ\u00e9tica afecta transversalmente todos los servicios: \u00abNos impacta en la vitalidad de los servicios de producci\u00f3n y tambi\u00e9n en brindar servicio a la poblaci\u00f3n, en parte de las comunicaciones, porque tambi\u00e9n las radiobases se quedan sin energ\u00eda. Impacta en los servicios m\u00e9dicos, impacta en la educaci\u00f3n, impacta en el transporte. As\u00ed pudi\u00e9ramos ir viendo c\u00f3mo esto impacta transversalmente en todas las actividades cotidianas de las cubanas y los cubanos\u00bb.<\/p>\n<p>El mandatario sali\u00f3 al paso de las cr\u00edticas hacia el gobierno y la Revoluci\u00f3n: \u00abAhora, yo les puedo decir que aqu\u00ed no se apaga nada porque se quiera molestar a nadie. Al contrario, se est\u00e1 haciendo el mayor esfuerzo. Nadie puede imaginar, yo no soy capaz de describir, solo lo puedo decir desde el punto de vista de los sentimientos y del respeto, pero no tengo palabras para describir el esfuerzo que hacen nuestros trabajadores de la Uni\u00f3n El\u00e9ctrica, que son titanes. Que adem\u00e1s hacen ese esfuerzo, se van por encima de la adversidad, pero tienen el problema en sus casas, su familia. Muchas veces cuando hay 30 o 40 horas de apag\u00f3n en una de sus comunidades, afectados de su familia, ellos llevan m\u00e1s de 40 horas trabajando sin descansar en una termoel\u00e9ctrica, en un parque fotovoltaico o buscando soluci\u00f3n a una problem\u00e1tica\u00bb.<\/p>\n<p>D\u00edaz-Canel expres\u00f3 su comprensi\u00f3n ante el malestar popular pero lament\u00f3 las reacciones injuriosas: \u00abPor eso, y no lo cuestiono en los t\u00e9rminos de no entender el malestar, pero s\u00ed molesta o lamento que haya personas que en medio de este malestar, que nos reconocemos que es leg\u00edtimo, su respuesta sea injuriar a la Revoluci\u00f3n, injuriar al gobierno, injuriar a la instituci\u00f3n el\u00e9ctrica. Porque la culpa no es del gobierno, la culpa no es de la Revoluci\u00f3n, la culpa no es de nuestro sistema electroenerg\u00e9tico nacional. Revoluci\u00f3n, gobierno, trabajadores est\u00e1n haciendo un esfuerzo para superar lo imposible\u00bb.<\/p>\n<p>\u00abYo preguntar\u00eda, \u00bfqu\u00e9 capacidades tendr\u00edan otros pa\u00edses que en medio de un bloqueo energ\u00e9tico que ya lleva m\u00e1s de tres meses, tuvieran capacidad para mantener los niveles de generaci\u00f3n el\u00e9ctrica que hemos tenido? Que solo han sido posibles por hacer un uso muy racional y yo dir\u00eda hasta creativo, innovador, del crudo nacional con el cual se est\u00e1n abriendo nuevas perspectivas\u00bb.<\/p>\n<h3>Las inversiones que marcan la diferencia<\/h3>\n<p>El Presidente destac\u00f3 el esfuerzo inversionista del pa\u00eds en medio del bloqueo: \u00abToda la inversi\u00f3n que con un esfuerzo extraordinario en medio de estos tiempos de bloqueo recrudecido, el pa\u00eds ha realizado est\u00e1 provocando un cambio de matriz energ\u00e9tica visible. Porque tambi\u00e9n, como expliqu\u00e9 la otra vez, si no hubi\u00e9ramos tenido 1200 MW de energ\u00eda fotovoltaica en estos tiempos, \u00bfqu\u00e9 estuviera pasando en el d\u00eda y c\u00f3mo estuvi\u00e9ramos saltando de un blackout a otro blackout y las afectaciones fueran mayores?\u00bb.<\/p>\n<p>Afirm\u00f3 que hay soluciones en marcha, aunque la magnitud del problema opaque su visibilidad: \u00abEstamos hablando de esa realidad, estamos hablando de esa complejidad, pero yo tambi\u00e9n quiero hablar de lo que estamos haciendo. Y por d\u00f3nde van las luces, comprendiendo que todo no tiene una soluci\u00f3n inmediata, pero hay soluciones. De hecho, ya hay soluciones, lo que pasa que la magnitud del problema es tan grande que no se ve en toda su dimensi\u00f3n y en todo su aporte\u00bb.<\/p>\n<p>D\u00edaz-Canel ilustr\u00f3 la perversidad del bloqueo con un dato estremecedor: \u00abEn estos momentos en el pa\u00eds hay decenas de miles de personas esperando por una operaci\u00f3n quir\u00fargica que no se puede desarrollar por la falta de electricidad. Yo creo que el d\u00eda pasado el ministro de Salud P\u00fablica dio datos muy relevantes.<\/p>\n<p>Pero en esas decenas de miles hay una parte importante de ni\u00f1os que est\u00e1n esperando una intervenci\u00f3n quir\u00fargica por las afectaciones que tienen estos sistemas electroenerg\u00e9ticos y por las afectaciones a nuestro sistema de salud por este bloqueo energ\u00e9tico\u00bb.<\/p>\n<p>Pese a todo, resalt\u00f3 la capacidad de organizaci\u00f3n y resistencia del pa\u00eds: \u00abY sin embargo, el pa\u00eds vive, el pa\u00eds est\u00e1 organizado. \u00bfUn estado fallido? Un estado fallido que enfrenta todas estas situaciones y que busca resolver, que busca adem\u00e1s avanzar\u00bb.<\/p>\n<p>Record\u00f3 un art\u00edculo publicado en Cubadebate por una periodista, Susana Tesoro, que \u00abreconociendo la complejidad, tambi\u00e9n hablaba de las cosas hermosas que pasan en este pa\u00eds todos los d\u00edas. Los ni\u00f1os yendo a la escuela, la manera en que se atiende un paciente en un hospital que est\u00e1 en una situaci\u00f3n compleja.<\/p>\n<p>El esfuerzo, nosotros estamos viendo todos los meses el trabajo de las provincias. Ya estamos haciendo el corte de lo que ha sucedido en las provincias y c\u00f3mo las provincias han ido desarrollando sus estrategias, la cantidad de soluciones que se encuentran, la manera en que se est\u00e1 organizando la vida para seguir adelante\u00bb.<\/p>\n<\/div>\n<\/section>\n<\/div>\n<\/div>\n","protected":false},"excerpt":{"rendered":"<p>El Primer Secretario del Comit\u00e9 Central del Partido Comunista y Presidente de la Rep\u00fablica, Miguel D\u00edaz-Canel Berm\u00fadez, compareci\u00f3 este viernes<\/p>\n<div class='heateor_sss_sharing_container heateor_sss_vertical_sharing heateor_sss_bottom_sharing' style='width:44px;left: -10px;top: 100px;-webkit-box-shadow:none;box-shadow:none;' ><div class=\"heateor_sss_sharing_ul\"><a class=\"heateor_sss_amp heateor_sss_amp_facebook\" href=\"https:\/\/www.facebook.com\/sharer\/sharer.php?u=https%3A%2F%2Fwww.radiomajaguabo.icrt.cu%2Findex.php%3Frest_route%3D%252Fwp%252Fv2%252Fposts%252F13875\" title=\"Facebook\" rel=\"nofollow noopener\" target=\"_blank\"><amp-img src=\"https:\/\/www.radiomajaguabo.icrt.cu\/wp-content\/plugins\/sassy-social-share\/public\/..\/images\/amp\/facebook.svg\" width=\"40\" height=\"40\" alt=\"Facebook\" class=\"amp-wp-enforced-sizes\" style=\"width: 40px;\"><\/amp-img><\/a><a class=\"heateor_sss_amp heateor_sss_amp_linkedin\" href=\"https:\/\/www.linkedin.com\/sharing\/share-offsite\/?url=https%3A%2F%2Fwww.radiomajaguabo.icrt.cu%2Findex.php%3Frest_route%3D%252Fwp%252Fv2%252Fposts%252F13875\" title=\"Linkedin\" rel=\"nofollow noopener\" target=\"_blank\"><amp-img src=\"https:\/\/www.radiomajaguabo.icrt.cu\/wp-content\/plugins\/sassy-social-share\/public\/..\/images\/amp\/linkedin.svg\" width=\"40\" height=\"40\" alt=\"Linkedin\" class=\"amp-wp-enforced-sizes\" style=\"width: 40px;\"><\/amp-img><\/a><a class=\"heateor_sss_amp heateor_sss_amp_whatsapp\" href=\"https:\/\/api.whatsapp.com\/send?text=Radio%20Majaguabo%20-%20Emisora%20Radio%20Majaguabo%2C%20San%20Luis%2C%20Santiago%20de%20Cuba%2C%20Cuba%20https%3A%2F%2Fwww.radiomajaguabo.icrt.cu%2Findex.php%3Frest_route%3D%252Fwp%252Fv2%252Fposts%252F13875\" title=\"Whatsapp\" rel=\"nofollow noopener\" target=\"_blank\"><amp-img src=\"https:\/\/www.radiomajaguabo.icrt.cu\/wp-content\/plugins\/sassy-social-share\/public\/..\/images\/amp\/whatsapp.svg\" width=\"40\" height=\"40\" alt=\"Whatsapp\" class=\"amp-wp-enforced-sizes\" style=\"width: 40px;\"><\/amp-img><\/a><a class=\"heateor_sss_amp heateor_sss_amp_instagram\" href=\"https:\/\/www.instagram.com\/\" title=\"Instagram\" rel=\"nofollow noopener\" target=\"_blank\"><amp-img src=\"https:\/\/www.radiomajaguabo.icrt.cu\/wp-content\/plugins\/sassy-social-share\/public\/..\/images\/amp\/instagram.svg\" width=\"40\" height=\"40\" alt=\"Instagram\" class=\"amp-wp-enforced-sizes\" style=\"width: 40px;\"><\/amp-img><\/a><a class=\"heateor_sss_amp heateor_sss_amp_x\" href=\"https:\/\/twitter.com\/intent\/tweet?text=Radio%20Majaguabo%20-%20Emisora%20Radio%20Majaguabo%2C%20San%20Luis%2C%20Santiago%20de%20Cuba%2C%20Cuba&url=https%3A%2F%2Fwww.radiomajaguabo.icrt.cu%2Findex.php%3Frest_route%3D%252Fwp%252Fv2%252Fposts%252F13875\" title=\"X\" rel=\"nofollow noopener\" target=\"_blank\"><amp-img src=\"https:\/\/www.radiomajaguabo.icrt.cu\/wp-content\/plugins\/sassy-social-share\/public\/..\/images\/amp\/x.svg\" width=\"40\" height=\"40\" alt=\"X\" class=\"amp-wp-enforced-sizes\" style=\"width:40px;\"><\/amp-img><\/a><\/div><div class=\"heateorSssClear\"><\/div><\/div>","protected":false},"author":1,"featured_media":13881,"comment_status":"open","ping_status":"open","sticky":false,"template":"","format":"standard","meta":{"colormag_page_layout":"default_layout","footnotes":""},"categories":[9,8],"tags":[],"ppma_author":[37,361],"class_list":["post-13875","post","type-post","status-publish","format-standard","has-post-thumbnail","hentry","category-historia","category-nacionales"],"authors":[{"term_id":37,"user_id":1,"is_guest":0,"slug":"alberterie","display_name":"Administrador","avatar_url":"https:\/\/secure.gravatar.com\/avatar\/c7c20c93c5f4c81e7a7dc9b02a42095ae8875c9af446129683aaa06faf7fd1f3?s=96&d=mm&r=g","author_category":"","user_url":"https:\/\/www.radiomajaguabo.icrt.cu","last_name":"Alberterie Rivero","first_name":"Pedro","job_title":"","description":""},{"term_id":361,"user_id":15,"is_guest":0,"slug":"cubadebate","display_name":"Cubadebate","avatar_url":"https:\/\/secure.gravatar.com\/avatar\/dea41543675ed9bce0a3a1aadc84cffab8b405e1b91699c20cedb5cd80dc31b2?s=96&d=mm&r=g","author_category":"","user_url":"http:\/\/www.cubadebate.cu\/","last_name":"","first_name":"Cubadebate","job_title":"","description":""}],"amp_enabled":true,"_links":{"self":[{"href":"https:\/\/www.radiomajaguabo.icrt.cu\/index.php?rest_route=\/wp\/v2\/posts\/13875","targetHints":{"allow":["GET"]}}],"collection":[{"href":"https:\/\/www.radiomajaguabo.icrt.cu\/index.php?rest_route=\/wp\/v2\/posts"}],"about":[{"href":"https:\/\/www.radiomajaguabo.icrt.cu\/index.php?rest_route=\/wp\/v2\/types\/post"}],"author":[{"embeddable":true,"href":"https:\/\/www.radiomajaguabo.icrt.cu\/index.php?rest_route=\/wp\/v2\/users\/1"}],"replies":[{"embeddable":true,"href":"https:\/\/www.radiomajaguabo.icrt.cu\/index.php?rest_route=%2Fwp%2Fv2%2Fcomments&post=13875"}],"version-history":[{"count":1,"href":"https:\/\/www.radiomajaguabo.icrt.cu\/index.php?rest_route=\/wp\/v2\/posts\/13875\/revisions"}],"predecessor-version":[{"id":13882,"href":"https:\/\/www.radiomajaguabo.icrt.cu\/index.php?rest_route=\/wp\/v2\/posts\/13875\/revisions\/13882"}],"wp:featuredmedia":[{"embeddable":true,"href":"https:\/\/www.radiomajaguabo.icrt.cu\/index.php?rest_route=\/wp\/v2\/media\/13881"}],"wp:attachment":[{"href":"https:\/\/www.radiomajaguabo.icrt.cu\/index.php?rest_route=%2Fwp%2Fv2%2Fmedia&parent=13875"}],"wp:term":[{"taxonomy":"category","embeddable":true,"href":"https:\/\/www.radiomajaguabo.icrt.cu\/index.php?rest_route=%2Fwp%2Fv2%2Fcategories&post=13875"},{"taxonomy":"post_tag","embeddable":true,"href":"https:\/\/www.radiomajaguabo.icrt.cu\/index.php?rest_route=%2Fwp%2Fv2%2Ftags&post=13875"},{"taxonomy":"author","embeddable":true,"href":"https:\/\/www.radiomajaguabo.icrt.cu\/index.php?rest_route=%2Fwp%2Fv2%2Fppma_author&post=13875"}],"curies":[{"name":"wp","href":"https:\/\/api.w.org\/{rel}","templated":true}]}}