{"id":13873,"date":"2026-03-13T15:18:48","date_gmt":"2026-03-13T15:18:48","guid":{"rendered":"https:\/\/www.radiomajaguabo.icrt.cu\/?p=13873"},"modified":"2026-03-13T15:18:48","modified_gmt":"2026-03-13T15:18:48","slug":"funcionarios-cubanos-han-sostenido-recientemente-conversaciones-con-representantes-del-gobierno-de-ee-uu","status":"publish","type":"post","link":"https:\/\/www.radiomajaguabo.icrt.cu\/?p=13873","title":{"rendered":"Funcionarios cubanos han sostenido recientemente conversaciones con representantes del gobierno de EE. UU."},"content":{"rendered":"<p><strong>En correspondencia con la consistente pol\u00edtica que ha defendido la Revoluci\u00f3n Cubana en su historia, dirigidos por el General de Ej\u00e9rcito Ra\u00fal Castro Ruz como l\u00edder de la Revoluci\u00f3n, y por el Primer Secretario del Comit\u00e9 Central del Partido Comunista y Presidente de la Rep\u00fablica, Miguel D\u00edaz-Canel Berm\u00fadez -y en acci\u00f3n colegiada con las m\u00e1ximas estructuras del Partido, del Estado, y del Gobierno-, funcionarios cubanos han sostenido recientemente conversaciones con representantes del gobierno de los Estados Unidos.<\/strong><\/p>\n<p>As\u00ed lo inform\u00f3 el Presidente D\u00edaz-Canel Berm\u00fadez desde la sede del Comit\u00e9 Central del Partido Comunista de Cuba, y ante miembros del Bur\u00f3 Pol\u00edtico, del Secretariado del Comit\u00e9 Central del Partido Comunista, y del Comit\u00e9 Ejecutivo del Consejo de Ministros.<\/p>\n<p>El dignatario enunci\u00f3 que <strong>\u00abestas conversaciones han estado orientadas a buscar soluciones, por la v\u00eda del di\u00e1logo, a las diferencias bilaterales que tenemos entre las dos naciones. Hay factores internacionales, dijo, que han facilitado estos intercambios\u00bb.<\/strong><\/p>\n<p>\u00abEl prop\u00f3sito de estas conversaciones \u2013a\u00f1adi\u00f3 el Jefe de Estado- es, en primer lugar, identificar cu\u00e1les son los problemas bilaterales que necesitan una soluci\u00f3n\u00bb.<\/p>\n<p>Como parte del prop\u00f3sito, seg\u00fan explic\u00f3 el mandatario, est\u00e1 tambi\u00e9n \u00abdeterminar la disposici\u00f3n de ambas partes de concretar acciones en beneficio de los pueblos de ambos pa\u00edses. Y adem\u00e1s de eso, identificar \u00e1reas de cooperaci\u00f3n para enfrentar las amenazas y garantizar la seguridad y la paz de ambas naciones\u00bb.<\/p>\n<p>Tambi\u00e9n se incluye entre los objetivos \u2013razon\u00f3 el Primer Secretario del Comit\u00e9 Central del Partido Comunista de Cuba-, trabajar por la seguridad y la paz de la regi\u00f3n de Am\u00e9rica Latina y el Caribe.<\/p>\n<div id=\"attachment_1990139\" class=\"wp-caption alignnone wp-image-1990139 size-large\"><img loading=\"lazy\" decoding=\"async\" class=\"wp-image-1990139 size-large\" src=\"http:\/\/media.cubadebate.cu\/wp-content\/uploads\/2026\/03\/diaz-canel-conversaciones-eeuu-2-580x387.jpg\" sizes=\"auto, (max-width: 580px) 100vw, 580px\" srcset=\"http:\/\/media.cubadebate.cu\/wp-content\/uploads\/2026\/03\/diaz-canel-conversaciones-eeuu-2-580x387.jpg 580w,http:\/\/media.cubadebate.cu\/wp-content\/uploads\/2026\/03\/diaz-canel-conversaciones-eeuu-2-768x512.jpg 768w,http:\/\/media.cubadebate.cu\/wp-content\/uploads\/2026\/03\/diaz-canel-conversaciones-eeuu-2.jpg 1280w\" alt=\"\" width=\"580\" height=\"387\" \/><\/p>\n<p class=\"wp-caption-text\">Foto: Estudios Revoluci\u00f3n<\/p>\n<\/div>\n<p>En su intervenci\u00f3n, D\u00edaz-Canel subray\u00f3: <strong>\u00abHay que recordar que no ha sido ni es pr\u00e1ctica del liderazgo de la Revoluci\u00f3n Cubana, responder a las campa\u00f1as especulativas sobre este tipo de tema. Se trata de un tema que se desarrolla como parte de un proceso muy sensible, que se conduce con seriedad y responsabilidad, porque afecta los v\u00ednculos bilaterales entre las dos naciones y demanda enormes y arduos esfuerzos para encontrar soluci\u00f3n y crear espacios de entendimiento, que nos permitan avanzar y alejarnos de la confrontaci\u00f3n\u00bb.<\/strong><\/p>\n<p>Seguidamente, el Jefe de Estado dijo que \u00aben los intercambios que se han sostenido, la parte cubana ha expresado la voluntad de llevar a cabo este proceso, sobre bases de igualdad y respeto a los sistemas pol\u00edticos de ambos Estados, a la soberan\u00eda, y a la autodeterminaci\u00f3n de nuestros gobiernos\u00bb.<\/p>\n<p>\u00abY esto se ha planteado tomando en cuenta un sentido de reciprocidad y de apego al Derecho Internacional\u00bb, asever\u00f3 el dignatario en una jornada que tambi\u00e9n estuvo encabezada por el Presidente de la Asamblea Nacional del Poder Popular y del Consejo de Estado, Esteban Lazo Hern\u00e1ndez; por el Primer Ministro, Manuel Marrero Cruz; por el Secretario de Organizaci\u00f3n del Comit\u00e9 Central del Partido Comunista de Cuba, Roberto Morales Ojeda; as\u00ed como por el Vicepresidente de la Rep\u00fablica, Salvador Vald\u00e9s Mesa \u2013todos, miembros del Bur\u00f3 Pol\u00edtico.<\/p>\n<p>En otro momento de sus palabras el Jefe de Estado reflexion\u00f3 que siempre que hemos tenido momentos tensos, como este de confrontaci\u00f3n con el gobierno de los Estados Unidos, han aparecido personas, instituciones, que han facilitado que se construyan determinados canales que nos permitan dialogar.<\/p>\n<p>El mandatario afirm\u00f3 que, \u00aben estos momentos de extrema tensi\u00f3n, tambi\u00e9n han surgido esas posibilidades\u00bb de crear espacios de entendimiento.<\/p>\n","protected":false},"excerpt":{"rendered":"<p>En correspondencia con la consistente pol\u00edtica que ha defendido la Revoluci\u00f3n Cubana en su historia, dirigidos por el General de<\/p>\n<div class='heateor_sss_sharing_container heateor_sss_vertical_sharing heateor_sss_bottom_sharing' style='width:44px;left: -10px;top: 100px;-webkit-box-shadow:none;box-shadow:none;' ><div class=\"heateor_sss_sharing_ul\"><a class=\"heateor_sss_amp heateor_sss_amp_facebook\" href=\"https:\/\/www.facebook.com\/sharer\/sharer.php?u=https%3A%2F%2Fwww.radiomajaguabo.icrt.cu%2Findex.php%3Frest_route%3D%252Fwp%252Fv2%252Fposts%252F13873\" title=\"Facebook\" rel=\"nofollow noopener\" target=\"_blank\"><amp-img src=\"https:\/\/www.radiomajaguabo.icrt.cu\/wp-content\/plugins\/sassy-social-share\/public\/..\/images\/amp\/facebook.svg\" width=\"40\" height=\"40\" alt=\"Facebook\" class=\"amp-wp-enforced-sizes\" style=\"width: 40px;\"><\/amp-img><\/a><a class=\"heateor_sss_amp heateor_sss_amp_linkedin\" href=\"https:\/\/www.linkedin.com\/sharing\/share-offsite\/?url=https%3A%2F%2Fwww.radiomajaguabo.icrt.cu%2Findex.php%3Frest_route%3D%252Fwp%252Fv2%252Fposts%252F13873\" title=\"Linkedin\" rel=\"nofollow noopener\" target=\"_blank\"><amp-img src=\"https:\/\/www.radiomajaguabo.icrt.cu\/wp-content\/plugins\/sassy-social-share\/public\/..\/images\/amp\/linkedin.svg\" width=\"40\" height=\"40\" alt=\"Linkedin\" class=\"amp-wp-enforced-sizes\" style=\"width: 40px;\"><\/amp-img><\/a><a class=\"heateor_sss_amp heateor_sss_amp_whatsapp\" href=\"https:\/\/api.whatsapp.com\/send?text=Radio%20Majaguabo%20-%20Emisora%20Radio%20Majaguabo%2C%20San%20Luis%2C%20Santiago%20de%20Cuba%2C%20Cuba%20https%3A%2F%2Fwww.radiomajaguabo.icrt.cu%2Findex.php%3Frest_route%3D%252Fwp%252Fv2%252Fposts%252F13873\" title=\"Whatsapp\" rel=\"nofollow noopener\" target=\"_blank\"><amp-img src=\"https:\/\/www.radiomajaguabo.icrt.cu\/wp-content\/plugins\/sassy-social-share\/public\/..\/images\/amp\/whatsapp.svg\" width=\"40\" height=\"40\" alt=\"Whatsapp\" class=\"amp-wp-enforced-sizes\" style=\"width: 40px;\"><\/amp-img><\/a><a class=\"heateor_sss_amp heateor_sss_amp_instagram\" href=\"https:\/\/www.instagram.com\/\" title=\"Instagram\" rel=\"nofollow noopener\" target=\"_blank\"><amp-img src=\"https:\/\/www.radiomajaguabo.icrt.cu\/wp-content\/plugins\/sassy-social-share\/public\/..\/images\/amp\/instagram.svg\" width=\"40\" height=\"40\" alt=\"Instagram\" class=\"amp-wp-enforced-sizes\" style=\"width: 40px;\"><\/amp-img><\/a><a class=\"heateor_sss_amp heateor_sss_amp_x\" href=\"https:\/\/twitter.com\/intent\/tweet?text=Radio%20Majaguabo%20-%20Emisora%20Radio%20Majaguabo%2C%20San%20Luis%2C%20Santiago%20de%20Cuba%2C%20Cuba&url=https%3A%2F%2Fwww.radiomajaguabo.icrt.cu%2Findex.php%3Frest_route%3D%252Fwp%252Fv2%252Fposts%252F13873\" title=\"X\" rel=\"nofollow noopener\" target=\"_blank\"><amp-img src=\"https:\/\/www.radiomajaguabo.icrt.cu\/wp-content\/plugins\/sassy-social-share\/public\/..\/images\/amp\/x.svg\" width=\"40\" height=\"40\" alt=\"X\" class=\"amp-wp-enforced-sizes\" style=\"width:40px;\"><\/amp-img><\/a><\/div><div class=\"heateorSssClear\"><\/div><\/div>","protected":false},"author":1,"featured_media":13879,"comment_status":"open","ping_status":"open","sticky":false,"template":"","format":"standard","meta":{"colormag_page_layout":"default_layout","footnotes":""},"categories":[9,8],"tags":[],"ppma_author":[37,361],"class_list":["post-13873","post","type-post","status-publish","format-standard","has-post-thumbnail","hentry","category-historia","category-nacionales"],"authors":[{"term_id":37,"user_id":1,"is_guest":0,"slug":"alberterie","display_name":"Administrador","avatar_url":"https:\/\/secure.gravatar.com\/avatar\/c7c20c93c5f4c81e7a7dc9b02a42095ae8875c9af446129683aaa06faf7fd1f3?s=96&d=mm&r=g","author_category":"","user_url":"https:\/\/www.radiomajaguabo.icrt.cu","last_name":"Alberterie Rivero","first_name":"Pedro","job_title":"","description":""},{"term_id":361,"user_id":15,"is_guest":0,"slug":"cubadebate","display_name":"Cubadebate","avatar_url":"https:\/\/secure.gravatar.com\/avatar\/dea41543675ed9bce0a3a1aadc84cffab8b405e1b91699c20cedb5cd80dc31b2?s=96&d=mm&r=g","author_category":"","user_url":"http:\/\/www.cubadebate.cu\/","last_name":"","first_name":"Cubadebate","job_title":"","description":""}],"amp_enabled":true,"_links":{"self":[{"href":"https:\/\/www.radiomajaguabo.icrt.cu\/index.php?rest_route=\/wp\/v2\/posts\/13873","targetHints":{"allow":["GET"]}}],"collection":[{"href":"https:\/\/www.radiomajaguabo.icrt.cu\/index.php?rest_route=\/wp\/v2\/posts"}],"about":[{"href":"https:\/\/www.radiomajaguabo.icrt.cu\/index.php?rest_route=\/wp\/v2\/types\/post"}],"author":[{"embeddable":true,"href":"https:\/\/www.radiomajaguabo.icrt.cu\/index.php?rest_route=\/wp\/v2\/users\/1"}],"replies":[{"embeddable":true,"href":"https:\/\/www.radiomajaguabo.icrt.cu\/index.php?rest_route=%2Fwp%2Fv2%2Fcomments&post=13873"}],"version-history":[{"count":1,"href":"https:\/\/www.radiomajaguabo.icrt.cu\/index.php?rest_route=\/wp\/v2\/posts\/13873\/revisions"}],"predecessor-version":[{"id":13880,"href":"https:\/\/www.radiomajaguabo.icrt.cu\/index.php?rest_route=\/wp\/v2\/posts\/13873\/revisions\/13880"}],"wp:featuredmedia":[{"embeddable":true,"href":"https:\/\/www.radiomajaguabo.icrt.cu\/index.php?rest_route=\/wp\/v2\/media\/13879"}],"wp:attachment":[{"href":"https:\/\/www.radiomajaguabo.icrt.cu\/index.php?rest_route=%2Fwp%2Fv2%2Fmedia&parent=13873"}],"wp:term":[{"taxonomy":"category","embeddable":true,"href":"https:\/\/www.radiomajaguabo.icrt.cu\/index.php?rest_route=%2Fwp%2Fv2%2Fcategories&post=13873"},{"taxonomy":"post_tag","embeddable":true,"href":"https:\/\/www.radiomajaguabo.icrt.cu\/index.php?rest_route=%2Fwp%2Fv2%2Ftags&post=13873"},{"taxonomy":"author","embeddable":true,"href":"https:\/\/www.radiomajaguabo.icrt.cu\/index.php?rest_route=%2Fwp%2Fv2%2Fppma_author&post=13873"}],"curies":[{"name":"wp","href":"https:\/\/api.w.org\/{rel}","templated":true}]}}