{"id":13776,"date":"2026-03-04T07:58:13","date_gmt":"2026-03-04T07:58:13","guid":{"rendered":"https:\/\/www.radiomajaguabo.icrt.cu\/?p=13776"},"modified":"2026-03-02T16:03:31","modified_gmt":"2026-03-02T16:03:31","slug":"la-explosion-del-vapor-frances-la-coubre-demostro-la-degradacion-moral-y-humana-de-los-enemigos-de-cuba","status":"publish","type":"post","link":"https:\/\/www.radiomajaguabo.icrt.cu\/?p=13776","title":{"rendered":"La explosi\u00f3n del vapor franc\u00e9s La Coubre demostr\u00f3 la degradaci\u00f3n moral y humana de los enemigos de Cuba"},"content":{"rendered":"<div class=\"article-text\">\n<p><strong>Uno de los actos terroristas m\u00e1s horrendos del pasado siglo lo constituy\u00f3 el sabotaje al vapor franc\u00e9s La Coubre, en el muelle de La Habana, el 4 de marzo de 1960.<\/strong><\/p>\n<p>Tomado de Tribuna de La Habana<\/p>\n<p>Apenas un a\u00f1o del triunfo de la Revoluci\u00f3n ya se acrecentaban las agresiones contra Cuba por parte de elementos contrarrevolucionarios apoyados y financiados por el gobierno de los Estados Unidos, a trav\u00e9s de su Agencia Central de Inteligencia, CIA.<\/p>\n<p>En ese contexto, la Isla se vio urgida a reforzar su defensa ante los continuos ataques, sabotajes, y violaciones del espacio a\u00e9reo y preparativos de invasi\u00f3n mercenaria. Y precisamente en el barco La Coubre, propiedad de una compa\u00f1\u00eda franc\u00e9s, conocida por Transat, llegaban entonces armamentos adquiridos en B\u00e9lgica con destino a la naci\u00f3n caribe\u00f1a, cuando se produjo el siniestro, una potente explosi\u00f3n en el \u00e1rea del muelle donde estibadores, operarios y dem\u00e1s personal del \u00e1rea se prestaban a su descarga, lo cual trajo por consecuencias cerca de cien cubanos fallecidos, unos seis marinos franceses, y alrededor de 200 heridos, generalmente en condiciones muy tr\u00e1gicas.<\/p>\n<p>Este abominable hecho se trat\u00f3 de silenciar por medios y gobiernos de occidente, y todav\u00eda sustentan documentos clasificados relacionados con el siniestro que cost\u00f3 la vida a personas nobles, trabajadores, hijos de esta tierra que cumpl\u00edan con su labor cotidiana en el puerto. Tambi\u00e9n hubo v\u00edctimas entre residentes de la zona los cuales ante la explosi\u00f3n se dispon\u00edan a socorrer a los heridos, y fueron alcanzados por otras detonaciones.<\/p>\n<p>El gobierno cubano responsabiliz\u00f3 a Estados Unidos por mantener desde Enero de 1959 una pol\u00edtica agresiva, basada en la subversi\u00f3n y con perenne hostilidad contra el pueblo de la Mayor de las Antillas.<\/p>\n<p>Durante esa \u00e9poca se sucedieron secuestros de pescadores, ataques a personal de embajadas cubanas en el exterior, intentos de asesinatos a dirigentes de la Revoluci\u00f3n, provocaciones desde la ilegal Base Naval de Guant\u00e1namo usurpada por Washington, as\u00ed como introducci\u00f3n de agentes concebidos para desestabilizar el pa\u00eds y fomentar grupos contrarrevolucionarios al servicio de la CIA, acompa\u00f1ados de una vasta campa\u00f1a de desinformaci\u00f3n, operaciones y falacias contra la Isla.<\/p>\n<figure id=\"ri_21944\" class=\"g-story-body-photo g-story-body-full related-image\" data-media-action=\"modal\">\n<div class=\"image\"><img decoding=\"async\" class=\"media-viewer-candidate aligncenter\" src=\"https:\/\/www.tribuna.cu\/file\/img\/2021\/03\/medium\/f0021944.jpg\" alt=\"\" \/><\/div><figcaption class=\"g-story-media-caption\"><strong>Foto: <\/strong><span class=\"credit\">Archivo <\/span><\/figcaption><\/figure>\n<p>Una manifestaci\u00f3n popular de rechazo a las pol\u00edticas instrumentadas desde la Casa Blanca contra el naciente proceso revolucionario, constituy\u00f3 el sepelio de los ca\u00eddos ese d\u00eda en cumplimiento de su deber. Desde entonces ellos pasaron a ocupar un lugar cimero en la historia, como h\u00e9roes de la Patria.<\/p>\n<p><strong>La infamia cometida acrecent\u00f3 la unidad en torno a la defensa de la naci\u00f3n<\/strong>, y mostr\u00f3 la inquebrantable decisi\u00f3n de los cubanos de prepararse, con mayor ah\u00ednco, para salvaguardar la soberan\u00eda e integridad del pa\u00eds. De ah\u00ed que cientos de compatriotas se alistaran en las Milicias Nacionales Revolucionarias, sum\u00e1ndose otros miles a las instituciones militares, fortaleci\u00e9ndose entonces las Fuerzas Armadas y su disposici\u00f3n combativa para la guerra de todo el pueblo.<\/p>\n<figure id=\"ri_21935\" class=\"g-story-body-photo g-story-body-full related-image\" data-media-action=\"modal\">\n<div class=\"image\"><img decoding=\"async\" class=\"media-viewer-candidate aligncenter\" src=\"https:\/\/www.tribuna.cu\/file\/img\/2021\/03\/medium\/f0021935.jpg\" alt=\"\" \/><\/div><figcaption class=\"g-story-media-caption\"><strong>Foto: <\/strong><span class=\"credit\">Tomada de Cubadebate <\/span><\/figcaption><\/figure>\n<p><strong>La explosi\u00f3n de La Coubre fue un suceso infame que dej\u00f3 profundas huellas en el coraz\u00f3n de los cubanos<\/strong>, a la vez que demostr\u00f3 la degradaci\u00f3n moral y el quebranto a los derechos humanos, por parte de los enemigos de Cuba.<\/p>\n<figure id=\"ri_64180\" class=\"g-story-body-photo g-story-body-full related-image\" data-media-action=\"modal\">\n<div class=\"image\"><img decoding=\"async\" class=\"media-viewer-candidate aligncenter\" src=\"https:\/\/www.tribuna.cu\/file\/img\/2025\/03\/medium\/f0064180.jpg\" alt=\"\" \/><\/div><figcaption class=\"g-story-media-caption\"><strong>Foto: <\/strong><span class=\"credit\">Cartel<\/span><\/figcaption><\/figure>\n<\/div>\n<div class=\"mb-80 mb-xs-40\"><a name=\"comentarios\"><\/a><\/p>\n<form id=\"form\" class=\"\" role=\"form\">\n<div class=\"row mb-20 mb-md-10\">\n<div class=\"col-md-6 mb-md-10\"><input id=\"n\" class=\"input-md form-control\" maxlength=\"\" name=\"name\" required=\"\" type=\"text\" placeholder=\"Nombre\" \/><\/div>\n<div class=\"col-md-6\"><input id=\"e\" class=\"input-md form-control\" maxlength=\"\" name=\"email\" required=\"\" type=\"email\" placeholder=\"Correo\" \/><\/div>\n<\/div>\n<div class=\"mb-30 mb-md-10\"><textarea id=\"t\" class=\"input-md form-control\" maxlength=\"\" name=\"text\" rows=\"6\" placeholder=\"Comentario...\"><\/textarea><\/div>\n<\/form>\n<\/div>\n","protected":false},"excerpt":{"rendered":"<p>Uno de los actos terroristas m\u00e1s horrendos del pasado siglo lo constituy\u00f3 el sabotaje al vapor franc\u00e9s La Coubre, en<\/p>\n<div class='heateor_sss_sharing_container heateor_sss_vertical_sharing heateor_sss_bottom_sharing' style='width:44px;left: -10px;top: 100px;-webkit-box-shadow:none;box-shadow:none;' ><div class=\"heateor_sss_sharing_ul\"><a class=\"heateor_sss_amp heateor_sss_amp_facebook\" href=\"https:\/\/www.facebook.com\/sharer\/sharer.php?u=https%3A%2F%2Fwww.radiomajaguabo.icrt.cu%2Findex.php%3Frest_route%3D%252Fwp%252Fv2%252Fposts%252F13776\" title=\"Facebook\" rel=\"nofollow noopener\" target=\"_blank\"><amp-img src=\"https:\/\/www.radiomajaguabo.icrt.cu\/wp-content\/plugins\/sassy-social-share\/public\/..\/images\/amp\/facebook.svg\" width=\"40\" height=\"40\" alt=\"Facebook\" class=\"amp-wp-enforced-sizes\" style=\"width: 40px;\"><\/amp-img><\/a><a class=\"heateor_sss_amp heateor_sss_amp_linkedin\" href=\"https:\/\/www.linkedin.com\/sharing\/share-offsite\/?url=https%3A%2F%2Fwww.radiomajaguabo.icrt.cu%2Findex.php%3Frest_route%3D%252Fwp%252Fv2%252Fposts%252F13776\" title=\"Linkedin\" rel=\"nofollow noopener\" target=\"_blank\"><amp-img src=\"https:\/\/www.radiomajaguabo.icrt.cu\/wp-content\/plugins\/sassy-social-share\/public\/..\/images\/amp\/linkedin.svg\" width=\"40\" height=\"40\" alt=\"Linkedin\" class=\"amp-wp-enforced-sizes\" style=\"width: 40px;\"><\/amp-img><\/a><a class=\"heateor_sss_amp heateor_sss_amp_whatsapp\" href=\"https:\/\/api.whatsapp.com\/send?text=Radio%20Majaguabo%20-%20Emisora%20Radio%20Majaguabo%2C%20San%20Luis%2C%20Santiago%20de%20Cuba%2C%20Cuba%20https%3A%2F%2Fwww.radiomajaguabo.icrt.cu%2Findex.php%3Frest_route%3D%252Fwp%252Fv2%252Fposts%252F13776\" title=\"Whatsapp\" rel=\"nofollow noopener\" target=\"_blank\"><amp-img src=\"https:\/\/www.radiomajaguabo.icrt.cu\/wp-content\/plugins\/sassy-social-share\/public\/..\/images\/amp\/whatsapp.svg\" width=\"40\" height=\"40\" alt=\"Whatsapp\" class=\"amp-wp-enforced-sizes\" style=\"width: 40px;\"><\/amp-img><\/a><a class=\"heateor_sss_amp heateor_sss_amp_instagram\" href=\"https:\/\/www.instagram.com\/\" title=\"Instagram\" rel=\"nofollow noopener\" target=\"_blank\"><amp-img src=\"https:\/\/www.radiomajaguabo.icrt.cu\/wp-content\/plugins\/sassy-social-share\/public\/..\/images\/amp\/instagram.svg\" width=\"40\" height=\"40\" alt=\"Instagram\" class=\"amp-wp-enforced-sizes\" style=\"width: 40px;\"><\/amp-img><\/a><a class=\"heateor_sss_amp heateor_sss_amp_x\" href=\"https:\/\/twitter.com\/intent\/tweet?text=Radio%20Majaguabo%20-%20Emisora%20Radio%20Majaguabo%2C%20San%20Luis%2C%20Santiago%20de%20Cuba%2C%20Cuba&url=https%3A%2F%2Fwww.radiomajaguabo.icrt.cu%2Findex.php%3Frest_route%3D%252Fwp%252Fv2%252Fposts%252F13776\" title=\"X\" rel=\"nofollow noopener\" target=\"_blank\"><amp-img src=\"https:\/\/www.radiomajaguabo.icrt.cu\/wp-content\/plugins\/sassy-social-share\/public\/..\/images\/amp\/x.svg\" width=\"40\" height=\"40\" alt=\"X\" class=\"amp-wp-enforced-sizes\" style=\"width:40px;\"><\/amp-img><\/a><\/div><div class=\"heateorSssClear\"><\/div><\/div>","protected":false},"author":1,"featured_media":13777,"comment_status":"open","ping_status":"open","sticky":false,"template":"","format":"standard","meta":{"colormag_page_layout":"default_layout","footnotes":""},"categories":[6,9,8],"tags":[],"ppma_author":[37],"class_list":["post-13776","post","type-post","status-publish","format-standard","has-post-thumbnail","hentry","category-cultura","category-historia","category-nacionales"],"authors":[{"term_id":37,"user_id":1,"is_guest":0,"slug":"alberterie","display_name":"Administrador","avatar_url":"https:\/\/secure.gravatar.com\/avatar\/c7c20c93c5f4c81e7a7dc9b02a42095ae8875c9af446129683aaa06faf7fd1f3?s=96&d=mm&r=g","author_category":"","user_url":"https:\/\/www.radiomajaguabo.icrt.cu","last_name":"Alberterie Rivero","first_name":"Pedro","job_title":"","description":""}],"amp_enabled":true,"_links":{"self":[{"href":"https:\/\/www.radiomajaguabo.icrt.cu\/index.php?rest_route=\/wp\/v2\/posts\/13776","targetHints":{"allow":["GET"]}}],"collection":[{"href":"https:\/\/www.radiomajaguabo.icrt.cu\/index.php?rest_route=\/wp\/v2\/posts"}],"about":[{"href":"https:\/\/www.radiomajaguabo.icrt.cu\/index.php?rest_route=\/wp\/v2\/types\/post"}],"author":[{"embeddable":true,"href":"https:\/\/www.radiomajaguabo.icrt.cu\/index.php?rest_route=\/wp\/v2\/users\/1"}],"replies":[{"embeddable":true,"href":"https:\/\/www.radiomajaguabo.icrt.cu\/index.php?rest_route=%2Fwp%2Fv2%2Fcomments&post=13776"}],"version-history":[{"count":1,"href":"https:\/\/www.radiomajaguabo.icrt.cu\/index.php?rest_route=\/wp\/v2\/posts\/13776\/revisions"}],"predecessor-version":[{"id":13778,"href":"https:\/\/www.radiomajaguabo.icrt.cu\/index.php?rest_route=\/wp\/v2\/posts\/13776\/revisions\/13778"}],"wp:featuredmedia":[{"embeddable":true,"href":"https:\/\/www.radiomajaguabo.icrt.cu\/index.php?rest_route=\/wp\/v2\/media\/13777"}],"wp:attachment":[{"href":"https:\/\/www.radiomajaguabo.icrt.cu\/index.php?rest_route=%2Fwp%2Fv2%2Fmedia&parent=13776"}],"wp:term":[{"taxonomy":"category","embeddable":true,"href":"https:\/\/www.radiomajaguabo.icrt.cu\/index.php?rest_route=%2Fwp%2Fv2%2Fcategories&post=13776"},{"taxonomy":"post_tag","embeddable":true,"href":"https:\/\/www.radiomajaguabo.icrt.cu\/index.php?rest_route=%2Fwp%2Fv2%2Ftags&post=13776"},{"taxonomy":"author","embeddable":true,"href":"https:\/\/www.radiomajaguabo.icrt.cu\/index.php?rest_route=%2Fwp%2Fv2%2Fppma_author&post=13776"}],"curies":[{"name":"wp","href":"https:\/\/api.w.org\/{rel}","templated":true}]}}