{"id":13767,"date":"2026-03-06T07:42:55","date_gmt":"2026-03-06T07:42:55","guid":{"rendered":"https:\/\/www.radiomajaguabo.icrt.cu\/?p=13767"},"modified":"2026-03-03T14:24:23","modified_gmt":"2026-03-03T14:24:23","slug":"brigadas-femeninas-aportan-al-desarrollo-agropecuario-en-san-luis","status":"publish","type":"post","link":"https:\/\/www.radiomajaguabo.icrt.cu\/?p=13767","title":{"rendered":"Brigadas femeninas aportan al desarrollo agropecuario en San Luis"},"content":{"rendered":"<p><strong>San Luis, Santiago de Cuba, mar. 6, 26.-<\/strong> Las brigadas conjuntas de la Federaci\u00f3n de Mujeres Cubanas y la Asociaci\u00f3n Nacional de Agricultores Peque\u00f1os (FMC \u2013 ANAP) tienen gran significaci\u00f3n aqu\u00ed, pues contribuyen con fuerza laboral para la agricultura, y aseguran la incorporaci\u00f3n de la mujer campesina de manera sustancial a la vida pol\u00edtico-social del pa\u00eds.<\/p>\n<p>Lilian Serrano Silveira, destacada campesina manifiesta que una finca sin la presencia de una mujer no es nada. Contribuimos no solo a la producci\u00f3n, garantizamos las tareas hogare\u00f1as y la atenci\u00f3n a la familia. A trav\u00e9s de la brigada se buscan nuevas formas de empleo y se logra la mayor integraci\u00f3n de la mujer a la comunidad, incluida la prevenci\u00f3n social, asever\u00f3 la tambi\u00e9n Miembro del Comit\u00e9 nacional de la organizaci\u00f3n campesina.<\/p>\n<p>En el territorio sanluisero es significativo el aporte de las mujeres en las labores agr\u00edcolas, las encontramos como dirigentes, usufructuarias, obreras o campesinas, en etapas de siembra, acopio y corte de la ca\u00f1a o el caf\u00e9 y ligadas a tareas tambi\u00e9n esenciales como son la producci\u00f3n de leche, huevo y carne.<\/p>\n","protected":false},"excerpt":{"rendered":"<p>San Luis, Santiago de Cuba, mar. 6, 26.- Las brigadas conjuntas de la Federaci\u00f3n de Mujeres Cubanas y la Asociaci\u00f3n<\/p>\n<div class='heateor_sss_sharing_container heateor_sss_vertical_sharing heateor_sss_bottom_sharing' style='width:44px;left: -10px;top: 100px;-webkit-box-shadow:none;box-shadow:none;' ><div class=\"heateor_sss_sharing_ul\"><a class=\"heateor_sss_amp heateor_sss_amp_facebook\" href=\"https:\/\/www.facebook.com\/sharer\/sharer.php?u=https%3A%2F%2Fwww.radiomajaguabo.icrt.cu%2Findex.php%3Frest_route%3D%252Fwp%252Fv2%252Fposts%252F13767\" title=\"Facebook\" rel=\"nofollow noopener\" target=\"_blank\"><amp-img src=\"https:\/\/www.radiomajaguabo.icrt.cu\/wp-content\/plugins\/sassy-social-share\/public\/..\/images\/amp\/facebook.svg\" width=\"40\" height=\"40\" alt=\"Facebook\" class=\"amp-wp-enforced-sizes\" style=\"width: 40px;\"><\/amp-img><\/a><a class=\"heateor_sss_amp heateor_sss_amp_linkedin\" href=\"https:\/\/www.linkedin.com\/sharing\/share-offsite\/?url=https%3A%2F%2Fwww.radiomajaguabo.icrt.cu%2Findex.php%3Frest_route%3D%252Fwp%252Fv2%252Fposts%252F13767\" title=\"Linkedin\" rel=\"nofollow noopener\" target=\"_blank\"><amp-img src=\"https:\/\/www.radiomajaguabo.icrt.cu\/wp-content\/plugins\/sassy-social-share\/public\/..\/images\/amp\/linkedin.svg\" width=\"40\" height=\"40\" alt=\"Linkedin\" class=\"amp-wp-enforced-sizes\" style=\"width: 40px;\"><\/amp-img><\/a><a class=\"heateor_sss_amp heateor_sss_amp_whatsapp\" href=\"https:\/\/api.whatsapp.com\/send?text=Radio%20Majaguabo%20-%20Emisora%20Radio%20Majaguabo%2C%20San%20Luis%2C%20Santiago%20de%20Cuba%2C%20Cuba%20https%3A%2F%2Fwww.radiomajaguabo.icrt.cu%2Findex.php%3Frest_route%3D%252Fwp%252Fv2%252Fposts%252F13767\" title=\"Whatsapp\" rel=\"nofollow noopener\" target=\"_blank\"><amp-img src=\"https:\/\/www.radiomajaguabo.icrt.cu\/wp-content\/plugins\/sassy-social-share\/public\/..\/images\/amp\/whatsapp.svg\" width=\"40\" height=\"40\" alt=\"Whatsapp\" class=\"amp-wp-enforced-sizes\" style=\"width: 40px;\"><\/amp-img><\/a><a class=\"heateor_sss_amp heateor_sss_amp_instagram\" href=\"https:\/\/www.instagram.com\/\" title=\"Instagram\" rel=\"nofollow noopener\" target=\"_blank\"><amp-img src=\"https:\/\/www.radiomajaguabo.icrt.cu\/wp-content\/plugins\/sassy-social-share\/public\/..\/images\/amp\/instagram.svg\" width=\"40\" height=\"40\" alt=\"Instagram\" class=\"amp-wp-enforced-sizes\" style=\"width: 40px;\"><\/amp-img><\/a><a class=\"heateor_sss_amp heateor_sss_amp_x\" href=\"https:\/\/twitter.com\/intent\/tweet?text=Radio%20Majaguabo%20-%20Emisora%20Radio%20Majaguabo%2C%20San%20Luis%2C%20Santiago%20de%20Cuba%2C%20Cuba&url=https%3A%2F%2Fwww.radiomajaguabo.icrt.cu%2Findex.php%3Frest_route%3D%252Fwp%252Fv2%252Fposts%252F13767\" title=\"X\" rel=\"nofollow noopener\" target=\"_blank\"><amp-img src=\"https:\/\/www.radiomajaguabo.icrt.cu\/wp-content\/plugins\/sassy-social-share\/public\/..\/images\/amp\/x.svg\" width=\"40\" height=\"40\" alt=\"X\" class=\"amp-wp-enforced-sizes\" style=\"width:40px;\"><\/amp-img><\/a><\/div><div class=\"heateorSssClear\"><\/div><\/div>","protected":false},"author":1,"featured_media":9409,"comment_status":"open","ping_status":"open","sticky":false,"template":"","format":"standard","meta":{"colormag_page_layout":"default_layout","footnotes":""},"categories":[6,9,10],"tags":[],"ppma_author":[37,299],"class_list":["post-13767","post","type-post","status-publish","format-standard","has-post-thumbnail","hentry","category-cultura","category-historia","category-san-luis"],"authors":[{"term_id":37,"user_id":1,"is_guest":0,"slug":"alberterie","display_name":"Administrador","avatar_url":"https:\/\/secure.gravatar.com\/avatar\/c7c20c93c5f4c81e7a7dc9b02a42095ae8875c9af446129683aaa06faf7fd1f3?s=96&d=mm&r=g","author_category":"","user_url":"https:\/\/www.radiomajaguabo.icrt.cu","last_name":"Alberterie Rivero","first_name":"Pedro","job_title":"","description":""},{"term_id":299,"user_id":6,"is_guest":0,"slug":"yaniuska","display_name":"Yaniuska P\u00e9rez Verdecia","avatar_url":"https:\/\/secure.gravatar.com\/avatar\/a6d7e51e5ccf0210b8c939b21a0b37dca410372954868b8ff5b8e51c07cf1a6e?s=96&d=mm&r=g","author_category":"","user_url":"","last_name":"P\u00e9rez Verdecia","first_name":"Yaniuska","job_title":"","description":""}],"amp_enabled":true,"_links":{"self":[{"href":"https:\/\/www.radiomajaguabo.icrt.cu\/index.php?rest_route=\/wp\/v2\/posts\/13767","targetHints":{"allow":["GET"]}}],"collection":[{"href":"https:\/\/www.radiomajaguabo.icrt.cu\/index.php?rest_route=\/wp\/v2\/posts"}],"about":[{"href":"https:\/\/www.radiomajaguabo.icrt.cu\/index.php?rest_route=\/wp\/v2\/types\/post"}],"author":[{"embeddable":true,"href":"https:\/\/www.radiomajaguabo.icrt.cu\/index.php?rest_route=\/wp\/v2\/users\/1"}],"replies":[{"embeddable":true,"href":"https:\/\/www.radiomajaguabo.icrt.cu\/index.php?rest_route=%2Fwp%2Fv2%2Fcomments&post=13767"}],"version-history":[{"count":3,"href":"https:\/\/www.radiomajaguabo.icrt.cu\/index.php?rest_route=\/wp\/v2\/posts\/13767\/revisions"}],"predecessor-version":[{"id":13811,"href":"https:\/\/www.radiomajaguabo.icrt.cu\/index.php?rest_route=\/wp\/v2\/posts\/13767\/revisions\/13811"}],"wp:featuredmedia":[{"embeddable":true,"href":"https:\/\/www.radiomajaguabo.icrt.cu\/index.php?rest_route=\/wp\/v2\/media\/9409"}],"wp:attachment":[{"href":"https:\/\/www.radiomajaguabo.icrt.cu\/index.php?rest_route=%2Fwp%2Fv2%2Fmedia&parent=13767"}],"wp:term":[{"taxonomy":"category","embeddable":true,"href":"https:\/\/www.radiomajaguabo.icrt.cu\/index.php?rest_route=%2Fwp%2Fv2%2Fcategories&post=13767"},{"taxonomy":"post_tag","embeddable":true,"href":"https:\/\/www.radiomajaguabo.icrt.cu\/index.php?rest_route=%2Fwp%2Fv2%2Ftags&post=13767"},{"taxonomy":"author","embeddable":true,"href":"https:\/\/www.radiomajaguabo.icrt.cu\/index.php?rest_route=%2Fwp%2Fv2%2Fppma_author&post=13767"}],"curies":[{"name":"wp","href":"https:\/\/api.w.org\/{rel}","templated":true}]}}