{"id":13736,"date":"2026-02-27T17:10:06","date_gmt":"2026-02-27T17:10:06","guid":{"rendered":"https:\/\/www.radiomajaguabo.icrt.cu\/?p=13736"},"modified":"2026-02-26T17:52:07","modified_gmt":"2026-02-26T17:52:07","slug":"carlos-manuel-de-cespedes-152-anos-en-la-inmortalidad","status":"publish","type":"post","link":"https:\/\/www.radiomajaguabo.icrt.cu\/?p=13736","title":{"rendered":"Carlos Manuel de C\u00e9spedes: 152 a\u00f1os en la inmortalidad"},"content":{"rendered":"<p>Fue Carlos Manuel de C\u00e9spedes el primer cubano que se levant\u00f3 contra el poder colonial espa\u00f1ol al crear un movimiento revolucionario para la lucha por la independencia.<span id=\"more-234383\"><\/span><\/p>\n<p>Tomado de La Demajagua<\/p>\n<p>Su presencia se impone all\u00ed, en el ingenio Demajagua situado a poca distancia de Manzanillo en el Oriente cubano, iza su bandera y da lectura al Manifiesto de Independencia que inicia aquel 10 de octubre de 1868 la llamada Guerra de los Diez A\u00f1os.<\/p>\n<p>En aquel Manifiesto proclama: \u201cCiudadanos: hasta este momento hab\u00e9is sido esclavos m\u00edos. Desde ahora sois tan libres como yo. Cuba necesita de todos sus hijos para conquistar su libertad e independencia: los que me quieran seguir que me sigan: los que se quieran quedar que se queden, todos ser\u00e1n tan libres como los dem\u00e1s.\u201d<\/p>\n<p>C\u00e9spedes es el hombre id\u00f3neo para encabezar aquella guerra que en las horas decisivas recibi\u00f3 el respaldo de hacendados, medianos y peque\u00f1os propietarios de tierras, trabajadores urbanos y rurales y esclavos liberados o en rebeli\u00f3n.<\/p>\n<p>En Yara fue su primer rev\u00e9s, y ante uno de sus partidarios que se quejaba de tan infortunada suerte porque todo se hab\u00eda perdido, C\u00e9spedes se alz\u00f3 sobre los estribos de su corcel y contest\u00f3:<\/p>\n<p>\u201c\u00a1A\u00fan quedamos doce hombres. Bastan para hacer la independencia de Cuba!\u201d<\/p>\n<p>No en balde en su Manifiesto del Diez de Octubre, el Padre de la Patria afirma: \u201cNo nos extrav\u00edan rencores ni nos halagan ambiciones: solo queremos ser libres e iguales como hizo el Creador a todos los hombres.\u201d<\/p>\n<p>C\u00e9spedes es considerado por Espa\u00f1a peligroso y perturbador, adem\u00e1s un destacado separatista que por defender sus principios sufre prisiones y destierros.<\/p>\n<p>Conoce de envidias y resquemores, pero ama demasiado a Cuba por encima de todo. En diciembre de 1870, le escribe a su esposa Ana de Quesada, ante la sospecha, que es casi una realidad, de que la C\u00e1mara de Representantes se propone deponerle:<\/p>\n<p>\u201cSi se comete semejante violencia, por m\u00ed nunca habr\u00e1 perturbaciones y cualquiera que sea la ilegalidad del acto, me someter\u00e9 y dejar\u00e9 la Isla para seguir en el extranjero trabajando por el triunfo de la revoluci\u00f3n (\u2026)<\/p>\n<p>Carlos Manuel de C\u00e9spedes llamado \u201chombre de m\u00e1rmol\u201d al final fue abandonado sin guardia alguna en la Sierra Maestra, no le permitieron ni siquiera viajar a Estados Unidos a ver a su esposa e hijos.<\/p>\n<p>En un boh\u00edo de San Lorenzo, paraje intrincado de la Sierra Maestra, dedicado a ense\u00f1ar a leer y a escribir a los ni\u00f1os campesinos de la comarca, el 27 de febrero de 1874, Carlos Manuel de C\u00e9spedes y del Castillo, sorprendido por hombres del Batall\u00f3n San Quint\u00edn, cay\u00f3 por un barranco y fue muerto a balazos, hace 152 a\u00f1os pasando a la inmortalidad.<\/p>\n","protected":false},"excerpt":{"rendered":"<p>Fue Carlos Manuel de C\u00e9spedes el primer cubano que se levant\u00f3 contra el poder colonial espa\u00f1ol al crear un movimiento<\/p>\n<div class='heateor_sss_sharing_container heateor_sss_vertical_sharing heateor_sss_bottom_sharing' style='width:44px;left: -10px;top: 100px;-webkit-box-shadow:none;box-shadow:none;' ><div class=\"heateor_sss_sharing_ul\"><a class=\"heateor_sss_amp heateor_sss_amp_facebook\" href=\"https:\/\/www.facebook.com\/sharer\/sharer.php?u=https%3A%2F%2Fwww.radiomajaguabo.icrt.cu%2Findex.php%3Frest_route%3D%252Fwp%252Fv2%252Fposts%252F13736\" title=\"Facebook\" rel=\"nofollow noopener\" target=\"_blank\"><amp-img src=\"https:\/\/www.radiomajaguabo.icrt.cu\/wp-content\/plugins\/sassy-social-share\/public\/..\/images\/amp\/facebook.svg\" width=\"40\" height=\"40\" alt=\"Facebook\" class=\"amp-wp-enforced-sizes\" style=\"width: 40px;\"><\/amp-img><\/a><a class=\"heateor_sss_amp heateor_sss_amp_linkedin\" href=\"https:\/\/www.linkedin.com\/sharing\/share-offsite\/?url=https%3A%2F%2Fwww.radiomajaguabo.icrt.cu%2Findex.php%3Frest_route%3D%252Fwp%252Fv2%252Fposts%252F13736\" title=\"Linkedin\" rel=\"nofollow noopener\" target=\"_blank\"><amp-img src=\"https:\/\/www.radiomajaguabo.icrt.cu\/wp-content\/plugins\/sassy-social-share\/public\/..\/images\/amp\/linkedin.svg\" width=\"40\" height=\"40\" alt=\"Linkedin\" class=\"amp-wp-enforced-sizes\" style=\"width: 40px;\"><\/amp-img><\/a><a class=\"heateor_sss_amp heateor_sss_amp_whatsapp\" href=\"https:\/\/api.whatsapp.com\/send?text=Radio%20Majaguabo%20-%20Emisora%20Radio%20Majaguabo%2C%20San%20Luis%2C%20Santiago%20de%20Cuba%2C%20Cuba%20https%3A%2F%2Fwww.radiomajaguabo.icrt.cu%2Findex.php%3Frest_route%3D%252Fwp%252Fv2%252Fposts%252F13736\" title=\"Whatsapp\" rel=\"nofollow noopener\" target=\"_blank\"><amp-img src=\"https:\/\/www.radiomajaguabo.icrt.cu\/wp-content\/plugins\/sassy-social-share\/public\/..\/images\/amp\/whatsapp.svg\" width=\"40\" height=\"40\" alt=\"Whatsapp\" class=\"amp-wp-enforced-sizes\" style=\"width: 40px;\"><\/amp-img><\/a><a class=\"heateor_sss_amp heateor_sss_amp_instagram\" href=\"https:\/\/www.instagram.com\/\" title=\"Instagram\" rel=\"nofollow noopener\" target=\"_blank\"><amp-img src=\"https:\/\/www.radiomajaguabo.icrt.cu\/wp-content\/plugins\/sassy-social-share\/public\/..\/images\/amp\/instagram.svg\" width=\"40\" height=\"40\" alt=\"Instagram\" class=\"amp-wp-enforced-sizes\" style=\"width: 40px;\"><\/amp-img><\/a><a class=\"heateor_sss_amp heateor_sss_amp_x\" href=\"https:\/\/twitter.com\/intent\/tweet?text=Radio%20Majaguabo%20-%20Emisora%20Radio%20Majaguabo%2C%20San%20Luis%2C%20Santiago%20de%20Cuba%2C%20Cuba&url=https%3A%2F%2Fwww.radiomajaguabo.icrt.cu%2Findex.php%3Frest_route%3D%252Fwp%252Fv2%252Fposts%252F13736\" title=\"X\" rel=\"nofollow noopener\" target=\"_blank\"><amp-img src=\"https:\/\/www.radiomajaguabo.icrt.cu\/wp-content\/plugins\/sassy-social-share\/public\/..\/images\/amp\/x.svg\" width=\"40\" height=\"40\" alt=\"X\" class=\"amp-wp-enforced-sizes\" style=\"width:40px;\"><\/amp-img><\/a><\/div><div class=\"heateorSssClear\"><\/div><\/div>","protected":false},"author":1,"featured_media":13753,"comment_status":"open","ping_status":"open","sticky":false,"template":"","format":"standard","meta":{"colormag_page_layout":"default_layout","footnotes":""},"categories":[6,9,8],"tags":[],"ppma_author":[37],"class_list":["post-13736","post","type-post","status-publish","format-standard","has-post-thumbnail","hentry","category-cultura","category-historia","category-nacionales"],"authors":[{"term_id":37,"user_id":1,"is_guest":0,"slug":"alberterie","display_name":"Administrador","avatar_url":"https:\/\/secure.gravatar.com\/avatar\/c7c20c93c5f4c81e7a7dc9b02a42095ae8875c9af446129683aaa06faf7fd1f3?s=96&d=mm&r=g","author_category":"","user_url":"https:\/\/www.radiomajaguabo.icrt.cu","last_name":"Alberterie Rivero","first_name":"Pedro","job_title":"","description":""}],"amp_enabled":true,"_links":{"self":[{"href":"https:\/\/www.radiomajaguabo.icrt.cu\/index.php?rest_route=\/wp\/v2\/posts\/13736","targetHints":{"allow":["GET"]}}],"collection":[{"href":"https:\/\/www.radiomajaguabo.icrt.cu\/index.php?rest_route=\/wp\/v2\/posts"}],"about":[{"href":"https:\/\/www.radiomajaguabo.icrt.cu\/index.php?rest_route=\/wp\/v2\/types\/post"}],"author":[{"embeddable":true,"href":"https:\/\/www.radiomajaguabo.icrt.cu\/index.php?rest_route=\/wp\/v2\/users\/1"}],"replies":[{"embeddable":true,"href":"https:\/\/www.radiomajaguabo.icrt.cu\/index.php?rest_route=%2Fwp%2Fv2%2Fcomments&post=13736"}],"version-history":[{"count":2,"href":"https:\/\/www.radiomajaguabo.icrt.cu\/index.php?rest_route=\/wp\/v2\/posts\/13736\/revisions"}],"predecessor-version":[{"id":13755,"href":"https:\/\/www.radiomajaguabo.icrt.cu\/index.php?rest_route=\/wp\/v2\/posts\/13736\/revisions\/13755"}],"wp:featuredmedia":[{"embeddable":true,"href":"https:\/\/www.radiomajaguabo.icrt.cu\/index.php?rest_route=\/wp\/v2\/media\/13753"}],"wp:attachment":[{"href":"https:\/\/www.radiomajaguabo.icrt.cu\/index.php?rest_route=%2Fwp%2Fv2%2Fmedia&parent=13736"}],"wp:term":[{"taxonomy":"category","embeddable":true,"href":"https:\/\/www.radiomajaguabo.icrt.cu\/index.php?rest_route=%2Fwp%2Fv2%2Fcategories&post=13736"},{"taxonomy":"post_tag","embeddable":true,"href":"https:\/\/www.radiomajaguabo.icrt.cu\/index.php?rest_route=%2Fwp%2Fv2%2Ftags&post=13736"},{"taxonomy":"author","embeddable":true,"href":"https:\/\/www.radiomajaguabo.icrt.cu\/index.php?rest_route=%2Fwp%2Fv2%2Fppma_author&post=13736"}],"curies":[{"name":"wp","href":"https:\/\/api.w.org\/{rel}","templated":true}]}}