{"id":13726,"date":"2026-02-24T07:11:21","date_gmt":"2026-02-24T07:11:21","guid":{"rendered":"https:\/\/www.radiomajaguabo.icrt.cu\/?p=13726"},"modified":"2026-02-23T13:18:11","modified_gmt":"2026-02-23T13:18:11","slug":"trabajo-comunitario-integrado-en-san-luis-cosecha-frutos-significativos","status":"publish","type":"post","link":"https:\/\/www.radiomajaguabo.icrt.cu\/?p=13726","title":{"rendered":"Trabajo Comunitario Integrado en San Luis cosecha frutos significativos"},"content":{"rendered":"<p><strong>San Luis, Santiago de Cuba, feb. 24, 26.-<\/strong> La ley 132, que organiza el funcionamiento de las Asambleas Municipales del Poder Popular y de los Consejos Populares, en su Art\u00edculo 104 establece que \u00abLos delegados promueven y apoyan el desarrollo del Trabajo Comunitario Integrado como m\u00e9todo impulsado desde la circunscripci\u00f3n, para cohesionar a la comunidad, en la formaci\u00f3n de valores patri\u00f3ticos y \u00e9ticos, y buscar soluciones propias a situaciones existentes, sin suplantar el papel de las organizaciones que all\u00ed act\u00faan\u00bb.<\/p>\n<p>Bajo tales preceptos, en San Luis,\u00a0 desde los 16 asentamientos se fomenta este tipo de labor, \u00a0con resultados. Entre los puntos de an\u00e1lisis, durante\u00a0 los encuentros entre\u00a0 los factores comunitarios que se realizan una vez al mes, se organizan\u00a0 tareas para desde la demarcaci\u00f3n solucionar problemas con la participaci\u00f3n popular.<\/p>\n<div class=\"html-div xdj266r x14z9mp xat24cr x1lziwak xexx8yu xyri2b x18d9i69 x1c1uobl\" dir=\"auto\">\n<div class=\"html-div xdj266r x14z9mp xat24cr x1lziwak xexx8yu xyri2b x18d9i69 x1c1uobl\" data-ad-rendering-role=\"story_message\">\n<div class=\"x1l90r2v x1iorvi4 x1g0dm76 xpdmqnj\" data-ad-comet-preview=\"message\" data-ad-preview=\"message\">\n<div class=\"x78zum5 xdt5ytf xz62fqu x16ldp7u\">\n<div class=\"xu06os2 x1ok221b\">\n<div class=\"html-div xdj266r x14z9mp xat24cr x1lziwak xexx8yu xyri2b x18d9i69 x1c1uobl\">\n<div class=\"xdj266r x14z9mp xat24cr x1lziwak x1vvkbs x126k92a\">\n<div dir=\"auto\">En el barrio de Rafael Reyes de la localidad, se avanza en la soluci\u00f3n de problem\u00e1ticas que afectan la comunidad desde el trabajo comunitario integrado, con el concurso de los electores de la circunscripci\u00f3n 40 y la CPA Desembarco del Granma y guiado por la Presidenta de la Demarcaci\u00f3n.<\/div>\n<\/div>\n<div class=\"x14z9mp xat24cr x1lziwak x1vvkbs xtlvy1s x126k92a\">\n<div dir=\"auto\">Se realizaron varias acciones en las instalaciones hidr\u00e1ulicas, en el puente que da paso al barrio Santa Cruz, limpieza e higienizaci\u00f3n y el v\u00ednculo con los electores.<\/div>\n<\/div>\n<div class=\"x14z9mp xat24cr x1lziwak x1vvkbs xtlvy1s x126k92a\">\n<div dir=\"auto\"><span class=\"html-span xdj266r x14z9mp xat24cr x1lziwak xexx8yu xyri2b x18d9i69 x1c1uobl x1hl2dhg x16tdsg8 x1vvkbs\"><a class=\"x1i10hfl xjbqb8w x1ejq31n x18oe1m7 x1sy0etr xstzfhl x972fbf x10w94by x1qhh985 x14e42zd x9f619 x1ypdohk xt0psk2 x3ct3a4 xdj266r x14z9mp xat24cr x1lziwak xexx8yu xyri2b x18d9i69 x1c1uobl x16tdsg8 x1hl2dhg xggy1nq x1a2a7pz xkrqix3 x1sur9pj x1fey0fg x1s688f\" tabindex=\"0\" role=\"link\" href=\"https:\/\/www.facebook.com\/hashtag\/santiagodecuba?__eep__=6&amp;__cft__[0]=AZbY-ym05xsuHcbyFJlow_QOhSt-HcTG2vLPHMM7s1XgEVjwgc6gDF9TM44EnKlbN3Q0eQ78O-DaRtVxR1edLynXG55AJj8lOKIr417_PrKZUSncoXlMrHGxdHZhfDTsvvAJLcFQA1YT0fEK6o3Du1HI09XKExRAk4YhRFx7N_9itSdIsEFg_Q_y2Gg0Y1vtkVf0jWwZaGKQWJzu1kvT_MkFtaHTE9Q_1M6LOv50p7mGRTEYuRtJBY1IJOrAK8Cj8z0jGA3Ehi9pnwLr7A8_fAAk4rFVDJG_cxyTZS0nbSxV4nMuYKXV3HOocKweqGjQlF1zlvlNv7sXGHMwwIStTbowj3rcdw_c88WFToLCYFnbXer7uzO39OXwGfrDNbt9LI8&amp;__tn__=*NK-R\" target=\"_blank\" rel=\"noopener\">#SantiagodeCuba<\/a><\/span> <span class=\"html-span xdj266r x14z9mp xat24cr x1lziwak xexx8yu xyri2b x18d9i69 x1c1uobl x1hl2dhg x16tdsg8 x1vvkbs\"><a class=\"x1i10hfl xjbqb8w x1ejq31n x18oe1m7 x1sy0etr xstzfhl x972fbf x10w94by x1qhh985 x14e42zd x9f619 x1ypdohk xt0psk2 x3ct3a4 xdj266r x14z9mp xat24cr x1lziwak xexx8yu xyri2b x18d9i69 x1c1uobl x16tdsg8 x1hl2dhg xggy1nq x1a2a7pz xkrqix3 x1sur9pj x1fey0fg x1s688f\" tabindex=\"0\" role=\"link\" href=\"https:\/\/www.facebook.com\/hashtag\/sanluis?__eep__=6&amp;__cft__[0]=AZbY-ym05xsuHcbyFJlow_QOhSt-HcTG2vLPHMM7s1XgEVjwgc6gDF9TM44EnKlbN3Q0eQ78O-DaRtVxR1edLynXG55AJj8lOKIr417_PrKZUSncoXlMrHGxdHZhfDTsvvAJLcFQA1YT0fEK6o3Du1HI09XKExRAk4YhRFx7N_9itSdIsEFg_Q_y2Gg0Y1vtkVf0jWwZaGKQWJzu1kvT_MkFtaHTE9Q_1M6LOv50p7mGRTEYuRtJBY1IJOrAK8Cj8z0jGA3Ehi9pnwLr7A8_fAAk4rFVDJG_cxyTZS0nbSxV4nMuYKXV3HOocKweqGjQlF1zlvlNv7sXGHMwwIStTbowj3rcdw_c88WFToLCYFnbXer7uzO39OXwGfrDNbt9LI8&amp;__tn__=*NK-R\" target=\"_blank\" rel=\"noopener\">#SanLuis<\/a><\/span> <span class=\"html-span xdj266r x14z9mp xat24cr x1lziwak xexx8yu xyri2b x18d9i69 x1c1uobl x1hl2dhg x16tdsg8 x1vvkbs\"><a class=\"x1i10hfl xjbqb8w x1ejq31n x18oe1m7 x1sy0etr xstzfhl x972fbf x10w94by x1qhh985 x14e42zd x9f619 x1ypdohk xt0psk2 x3ct3a4 xdj266r x14z9mp xat24cr x1lziwak xexx8yu xyri2b x18d9i69 x1c1uobl x16tdsg8 x1hl2dhg xggy1nq x1a2a7pz xkrqix3 x1sur9pj x1fey0fg x1s688f\" tabindex=\"0\" role=\"link\" href=\"https:\/\/www.facebook.com\/hashtag\/poderpopular?__eep__=6&amp;__cft__[0]=AZbY-ym05xsuHcbyFJlow_QOhSt-HcTG2vLPHMM7s1XgEVjwgc6gDF9TM44EnKlbN3Q0eQ78O-DaRtVxR1edLynXG55AJj8lOKIr417_PrKZUSncoXlMrHGxdHZhfDTsvvAJLcFQA1YT0fEK6o3Du1HI09XKExRAk4YhRFx7N_9itSdIsEFg_Q_y2Gg0Y1vtkVf0jWwZaGKQWJzu1kvT_MkFtaHTE9Q_1M6LOv50p7mGRTEYuRtJBY1IJOrAK8Cj8z0jGA3Ehi9pnwLr7A8_fAAk4rFVDJG_cxyTZS0nbSxV4nMuYKXV3HOocKweqGjQlF1zlvlNv7sXGHMwwIStTbowj3rcdw_c88WFToLCYFnbXer7uzO39OXwGfrDNbt9LI8&amp;__tn__=*NK-R\" target=\"_blank\" rel=\"noopener\">#PoderPopular<\/a><\/span><\/div>\n<\/div>\n<\/div>\n<\/div>\n<\/div>\n<\/div>\n<\/div>\n<\/div>\n<div class=\"wp-block-columns is-layout-flex wp-container-core-columns-is-layout-28f84493 wp-block-columns-is-layout-flex\">\n<div class=\"wp-block-column is-layout-flow wp-block-column-is-layout-flow\">\n<figure class=\"wp-block-image size-large\"><img loading=\"lazy\" decoding=\"async\" class=\"wp-image-156616 aligncenter\" src=\"https:\/\/www.tvsantiago.icrt.cu\/wp-content\/uploads\/2026\/02\/WhatsApp-Image-2026-02-16-at-3.22.48-PM-432x768.jpeg\" sizes=\"auto, (max-width: 432px) 100vw, 432px\" srcset=\"https:\/\/www.tvsantiago.icrt.cu\/wp-content\/uploads\/2026\/02\/WhatsApp-Image-2026-02-16-at-3.22.48-PM-432x768.jpeg 432w, https:\/\/www.tvsantiago.icrt.cu\/wp-content\/uploads\/2026\/02\/WhatsApp-Image-2026-02-16-at-3.22.48-PM-304x540.jpeg 304w, https:\/\/www.tvsantiago.icrt.cu\/wp-content\/uploads\/2026\/02\/WhatsApp-Image-2026-02-16-at-3.22.48-PM.jpeg 576w\" alt=\"\" width=\"432\" height=\"768\" \/><\/figure>\n<\/div>\n<div class=\"wp-block-column is-layout-flow wp-block-column-is-layout-flow\">\n<figure class=\"wp-block-image size-large\"><img loading=\"lazy\" decoding=\"async\" class=\"wp-image-156617 aligncenter\" src=\"https:\/\/www.tvsantiago.icrt.cu\/wp-content\/uploads\/2026\/02\/WhatsApp-Image-2026-02-16-at-3.22.51-PM-432x768.jpeg\" sizes=\"auto, (max-width: 432px) 100vw, 432px\" srcset=\"https:\/\/www.tvsantiago.icrt.cu\/wp-content\/uploads\/2026\/02\/WhatsApp-Image-2026-02-16-at-3.22.51-PM-432x768.jpeg 432w, https:\/\/www.tvsantiago.icrt.cu\/wp-content\/uploads\/2026\/02\/WhatsApp-Image-2026-02-16-at-3.22.51-PM-304x540.jpeg 304w, https:\/\/www.tvsantiago.icrt.cu\/wp-content\/uploads\/2026\/02\/WhatsApp-Image-2026-02-16-at-3.22.51-PM.jpeg 576w\" alt=\"\" width=\"432\" height=\"768\" \/><\/figure>\n<\/div>\n<\/div>\n<p>El Consejo Popular Rafael Reyes, seg\u00fan su vice presidenta Mirelis Rivero, acciona en la soluci\u00f3n de problem\u00e1ticas locales, gracias al Trabajo Comunitario Integrado donde todos se sienten parte.<\/p>\n<p>Electores de la Circunscripci\u00f3n 40, junto a cooperativistas de la CPA Desembarco del Granma, enclavada en dicho Consejo; dan su aporte para solucionar aver\u00edas en instalaciones hidr\u00e1ulicas, asimismo apoyan en el relleno del puente que da paso al barrio Santa Cruz, devastado por las lluvias del reciente Hurac\u00e1n Melissa y tambi\u00e9n contribuyen en la higienizaci\u00f3n del entorno.<\/p>\n<figure class=\"wp-block-image size-large\"><img loading=\"lazy\" decoding=\"async\" class=\"wp-image-156618 alignnone\" src=\"https:\/\/www.tvsantiago.icrt.cu\/wp-content\/uploads\/2026\/02\/WhatsApp-Image-2026-02-16-at-3.23.02-PM-1-1024x768.jpeg\" sizes=\"auto, (max-width: 1024px) 100vw, 1024px\" srcset=\"https:\/\/www.tvsantiago.icrt.cu\/wp-content\/uploads\/2026\/02\/WhatsApp-Image-2026-02-16-at-3.23.02-PM-1-1024x768.jpeg 1024w, https:\/\/www.tvsantiago.icrt.cu\/wp-content\/uploads\/2026\/02\/WhatsApp-Image-2026-02-16-at-3.23.02-PM-1-720x540.jpeg 720w, https:\/\/www.tvsantiago.icrt.cu\/wp-content\/uploads\/2026\/02\/WhatsApp-Image-2026-02-16-at-3.23.02-PM-1-512x384.jpeg 512w, https:\/\/www.tvsantiago.icrt.cu\/wp-content\/uploads\/2026\/02\/WhatsApp-Image-2026-02-16-at-3.23.02-PM-1-768x576.jpeg 768w, https:\/\/www.tvsantiago.icrt.cu\/wp-content\/uploads\/2026\/02\/WhatsApp-Image-2026-02-16-at-3.23.02-PM-1.jpeg 1080w\" alt=\"\" width=\"1024\" height=\"768\" \/><\/figure>\n<p>El v\u00ednculo con los electores, principales beneficiados de estas acciones, demuestra que el poder est\u00e1 en el pueblo. Las soluciones que de \u00e9l emanan repercuten en la colectividad.<\/p>\n","protected":false},"excerpt":{"rendered":"<p>San Luis, Santiago de Cuba, feb. 24, 26.- La ley 132, que organiza el funcionamiento de las Asambleas Municipales del<\/p>\n<div class='heateor_sss_sharing_container heateor_sss_vertical_sharing heateor_sss_bottom_sharing' style='width:44px;left: -10px;top: 100px;-webkit-box-shadow:none;box-shadow:none;' ><div class=\"heateor_sss_sharing_ul\"><a class=\"heateor_sss_amp heateor_sss_amp_facebook\" href=\"https:\/\/www.facebook.com\/sharer\/sharer.php?u=https%3A%2F%2Fwww.radiomajaguabo.icrt.cu%2Findex.php%3Frest_route%3D%252Fwp%252Fv2%252Fposts%252F13726\" title=\"Facebook\" rel=\"nofollow noopener\" target=\"_blank\"><amp-img src=\"https:\/\/www.radiomajaguabo.icrt.cu\/wp-content\/plugins\/sassy-social-share\/public\/..\/images\/amp\/facebook.svg\" width=\"40\" height=\"40\" alt=\"Facebook\" class=\"amp-wp-enforced-sizes\" style=\"width: 40px;\"><\/amp-img><\/a><a class=\"heateor_sss_amp heateor_sss_amp_linkedin\" href=\"https:\/\/www.linkedin.com\/sharing\/share-offsite\/?url=https%3A%2F%2Fwww.radiomajaguabo.icrt.cu%2Findex.php%3Frest_route%3D%252Fwp%252Fv2%252Fposts%252F13726\" title=\"Linkedin\" rel=\"nofollow noopener\" target=\"_blank\"><amp-img src=\"https:\/\/www.radiomajaguabo.icrt.cu\/wp-content\/plugins\/sassy-social-share\/public\/..\/images\/amp\/linkedin.svg\" width=\"40\" height=\"40\" alt=\"Linkedin\" class=\"amp-wp-enforced-sizes\" style=\"width: 40px;\"><\/amp-img><\/a><a class=\"heateor_sss_amp heateor_sss_amp_whatsapp\" href=\"https:\/\/api.whatsapp.com\/send?text=Radio%20Majaguabo%20-%20Emisora%20Radio%20Majaguabo%2C%20San%20Luis%2C%20Santiago%20de%20Cuba%2C%20Cuba%20https%3A%2F%2Fwww.radiomajaguabo.icrt.cu%2Findex.php%3Frest_route%3D%252Fwp%252Fv2%252Fposts%252F13726\" title=\"Whatsapp\" rel=\"nofollow noopener\" target=\"_blank\"><amp-img src=\"https:\/\/www.radiomajaguabo.icrt.cu\/wp-content\/plugins\/sassy-social-share\/public\/..\/images\/amp\/whatsapp.svg\" width=\"40\" height=\"40\" alt=\"Whatsapp\" class=\"amp-wp-enforced-sizes\" style=\"width: 40px;\"><\/amp-img><\/a><a class=\"heateor_sss_amp heateor_sss_amp_instagram\" href=\"https:\/\/www.instagram.com\/\" title=\"Instagram\" rel=\"nofollow noopener\" target=\"_blank\"><amp-img src=\"https:\/\/www.radiomajaguabo.icrt.cu\/wp-content\/plugins\/sassy-social-share\/public\/..\/images\/amp\/instagram.svg\" width=\"40\" height=\"40\" alt=\"Instagram\" class=\"amp-wp-enforced-sizes\" style=\"width: 40px;\"><\/amp-img><\/a><a class=\"heateor_sss_amp heateor_sss_amp_x\" href=\"https:\/\/twitter.com\/intent\/tweet?text=Radio%20Majaguabo%20-%20Emisora%20Radio%20Majaguabo%2C%20San%20Luis%2C%20Santiago%20de%20Cuba%2C%20Cuba&url=https%3A%2F%2Fwww.radiomajaguabo.icrt.cu%2Findex.php%3Frest_route%3D%252Fwp%252Fv2%252Fposts%252F13726\" title=\"X\" rel=\"nofollow noopener\" target=\"_blank\"><amp-img src=\"https:\/\/www.radiomajaguabo.icrt.cu\/wp-content\/plugins\/sassy-social-share\/public\/..\/images\/amp\/x.svg\" width=\"40\" height=\"40\" alt=\"X\" class=\"amp-wp-enforced-sizes\" style=\"width:40px;\"><\/amp-img><\/a><\/div><div class=\"heateorSssClear\"><\/div><\/div>","protected":false},"author":1,"featured_media":13727,"comment_status":"open","ping_status":"open","sticky":false,"template":"","format":"standard","meta":{"colormag_page_layout":"default_layout","footnotes":""},"categories":[6,9,10],"tags":[],"ppma_author":[37,309],"class_list":["post-13726","post","type-post","status-publish","format-standard","has-post-thumbnail","hentry","category-cultura","category-historia","category-san-luis"],"authors":[{"term_id":37,"user_id":1,"is_guest":0,"slug":"alberterie","display_name":"Administrador","avatar_url":"https:\/\/secure.gravatar.com\/avatar\/c7c20c93c5f4c81e7a7dc9b02a42095ae8875c9af446129683aaa06faf7fd1f3?s=96&d=mm&r=g","author_category":"","user_url":"https:\/\/www.radiomajaguabo.icrt.cu","last_name":"Alberterie Rivero","first_name":"Pedro","job_title":"","description":""},{"term_id":309,"user_id":5,"is_guest":0,"slug":"barbara","display_name":"Barbara Vila Falc\u00f3n","avatar_url":"https:\/\/secure.gravatar.com\/avatar\/166cfc6b0e4818846bdbe2a3a669bb229e3e16837a966d98ecbf03b27993f4c2?s=96&d=mm&r=g","author_category":"","user_url":"","last_name":"Vila Falc\u00f3n","first_name":"Barbara","job_title":"","description":""}],"amp_enabled":true,"_links":{"self":[{"href":"https:\/\/www.radiomajaguabo.icrt.cu\/index.php?rest_route=\/wp\/v2\/posts\/13726","targetHints":{"allow":["GET"]}}],"collection":[{"href":"https:\/\/www.radiomajaguabo.icrt.cu\/index.php?rest_route=\/wp\/v2\/posts"}],"about":[{"href":"https:\/\/www.radiomajaguabo.icrt.cu\/index.php?rest_route=\/wp\/v2\/types\/post"}],"author":[{"embeddable":true,"href":"https:\/\/www.radiomajaguabo.icrt.cu\/index.php?rest_route=\/wp\/v2\/users\/1"}],"replies":[{"embeddable":true,"href":"https:\/\/www.radiomajaguabo.icrt.cu\/index.php?rest_route=%2Fwp%2Fv2%2Fcomments&post=13726"}],"version-history":[{"count":3,"href":"https:\/\/www.radiomajaguabo.icrt.cu\/index.php?rest_route=\/wp\/v2\/posts\/13726\/revisions"}],"predecessor-version":[{"id":13730,"href":"https:\/\/www.radiomajaguabo.icrt.cu\/index.php?rest_route=\/wp\/v2\/posts\/13726\/revisions\/13730"}],"wp:featuredmedia":[{"embeddable":true,"href":"https:\/\/www.radiomajaguabo.icrt.cu\/index.php?rest_route=\/wp\/v2\/media\/13727"}],"wp:attachment":[{"href":"https:\/\/www.radiomajaguabo.icrt.cu\/index.php?rest_route=%2Fwp%2Fv2%2Fmedia&parent=13726"}],"wp:term":[{"taxonomy":"category","embeddable":true,"href":"https:\/\/www.radiomajaguabo.icrt.cu\/index.php?rest_route=%2Fwp%2Fv2%2Fcategories&post=13726"},{"taxonomy":"post_tag","embeddable":true,"href":"https:\/\/www.radiomajaguabo.icrt.cu\/index.php?rest_route=%2Fwp%2Fv2%2Ftags&post=13726"},{"taxonomy":"author","embeddable":true,"href":"https:\/\/www.radiomajaguabo.icrt.cu\/index.php?rest_route=%2Fwp%2Fv2%2Fppma_author&post=13726"}],"curies":[{"name":"wp","href":"https:\/\/api.w.org\/{rel}","templated":true}]}}