{"id":132,"date":"2022-07-01T06:06:14","date_gmt":"2022-07-01T06:06:14","guid":{"rendered":"https:\/\/localhost\/radiomajaguabo\/?p=132"},"modified":"2022-07-01T15:11:42","modified_gmt":"2022-07-01T15:11:42","slug":"imagenes-de-roberto-chile-conforman-muestra-en-biblioteca-de-cuba","status":"publish","type":"post","link":"https:\/\/www.radiomajaguabo.icrt.cu\/?p=132","title":{"rendered":"Im\u00e1genes de Roberto Chile conforman muestra en Biblioteca de Cuba"},"content":{"rendered":"<div class=\"elementor-element elementor-element-44014e52 elementor-widget elementor-widget-theme-post-excerpt\" data-id=\"44014e52\" data-element_type=\"widget\" data-widget_type=\"theme-post-excerpt.default\">\n<div class=\"elementor-widget-container\">La Habana, 1 jul (Prensa Latina) La Biblioteca Nacional Jos\u00e9 Mart\u00ed de Cuba acoge hoy la inauguraci\u00f3n de una muestra de im\u00e1genes y textos, proyecto asumido por el realizador Roberto Chile, con la intervenci\u00f3n literaria de numerosas figuras de la naci\u00f3n caribe\u00f1a.<\/div>\n<\/div>\n<p><!--more--><\/p>\n<div class=\"elementor-element elementor-element-560e1f7e elementor-widget elementor-widget-theme-post-content\" data-id=\"560e1f7e\" data-element_type=\"widget\" data-widget_type=\"theme-post-content.default\">\n<div class=\"elementor-widget-container\">\n<p>Titulada Donde anida la poes\u00eda, Fotograf\u00eda de Roberto Chile- Veinte poetas cubanos, la exhibici\u00f3n permanecer\u00e1 en la galer\u00eda El Reino de este Mundo de esa instituci\u00f3n cultural, concebida por 20 instant\u00e1neas del cineasta y documentalista de la mayor de las Antillas.<\/p>\n<p>La exposici\u00f3n, asistida por el Fondo Cubano de Bienes Culturales y Ediciones Collage, comprende igual cantidad de producciones literarias de reconocidos escritores de la isla, quienes asumieron las im\u00e1genes como fuente de inspiraci\u00f3n, entre ellos, Miguel Barnet, Nancy Morej\u00f3n y Waldo Leyva.<\/p>\n<p>Bajo el apoyo del Banco Sabadell, con sede en Espa\u00f1a, y el medio de comunicaci\u00f3n argentino Resumen Latinoamericano, la iniciativa fue coordinada por el investigador, cr\u00edtico de arte y ensayista Rafael Acosta de Arriba y re\u00fane adem\u00e1s los materiales de V\u00edctor Casaus y Alexis D\u00edaz Pimienta.<\/p>\n<p>La lista de personalidades presentes en la selecci\u00f3n abarca tambi\u00e9n a Alex Pausides, V\u00edctor Fowler, Norberto Codina, Marilyn Bobes, Alfredo Zald\u00edvar, David L\u00f3pez, Yanelys Encinosa, Basilia Papastamati\u00fa, Soleida R\u00edos, Ricardo Acostarana, Sender Escobar, Maylan \u00c1lvarez y Miguel Hayes.<\/p>\n<p>En una entrevista reciente publicada en la revista cultural La Jiribilla, el Premio Nacional de Periodismo Jos\u00e9 Mart\u00ed en 2018 explic\u00f3 que las fotograf\u00edas escogidas corresponden a varios proyectos de su autor\u00eda como Guanabacoa, Somos, Fidel es Fidel y Convergencias y otras tomadas entre 2011 y 2020.<\/p>\n<p>Entre las obras audiovisuales m\u00e1s conocidas de Chile resaltan Desaf\u00edo, En las laderas del Himalaya, En mis ojos brillas t\u00fa, H\u00e1gase la luz, Elogio de la Virtud, Oda a la Revoluci\u00f3n, Sencillamente Korda, Soy Tata Nganga y Esencias (La Colmenita en Estados Unidos).<\/p>\n<p>rgh\/dgh<\/p>\n<\/div>\n<\/div>\n<div class=\"elementor-element elementor-element-1fdbd0a elementor-widget elementor-widget-post-info\" data-id=\"1fdbd0a\" data-element_type=\"widget\" data-widget_type=\"post-info.default\">\n<div class=\"elementor-widget-container\">\n<ul class=\"elementor-inline-items elementor-icon-list-items elementor-post-info\">\n<li class=\"elementor-icon-list-item elementor-repeater-item-170494c elementor-inline-item\"><span class=\"elementor-icon-list-text elementor-post-info__item elementor-post-info__item--type-custom\"> #<a href=\"https:\/\/www.prensa-latina.cu\/tags\/biblioteca-nacional-jose-marti\" rel=\"tag noopener\" target=\"_blank\">Biblioteca Nacional Jos\u00e9 Mart\u00ed<\/a> #<a href=\"https:\/\/www.prensa-latina.cu\/tags\/cuba\" rel=\"tag noopener\" target=\"_blank\">cuba<\/a> #<a href=\"https:\/\/www.prensa-latina.cu\/tags\/muestra\" rel=\"tag noopener\" target=\"_blank\">muestra<\/a> #<a href=\"https:\/\/www.prensa-latina.cu\/tags\/roberto-chile\" rel=\"tag noopener\" target=\"_blank\">Roberto Chile<\/a> <\/span><\/li>\n<\/ul>\n<\/div>\n<\/div>\n","protected":false},"excerpt":{"rendered":"<p>La Habana, 1 jul (Prensa Latina) La Biblioteca Nacional Jos\u00e9 Mart\u00ed de Cuba acoge hoy la inauguraci\u00f3n de una muestra<\/p>\n<div class='heateor_sss_sharing_container heateor_sss_vertical_sharing heateor_sss_bottom_sharing' style='width:44px;left: -10px;top: 100px;-webkit-box-shadow:none;box-shadow:none;' ><div class=\"heateor_sss_sharing_ul\"><a class=\"heateor_sss_amp heateor_sss_amp_facebook\" href=\"https:\/\/www.facebook.com\/sharer\/sharer.php?u=https%3A%2F%2Fwww.radiomajaguabo.icrt.cu%2Findex.php%3Frest_route%3D%252Fwp%252Fv2%252Fposts%252F132\" title=\"Facebook\" rel=\"nofollow noopener\" target=\"_blank\"><amp-img src=\"https:\/\/www.radiomajaguabo.icrt.cu\/wp-content\/plugins\/sassy-social-share\/public\/..\/images\/amp\/facebook.svg\" width=\"40\" height=\"40\" alt=\"Facebook\" class=\"amp-wp-enforced-sizes\" style=\"width: 40px;\"><\/amp-img><\/a><a class=\"heateor_sss_amp heateor_sss_amp_linkedin\" href=\"https:\/\/www.linkedin.com\/sharing\/share-offsite\/?url=https%3A%2F%2Fwww.radiomajaguabo.icrt.cu%2Findex.php%3Frest_route%3D%252Fwp%252Fv2%252Fposts%252F132\" title=\"Linkedin\" rel=\"nofollow noopener\" target=\"_blank\"><amp-img src=\"https:\/\/www.radiomajaguabo.icrt.cu\/wp-content\/plugins\/sassy-social-share\/public\/..\/images\/amp\/linkedin.svg\" width=\"40\" height=\"40\" alt=\"Linkedin\" class=\"amp-wp-enforced-sizes\" style=\"width: 40px;\"><\/amp-img><\/a><a class=\"heateor_sss_amp heateor_sss_amp_whatsapp\" href=\"https:\/\/api.whatsapp.com\/send?text=Radio%20Majaguabo%20-%20Emisora%20Radio%20Majaguabo%2C%20San%20Luis%2C%20Santiago%20de%20Cuba%2C%20Cuba%20https%3A%2F%2Fwww.radiomajaguabo.icrt.cu%2Findex.php%3Frest_route%3D%252Fwp%252Fv2%252Fposts%252F132\" title=\"Whatsapp\" rel=\"nofollow noopener\" target=\"_blank\"><amp-img src=\"https:\/\/www.radiomajaguabo.icrt.cu\/wp-content\/plugins\/sassy-social-share\/public\/..\/images\/amp\/whatsapp.svg\" width=\"40\" height=\"40\" alt=\"Whatsapp\" class=\"amp-wp-enforced-sizes\" style=\"width: 40px;\"><\/amp-img><\/a><a class=\"heateor_sss_amp heateor_sss_amp_instagram\" href=\"https:\/\/www.instagram.com\/\" title=\"Instagram\" rel=\"nofollow noopener\" target=\"_blank\"><amp-img src=\"https:\/\/www.radiomajaguabo.icrt.cu\/wp-content\/plugins\/sassy-social-share\/public\/..\/images\/amp\/instagram.svg\" width=\"40\" height=\"40\" alt=\"Instagram\" class=\"amp-wp-enforced-sizes\" style=\"width: 40px;\"><\/amp-img><\/a><a class=\"heateor_sss_amp heateor_sss_amp_x\" href=\"https:\/\/twitter.com\/intent\/tweet?text=Radio%20Majaguabo%20-%20Emisora%20Radio%20Majaguabo%2C%20San%20Luis%2C%20Santiago%20de%20Cuba%2C%20Cuba&url=https%3A%2F%2Fwww.radiomajaguabo.icrt.cu%2Findex.php%3Frest_route%3D%252Fwp%252Fv2%252Fposts%252F132\" title=\"X\" rel=\"nofollow noopener\" target=\"_blank\"><amp-img src=\"https:\/\/www.radiomajaguabo.icrt.cu\/wp-content\/plugins\/sassy-social-share\/public\/..\/images\/amp\/x.svg\" width=\"40\" height=\"40\" alt=\"X\" class=\"amp-wp-enforced-sizes\" style=\"width:40px;\"><\/amp-img><\/a><\/div><div class=\"heateorSssClear\"><\/div><\/div>","protected":false},"author":10,"featured_media":133,"comment_status":"open","ping_status":"open","sticky":false,"template":"","format":"standard","meta":{"colormag_page_layout":"default_layout","footnotes":""},"categories":[6],"tags":[72,13,74,73],"ppma_author":[39],"class_list":["post-132","post","type-post","status-publish","format-standard","has-post-thumbnail","hentry","category-cultura","tag-biblioteca-nacional-jose-marti","tag-cuba","tag-la-colmenita","tag-roberto-chile"],"authors":[{"term_id":39,"user_id":10,"is_guest":0,"slug":"prensa-latina","display_name":"Prensa Latina","avatar_url":"https:\/\/secure.gravatar.com\/avatar\/50c7a3112bb25b21ddc4cf0ff17bac923226a0d4e8814139af94a839af15e315?s=96&d=mm&r=g","author_category":"","user_url":"https:\/\/www.prensa-latina.cu","last_name":"","first_name":"Prensa Latina","job_title":"","description":""}],"amp_enabled":true,"_links":{"self":[{"href":"https:\/\/www.radiomajaguabo.icrt.cu\/index.php?rest_route=\/wp\/v2\/posts\/132","targetHints":{"allow":["GET"]}}],"collection":[{"href":"https:\/\/www.radiomajaguabo.icrt.cu\/index.php?rest_route=\/wp\/v2\/posts"}],"about":[{"href":"https:\/\/www.radiomajaguabo.icrt.cu\/index.php?rest_route=\/wp\/v2\/types\/post"}],"author":[{"embeddable":true,"href":"https:\/\/www.radiomajaguabo.icrt.cu\/index.php?rest_route=\/wp\/v2\/users\/10"}],"replies":[{"embeddable":true,"href":"https:\/\/www.radiomajaguabo.icrt.cu\/index.php?rest_route=%2Fwp%2Fv2%2Fcomments&post=132"}],"version-history":[{"count":2,"href":"https:\/\/www.radiomajaguabo.icrt.cu\/index.php?rest_route=\/wp\/v2\/posts\/132\/revisions"}],"predecessor-version":[{"id":135,"href":"https:\/\/www.radiomajaguabo.icrt.cu\/index.php?rest_route=\/wp\/v2\/posts\/132\/revisions\/135"}],"wp:featuredmedia":[{"embeddable":true,"href":"https:\/\/www.radiomajaguabo.icrt.cu\/index.php?rest_route=\/wp\/v2\/media\/133"}],"wp:attachment":[{"href":"https:\/\/www.radiomajaguabo.icrt.cu\/index.php?rest_route=%2Fwp%2Fv2%2Fmedia&parent=132"}],"wp:term":[{"taxonomy":"category","embeddable":true,"href":"https:\/\/www.radiomajaguabo.icrt.cu\/index.php?rest_route=%2Fwp%2Fv2%2Fcategories&post=132"},{"taxonomy":"post_tag","embeddable":true,"href":"https:\/\/www.radiomajaguabo.icrt.cu\/index.php?rest_route=%2Fwp%2Fv2%2Ftags&post=132"},{"taxonomy":"author","embeddable":true,"href":"https:\/\/www.radiomajaguabo.icrt.cu\/index.php?rest_route=%2Fwp%2Fv2%2Fppma_author&post=132"}],"curies":[{"name":"wp","href":"https:\/\/api.w.org\/{rel}","templated":true}]}}