{"id":1067,"date":"2022-12-07T14:00:02","date_gmt":"2022-12-07T14:00:02","guid":{"rendered":"https:\/\/www.radiomajaguabo.icrt.cu\/?p=1067"},"modified":"2022-12-07T14:00:02","modified_gmt":"2022-12-07T14:00:02","slug":"celebra-el-estudiantado-sanluisero-el-aniversario-52-de-su-organizacion","status":"publish","type":"post","link":"https:\/\/www.radiomajaguabo.icrt.cu\/?p=1067","title":{"rendered":"Celebra el estudiantado sanluisero el aniversario 52 de su organizaci\u00f3n"},"content":{"rendered":"<p><strong>San Luis, dic. 7, 22. _<\/strong> Leal, firme y entusiasta ser\u00e1 por siempre la Federaci\u00f3n de Estudiantes de la Ense\u00f1anza Media (FEEM), que arrib\u00f3 la v\u00edspera a su aniversario 52.<!--more--><\/p>\n<p>Por tercer a\u00f1o consecutivo, el Instituto Preuniversitario Urbano Cira Vaillant de Dos Caminos gana la sede de las actividades centrales por el cumplea\u00f1os de la organizaci\u00f3n, por eso estudiantes y profesores se reunieron en la Plaza 28 de Septiembre de la localidad sanluisera para celebrar el onom\u00e1stico.<\/p>\n<p><img loading=\"lazy\" decoding=\"async\" class=\" wp-image-1070 aligncenter\" src=\"https:\/\/www.radiomajaguabo.icrt.cu\/wp-content\/uploads\/2022\/12\/estudiantes1-300x225.jpg\" alt=\"\" width=\"480\" height=\"360\" srcset=\"https:\/\/www.radiomajaguabo.icrt.cu\/wp-content\/uploads\/2022\/12\/estudiantes1-300x225.jpg 300w, https:\/\/www.radiomajaguabo.icrt.cu\/wp-content\/uploads\/2022\/12\/estudiantes1-768x576.jpg 768w, https:\/\/www.radiomajaguabo.icrt.cu\/wp-content\/uploads\/2022\/12\/estudiantes1.jpg 1024w\" sizes=\"auto, (max-width: 480px) 100vw, 480px\" \/><\/p>\n<p><img loading=\"lazy\" decoding=\"async\" class=\" wp-image-1071 aligncenter\" src=\"https:\/\/www.radiomajaguabo.icrt.cu\/wp-content\/uploads\/2022\/12\/estudiantes2-300x225.jpg\" alt=\"\" width=\"473\" height=\"355\" srcset=\"https:\/\/www.radiomajaguabo.icrt.cu\/wp-content\/uploads\/2022\/12\/estudiantes2-300x225.jpg 300w, https:\/\/www.radiomajaguabo.icrt.cu\/wp-content\/uploads\/2022\/12\/estudiantes2-768x576.jpg 768w, https:\/\/www.radiomajaguabo.icrt.cu\/wp-content\/uploads\/2022\/12\/estudiantes2.jpg 1024w\" sizes=\"auto, (max-width: 473px) 100vw, 473px\" \/><\/p>\n<p><img loading=\"lazy\" decoding=\"async\" class=\" wp-image-1072 aligncenter\" src=\"https:\/\/www.radiomajaguabo.icrt.cu\/wp-content\/uploads\/2022\/12\/estudiantes2.jpg3_-300x225.jpg\" alt=\"\" width=\"480\" height=\"360\" srcset=\"https:\/\/www.radiomajaguabo.icrt.cu\/wp-content\/uploads\/2022\/12\/estudiantes2.jpg3_-300x225.jpg 300w, https:\/\/www.radiomajaguabo.icrt.cu\/wp-content\/uploads\/2022\/12\/estudiantes2.jpg3_-768x576.jpg 768w, https:\/\/www.radiomajaguabo.icrt.cu\/wp-content\/uploads\/2022\/12\/estudiantes2.jpg3_.jpg 1024w\" sizes=\"auto, (max-width: 480px) 100vw, 480px\" \/><\/p>\n<p><img loading=\"lazy\" decoding=\"async\" class=\" wp-image-1073 aligncenter\" src=\"https:\/\/www.radiomajaguabo.icrt.cu\/wp-content\/uploads\/2022\/12\/estudiantes4-300x225.jpg\" alt=\"\" width=\"480\" height=\"360\" srcset=\"https:\/\/www.radiomajaguabo.icrt.cu\/wp-content\/uploads\/2022\/12\/estudiantes4-300x225.jpg 300w, https:\/\/www.radiomajaguabo.icrt.cu\/wp-content\/uploads\/2022\/12\/estudiantes4-768x576.jpg 768w, https:\/\/www.radiomajaguabo.icrt.cu\/wp-content\/uploads\/2022\/12\/estudiantes4.jpg 1024w\" sizes=\"auto, (max-width: 480px) 100vw, 480px\" \/><\/p>\n<p><img loading=\"lazy\" decoding=\"async\" class=\" wp-image-1074 aligncenter\" src=\"https:\/\/www.radiomajaguabo.icrt.cu\/wp-content\/uploads\/2022\/12\/estudiantes5-300x225.jpg\" alt=\"\" width=\"481\" height=\"361\" srcset=\"https:\/\/www.radiomajaguabo.icrt.cu\/wp-content\/uploads\/2022\/12\/estudiantes5-300x225.jpg 300w, https:\/\/www.radiomajaguabo.icrt.cu\/wp-content\/uploads\/2022\/12\/estudiantes5-768x576.jpg 768w, https:\/\/www.radiomajaguabo.icrt.cu\/wp-content\/uploads\/2022\/12\/estudiantes5.jpg 1024w\" sizes=\"auto, (max-width: 481px) 100vw, 481px\" \/><\/p>\n<p><img loading=\"lazy\" decoding=\"async\" class=\" wp-image-1075 aligncenter\" src=\"https:\/\/www.radiomajaguabo.icrt.cu\/wp-content\/uploads\/2022\/12\/estudiantes6-300x225.jpg\" alt=\"\" width=\"500\" height=\"375\" srcset=\"https:\/\/www.radiomajaguabo.icrt.cu\/wp-content\/uploads\/2022\/12\/estudiantes6-300x225.jpg 300w, https:\/\/www.radiomajaguabo.icrt.cu\/wp-content\/uploads\/2022\/12\/estudiantes6-768x576.jpg 768w, https:\/\/www.radiomajaguabo.icrt.cu\/wp-content\/uploads\/2022\/12\/estudiantes6.jpg 1024w\" sizes=\"auto, (max-width: 500px) 100vw, 500px\" \/><\/p>\n<p><img loading=\"lazy\" decoding=\"async\" class=\" wp-image-1076 aligncenter\" src=\"https:\/\/www.radiomajaguabo.icrt.cu\/wp-content\/uploads\/2022\/12\/estudiantes7-300x225.jpg\" alt=\"\" width=\"480\" height=\"360\" srcset=\"https:\/\/www.radiomajaguabo.icrt.cu\/wp-content\/uploads\/2022\/12\/estudiantes7-300x225.jpg 300w, https:\/\/www.radiomajaguabo.icrt.cu\/wp-content\/uploads\/2022\/12\/estudiantes7-768x576.jpg 768w, https:\/\/www.radiomajaguabo.icrt.cu\/wp-content\/uploads\/2022\/12\/estudiantes7.jpg 1024w\" sizes=\"auto, (max-width: 480px) 100vw, 480px\" \/><\/p>\n<p>Hoy, para los estudiantes de todo el pa\u00eds su gran trinchera es el estudio, adem\u00e1s de la preparaci\u00f3n para servir mejor a la Patria, ah\u00ed donde se es m\u00e1s \u00fatil. En San Luis los m\u00e1s de 2000 miembros de la FEEM han festejado esta fecha con actos pol\u00edticos, actividades productivas, culturales y deportivas.<\/p>\n<p>Por su consagraci\u00f3n a las tareas, fueron reconocidas Sulay D\u00edaz P\u00e9rez, Geydis Mart\u00ednez Matos, Dailin Vera Car\u00f3n, Adis Yalenia Vald\u00e9s Cervantes, Virgen Clejer Aguilera y Daniela Bueno Padilla, presidentas de la FEEM a nivel de base, centro y municipio. Igualmente, fue destacado el IPU Cira Vaillant por sus resultados integrales y el diploma lo recibi\u00f3 el director del centro educativo, Antonio Serrano.<\/p>\n<p>De manos de la presidencia, una decena de j\u00f3venes estudiantes, recibieron el carn\u00e9 que los acredita como militantes de la Uni\u00f3n de J\u00f3venes Comunistas.<\/p>\n<p>Entre las prioridades que tiene la organizaci\u00f3n en el territorio est\u00e1n el fortalecimiento de la vida interna y estructuras de la FEEM, ante todo el grupo, su c\u00e9lula primaria, y la preparaci\u00f3n y ejemplaridad del dirigente, esencial para llevar a feliz t\u00e9rmino cualquier empe\u00f1o.<\/p>\n<p>El estudiantado del nivel medio superior en el municipio tiene entre sus prop\u00f3sitos fundamentales, tambi\u00e9n, asumir con gran preparaci\u00f3n las pruebas de ingreso, respetar y velar por el uso correcto del uniforme y fomentar entre las f\u00e9minas la incorporaci\u00f3n al Servicio Militar Voluntario Femenino.<\/p>\n<p>Adem\u00e1s, de trabajar en la formaci\u00f3n vocacional y orientaci\u00f3n profesional hacia carreras de la ense\u00f1anza t\u00e9cnica y profesional, ante la necesidad de incrementar el n\u00famero de t\u00e9cnicos y obreros calificados, de gran importancia para un municipio agr\u00edcola como el nuestro.<\/p>\n<p>Los miembros de la FEEM celebraron el cumplea\u00f1os 52 de su organizaci\u00f3n junto a los j\u00f3venes integrantes de las Brigadas T\u00e9cnicas Juveniles (BTJ) fundadas tambi\u00e9n por el Comandante en Jefe Fidel Castro un seis de diciembre, pero de 1964.<\/p>\n<p>Como hasta hoy, la FEEM en San Luis mantiene su convicci\u00f3n de que lo primero ser\u00e1 siempre la Patria, y sus miembros son conscientes de que ante las realidades e imperativos que impone el presente, el futuro les exige continuar siendo una pieza clave en el esfuerzo por alcanzar una educaci\u00f3n de mayor excelencia en el pa\u00eds, recalc\u00f3 Geydis Mart\u00ednez Matos, estudiante de 12 grado y dirigente estudiantil.<\/p>\n","protected":false},"excerpt":{"rendered":"<p>San Luis, dic. 7, 22. _ Leal, firme y entusiasta ser\u00e1 por siempre la Federaci\u00f3n de Estudiantes de la Ense\u00f1anza<\/p>\n<div class='heateor_sss_sharing_container heateor_sss_vertical_sharing heateor_sss_bottom_sharing' style='width:44px;left: -10px;top: 100px;-webkit-box-shadow:none;box-shadow:none;' ><div class=\"heateor_sss_sharing_ul\"><a class=\"heateor_sss_amp heateor_sss_amp_facebook\" href=\"https:\/\/www.facebook.com\/sharer\/sharer.php?u=https%3A%2F%2Fwww.radiomajaguabo.icrt.cu%2Findex.php%3Frest_route%3D%252Fwp%252Fv2%252Fposts%252F1067\" title=\"Facebook\" rel=\"nofollow noopener\" target=\"_blank\"><amp-img src=\"https:\/\/www.radiomajaguabo.icrt.cu\/wp-content\/plugins\/sassy-social-share\/public\/..\/images\/amp\/facebook.svg\" width=\"40\" height=\"40\" alt=\"Facebook\" class=\"amp-wp-enforced-sizes\" style=\"width: 40px;\"><\/amp-img><\/a><a class=\"heateor_sss_amp heateor_sss_amp_linkedin\" href=\"https:\/\/www.linkedin.com\/sharing\/share-offsite\/?url=https%3A%2F%2Fwww.radiomajaguabo.icrt.cu%2Findex.php%3Frest_route%3D%252Fwp%252Fv2%252Fposts%252F1067\" title=\"Linkedin\" rel=\"nofollow noopener\" target=\"_blank\"><amp-img src=\"https:\/\/www.radiomajaguabo.icrt.cu\/wp-content\/plugins\/sassy-social-share\/public\/..\/images\/amp\/linkedin.svg\" width=\"40\" height=\"40\" alt=\"Linkedin\" class=\"amp-wp-enforced-sizes\" style=\"width: 40px;\"><\/amp-img><\/a><a class=\"heateor_sss_amp heateor_sss_amp_whatsapp\" href=\"https:\/\/api.whatsapp.com\/send?text=Radio%20Majaguabo%20-%20Emisora%20Radio%20Majaguabo%2C%20San%20Luis%2C%20Santiago%20de%20Cuba%2C%20Cuba%20https%3A%2F%2Fwww.radiomajaguabo.icrt.cu%2Findex.php%3Frest_route%3D%252Fwp%252Fv2%252Fposts%252F1067\" title=\"Whatsapp\" rel=\"nofollow noopener\" target=\"_blank\"><amp-img src=\"https:\/\/www.radiomajaguabo.icrt.cu\/wp-content\/plugins\/sassy-social-share\/public\/..\/images\/amp\/whatsapp.svg\" width=\"40\" height=\"40\" alt=\"Whatsapp\" class=\"amp-wp-enforced-sizes\" style=\"width: 40px;\"><\/amp-img><\/a><a class=\"heateor_sss_amp heateor_sss_amp_instagram\" href=\"https:\/\/www.instagram.com\/\" title=\"Instagram\" rel=\"nofollow noopener\" target=\"_blank\"><amp-img src=\"https:\/\/www.radiomajaguabo.icrt.cu\/wp-content\/plugins\/sassy-social-share\/public\/..\/images\/amp\/instagram.svg\" width=\"40\" height=\"40\" alt=\"Instagram\" class=\"amp-wp-enforced-sizes\" style=\"width: 40px;\"><\/amp-img><\/a><a class=\"heateor_sss_amp heateor_sss_amp_x\" href=\"https:\/\/twitter.com\/intent\/tweet?text=Radio%20Majaguabo%20-%20Emisora%20Radio%20Majaguabo%2C%20San%20Luis%2C%20Santiago%20de%20Cuba%2C%20Cuba&url=https%3A%2F%2Fwww.radiomajaguabo.icrt.cu%2Findex.php%3Frest_route%3D%252Fwp%252Fv2%252Fposts%252F1067\" title=\"X\" rel=\"nofollow noopener\" target=\"_blank\"><amp-img src=\"https:\/\/www.radiomajaguabo.icrt.cu\/wp-content\/plugins\/sassy-social-share\/public\/..\/images\/amp\/x.svg\" width=\"40\" height=\"40\" alt=\"X\" class=\"amp-wp-enforced-sizes\" style=\"width:40px;\"><\/amp-img><\/a><\/div><div class=\"heateorSssClear\"><\/div><\/div>","protected":false},"author":6,"featured_media":1076,"comment_status":"open","ping_status":"open","sticky":false,"template":"","format":"standard","meta":{"colormag_page_layout":"default_layout","footnotes":""},"categories":[10],"tags":[517,460,511,482],"ppma_author":[299],"class_list":["post-1067","post","type-post","status-publish","format-standard","has-post-thumbnail","hentry","category-san-luis","tag-aniversario-52","tag-estudiantes","tag-feem","tag-jovenes"],"authors":[{"term_id":299,"user_id":6,"is_guest":0,"slug":"yaniuska","display_name":"Yaniuska P\u00e9rez Verdecia","avatar_url":"https:\/\/secure.gravatar.com\/avatar\/a6d7e51e5ccf0210b8c939b21a0b37dca410372954868b8ff5b8e51c07cf1a6e?s=96&d=mm&r=g","author_category":"","user_url":"","last_name":"P\u00e9rez Verdecia","first_name":"Yaniuska","job_title":"","description":""}],"amp_enabled":true,"_links":{"self":[{"href":"https:\/\/www.radiomajaguabo.icrt.cu\/index.php?rest_route=\/wp\/v2\/posts\/1067","targetHints":{"allow":["GET"]}}],"collection":[{"href":"https:\/\/www.radiomajaguabo.icrt.cu\/index.php?rest_route=\/wp\/v2\/posts"}],"about":[{"href":"https:\/\/www.radiomajaguabo.icrt.cu\/index.php?rest_route=\/wp\/v2\/types\/post"}],"author":[{"embeddable":true,"href":"https:\/\/www.radiomajaguabo.icrt.cu\/index.php?rest_route=\/wp\/v2\/users\/6"}],"replies":[{"embeddable":true,"href":"https:\/\/www.radiomajaguabo.icrt.cu\/index.php?rest_route=%2Fwp%2Fv2%2Fcomments&post=1067"}],"version-history":[{"count":1,"href":"https:\/\/www.radiomajaguabo.icrt.cu\/index.php?rest_route=\/wp\/v2\/posts\/1067\/revisions"}],"predecessor-version":[{"id":1079,"href":"https:\/\/www.radiomajaguabo.icrt.cu\/index.php?rest_route=\/wp\/v2\/posts\/1067\/revisions\/1079"}],"wp:featuredmedia":[{"embeddable":true,"href":"https:\/\/www.radiomajaguabo.icrt.cu\/index.php?rest_route=\/wp\/v2\/media\/1076"}],"wp:attachment":[{"href":"https:\/\/www.radiomajaguabo.icrt.cu\/index.php?rest_route=%2Fwp%2Fv2%2Fmedia&parent=1067"}],"wp:term":[{"taxonomy":"category","embeddable":true,"href":"https:\/\/www.radiomajaguabo.icrt.cu\/index.php?rest_route=%2Fwp%2Fv2%2Fcategories&post=1067"},{"taxonomy":"post_tag","embeddable":true,"href":"https:\/\/www.radiomajaguabo.icrt.cu\/index.php?rest_route=%2Fwp%2Fv2%2Ftags&post=1067"},{"taxonomy":"author","embeddable":true,"href":"https:\/\/www.radiomajaguabo.icrt.cu\/index.php?rest_route=%2Fwp%2Fv2%2Fppma_author&post=1067"}],"curies":[{"name":"wp","href":"https:\/\/api.w.org\/{rel}","templated":true}]}}