{"id":10550,"date":"2025-02-08T07:02:28","date_gmt":"2025-02-08T07:02:28","guid":{"rendered":"https:\/\/www.radiomajaguabo.icrt.cu\/?p=10550"},"modified":"2025-02-08T02:43:51","modified_gmt":"2025-02-08T02:43:51","slug":"en-san-luis-acto-provincial-por-el-dia-del-trabajador-ferroviario","status":"publish","type":"post","link":"https:\/\/www.radiomajaguabo.icrt.cu\/?p=10550","title":{"rendered":"En San Luis acto provincial por el d\u00eda del trabajador ferroviario"},"content":{"rendered":"<p><strong>San Luis, Santiago de Cuba, feb. 8, 25.-<\/strong> A solo d\u00edas de haberse celebrado el 172 aniversario del natalicio de nuestro ap\u00f3stol Jos\u00e9 Mart\u00ed y el 86 aniversario de la constituci\u00f3n de la Central de Trabajadores de Cuba (CTC), se celebr\u00f3 aqu\u00ed, para orgullo de todo el pueblo, el Acto Provincial por el d\u00eda del Trabajador Ferroviario, instituido hace 50 a\u00f1os.<!--more--><\/p>\n<p>La UEB COSIE Oriente (Empresa Proveedora de Servicios de Comunicaciones, Se\u00f1alizaci\u00f3n, Inform\u00e1tica y Electricidad) cuenta con una extensa \u00e1rea de trabajo en diferentes provincias del pa\u00eds como Las Tunas, Granma, Holgu\u00edn, Guant\u00e1namo y Santiago de Cuba, y mantuvo buenos resultados durante el a\u00f1o 2024 en cuanto a las ventas y los ingresos, en las \u00e1reas de Comunicaci\u00f3n, electricidad, inform\u00e1tica, regulaci\u00f3n y control, entre otras, as\u00ed lo expres\u00f3 el Director de la Entidad Geordanis Miranda Alfonso.<\/p>\n<p>El ferrocarril ha sido un pilar fundamental en el desarrollo de su misi\u00f3n, y no solo ha facilitado la movilidad de las personas sino tambien se ha desarrollado en otras tareas asignadas a lo largo de los a\u00f1os dentro y fuera de la provincia, demostrando compromiso, responsabilidad, seguridad y eficiencia, los retos son muchos y las condiciones dif\u00edciles, pero su perseverancia y amor por la profesi\u00f3n marcan la diferencia, por ello el contexto fue propicio para reconocer a varios trabajadores con la Distinci\u00f3n Jos\u00e9 Mar\u00eda P\u00e9rez Capote, m\u00e1rtir del sector y se efectu\u00f3 la firma del C\u00f3digo de \u00c9tica de los Auditores del Sistema Ferroviario, como complemento cualitativo necesario en el cumplimiento de la Constituci\u00f3n de la Rep\u00fablica de Cuba.<\/p>\n<p><img loading=\"lazy\" decoding=\"async\" class=\" wp-image-10563 aligncenter\" src=\"https:\/\/www.radiomajaguabo.icrt.cu\/wp-content\/uploads\/2025\/02\/firma3-300x174.jpg\" alt=\"\" width=\"451\" height=\"262\" srcset=\"https:\/\/www.radiomajaguabo.icrt.cu\/wp-content\/uploads\/2025\/02\/firma3-300x174.jpg 300w, https:\/\/www.radiomajaguabo.icrt.cu\/wp-content\/uploads\/2025\/02\/firma3.jpg 640w\" sizes=\"auto, (max-width: 451px) 100vw, 451px\" \/><\/p>\n","protected":false},"excerpt":{"rendered":"<p>San Luis, Santiago de Cuba, feb. 8, 25.- A solo d\u00edas de haberse celebrado el 172 aniversario del natalicio de<\/p>\n<div class='heateor_sss_sharing_container heateor_sss_vertical_sharing heateor_sss_bottom_sharing' style='width:44px;left: -10px;top: 100px;-webkit-box-shadow:none;box-shadow:none;' ><div class=\"heateor_sss_sharing_ul\"><a class=\"heateor_sss_amp heateor_sss_amp_facebook\" href=\"https:\/\/www.facebook.com\/sharer\/sharer.php?u=https%3A%2F%2Fwww.radiomajaguabo.icrt.cu%2Findex.php%3Frest_route%3D%252Fwp%252Fv2%252Fposts%252F10550\" title=\"Facebook\" rel=\"nofollow noopener\" target=\"_blank\"><amp-img src=\"https:\/\/www.radiomajaguabo.icrt.cu\/wp-content\/plugins\/sassy-social-share\/public\/..\/images\/amp\/facebook.svg\" width=\"40\" height=\"40\" alt=\"Facebook\" class=\"amp-wp-enforced-sizes\" style=\"width: 40px;\"><\/amp-img><\/a><a class=\"heateor_sss_amp heateor_sss_amp_linkedin\" href=\"https:\/\/www.linkedin.com\/sharing\/share-offsite\/?url=https%3A%2F%2Fwww.radiomajaguabo.icrt.cu%2Findex.php%3Frest_route%3D%252Fwp%252Fv2%252Fposts%252F10550\" title=\"Linkedin\" rel=\"nofollow noopener\" target=\"_blank\"><amp-img src=\"https:\/\/www.radiomajaguabo.icrt.cu\/wp-content\/plugins\/sassy-social-share\/public\/..\/images\/amp\/linkedin.svg\" width=\"40\" height=\"40\" alt=\"Linkedin\" class=\"amp-wp-enforced-sizes\" style=\"width: 40px;\"><\/amp-img><\/a><a class=\"heateor_sss_amp heateor_sss_amp_whatsapp\" href=\"https:\/\/api.whatsapp.com\/send?text=Radio%20Majaguabo%20-%20Emisora%20Radio%20Majaguabo%2C%20San%20Luis%2C%20Santiago%20de%20Cuba%2C%20Cuba%20https%3A%2F%2Fwww.radiomajaguabo.icrt.cu%2Findex.php%3Frest_route%3D%252Fwp%252Fv2%252Fposts%252F10550\" title=\"Whatsapp\" rel=\"nofollow noopener\" target=\"_blank\"><amp-img src=\"https:\/\/www.radiomajaguabo.icrt.cu\/wp-content\/plugins\/sassy-social-share\/public\/..\/images\/amp\/whatsapp.svg\" width=\"40\" height=\"40\" alt=\"Whatsapp\" class=\"amp-wp-enforced-sizes\" style=\"width: 40px;\"><\/amp-img><\/a><a class=\"heateor_sss_amp heateor_sss_amp_instagram\" href=\"https:\/\/www.instagram.com\/\" title=\"Instagram\" rel=\"nofollow noopener\" target=\"_blank\"><amp-img src=\"https:\/\/www.radiomajaguabo.icrt.cu\/wp-content\/plugins\/sassy-social-share\/public\/..\/images\/amp\/instagram.svg\" width=\"40\" height=\"40\" alt=\"Instagram\" class=\"amp-wp-enforced-sizes\" style=\"width: 40px;\"><\/amp-img><\/a><a class=\"heateor_sss_amp heateor_sss_amp_x\" href=\"https:\/\/twitter.com\/intent\/tweet?text=Radio%20Majaguabo%20-%20Emisora%20Radio%20Majaguabo%2C%20San%20Luis%2C%20Santiago%20de%20Cuba%2C%20Cuba&url=https%3A%2F%2Fwww.radiomajaguabo.icrt.cu%2Findex.php%3Frest_route%3D%252Fwp%252Fv2%252Fposts%252F10550\" title=\"X\" rel=\"nofollow noopener\" target=\"_blank\"><amp-img src=\"https:\/\/www.radiomajaguabo.icrt.cu\/wp-content\/plugins\/sassy-social-share\/public\/..\/images\/amp\/x.svg\" width=\"40\" height=\"40\" alt=\"X\" class=\"amp-wp-enforced-sizes\" style=\"width:40px;\"><\/amp-img><\/a><\/div><div class=\"heateorSssClear\"><\/div><\/div>","protected":false},"author":1,"featured_media":10564,"comment_status":"open","ping_status":"open","sticky":false,"template":"","format":"standard","meta":{"colormag_page_layout":"default_layout","footnotes":""},"categories":[6,9,10],"tags":[],"ppma_author":[37,2069],"class_list":["post-10550","post","type-post","status-publish","format-standard","has-post-thumbnail","hentry","category-cultura","category-historia","category-san-luis"],"authors":[{"term_id":37,"user_id":1,"is_guest":0,"slug":"alberterie","display_name":"Administrador","avatar_url":"https:\/\/secure.gravatar.com\/avatar\/c7c20c93c5f4c81e7a7dc9b02a42095ae8875c9af446129683aaa06faf7fd1f3?s=96&d=mm&r=g","author_category":"","user_url":"https:\/\/www.radiomajaguabo.icrt.cu","last_name":"Alberterie Rivero","first_name":"Pedro","job_title":"","description":""},{"term_id":2069,"user_id":20,"is_guest":0,"slug":"yaumaris","display_name":"Yaumaris Hechavarria Driggs","avatar_url":"https:\/\/secure.gravatar.com\/avatar\/09531f4ea5f60a034721651ccc806422228317b9f53a5931cd9156880ca64e73?s=96&d=mm&r=g","author_category":"","user_url":"https:\/\/www.radiomajaguabo.icrt.cu\/","last_name":"Hechavarria Driggs","first_name":"Yaumaris","job_title":"","description":""}],"amp_enabled":true,"_links":{"self":[{"href":"https:\/\/www.radiomajaguabo.icrt.cu\/index.php?rest_route=\/wp\/v2\/posts\/10550","targetHints":{"allow":["GET"]}}],"collection":[{"href":"https:\/\/www.radiomajaguabo.icrt.cu\/index.php?rest_route=\/wp\/v2\/posts"}],"about":[{"href":"https:\/\/www.radiomajaguabo.icrt.cu\/index.php?rest_route=\/wp\/v2\/types\/post"}],"author":[{"embeddable":true,"href":"https:\/\/www.radiomajaguabo.icrt.cu\/index.php?rest_route=\/wp\/v2\/users\/1"}],"replies":[{"embeddable":true,"href":"https:\/\/www.radiomajaguabo.icrt.cu\/index.php?rest_route=%2Fwp%2Fv2%2Fcomments&post=10550"}],"version-history":[{"count":3,"href":"https:\/\/www.radiomajaguabo.icrt.cu\/index.php?rest_route=\/wp\/v2\/posts\/10550\/revisions"}],"predecessor-version":[{"id":10562,"href":"https:\/\/www.radiomajaguabo.icrt.cu\/index.php?rest_route=\/wp\/v2\/posts\/10550\/revisions\/10562"}],"wp:featuredmedia":[{"embeddable":true,"href":"https:\/\/www.radiomajaguabo.icrt.cu\/index.php?rest_route=\/wp\/v2\/media\/10564"}],"wp:attachment":[{"href":"https:\/\/www.radiomajaguabo.icrt.cu\/index.php?rest_route=%2Fwp%2Fv2%2Fmedia&parent=10550"}],"wp:term":[{"taxonomy":"category","embeddable":true,"href":"https:\/\/www.radiomajaguabo.icrt.cu\/index.php?rest_route=%2Fwp%2Fv2%2Fcategories&post=10550"},{"taxonomy":"post_tag","embeddable":true,"href":"https:\/\/www.radiomajaguabo.icrt.cu\/index.php?rest_route=%2Fwp%2Fv2%2Ftags&post=10550"},{"taxonomy":"author","embeddable":true,"href":"https:\/\/www.radiomajaguabo.icrt.cu\/index.php?rest_route=%2Fwp%2Fv2%2Fppma_author&post=10550"}],"curies":[{"name":"wp","href":"https:\/\/api.w.org\/{rel}","templated":true}]}}