{"id":10515,"date":"2025-02-04T11:57:10","date_gmt":"2025-02-04T11:57:10","guid":{"rendered":"https:\/\/www.radiomajaguabo.icrt.cu\/?p=10515"},"modified":"2025-02-04T12:07:48","modified_gmt":"2025-02-04T12:07:48","slug":"organizacion-femenina-sanluisera-en-proceso-de-fortalecimientoaudio","status":"publish","type":"post","link":"https:\/\/www.radiomajaguabo.icrt.cu\/?p=10515","title":{"rendered":"Organizaci\u00f3n femenina sanluisera en proceso de fortalecimiento (+AUDIO)"},"content":{"rendered":"<p><strong>San Luis, Santiago de Cuba, feb. 4, 25.- <\/strong>La Federaci\u00f3n de Mujeres Cubanas (FMC) aqu\u00ed est\u00e1 inmersa en un proceso de fortalecimiento, en el cual se inserta como prioridad el completamiento de sus estructuras en las comunidades.<!--more--><\/p>\n<audio class=\"wp-audio-shortcode\" id=\"audio-10515-1\" preload=\"none\" style=\"width: 100%;\" controls=\"controls\"><source type=\"audio\/mpeg\" src=\"https:\/\/www.radiomajaguabo.icrt.cu\/wp-content\/uploads\/2025\/02\/baby_fmc_vanguardia_emulacioon_1.mp3?_=1\" \/><a href=\"https:\/\/www.radiomajaguabo.icrt.cu\/wp-content\/uploads\/2025\/02\/baby_fmc_vanguardia_emulacioon_1.mp3\">https:\/\/www.radiomajaguabo.icrt.cu\/wp-content\/uploads\/2025\/02\/baby_fmc_vanguardia_emulacioon_1.mp3<\/a><\/audio>\n<p>Mait\u00e9 Villa Ortega, Secretaria General de la FMC en el territorio inform\u00f3 que, como parte del proceso, se proponen elevar el protagonismo en las acciones del Programa Nacional para el Adelanto de las Mujeres (PAM), el trabajo con las desvinculadas del estudio y el trabajo, la pol\u00edtica de cuadros y la labor en las redes sociales.<\/p>\n<p>Asegur\u00f3, adem\u00e1s, que impulsan la caracterizaci\u00f3n de las comunidades y la atenci\u00f3n a las individualidades para resolver los problemas de forma eficaz.<\/p>\n<p>Por su liderazgo y autoridad, en este proceso de fortalecimiento, los cuadros deben ser capaces de persuadir y movilizar a las mujeres, y elevar el trabajo de prevenci\u00f3n social con los j\u00f3venes y las comunidades en situaciones de vulnerabilidad.<\/p>\n","protected":false},"excerpt":{"rendered":"<p>San Luis, Santiago de Cuba, feb. 4, 25.- La Federaci\u00f3n de Mujeres Cubanas (FMC) aqu\u00ed est\u00e1 inmersa en un proceso<\/p>\n<div class='heateor_sss_sharing_container heateor_sss_vertical_sharing heateor_sss_bottom_sharing' style='width:44px;left: -10px;top: 100px;-webkit-box-shadow:none;box-shadow:none;' ><div class=\"heateor_sss_sharing_ul\"><a class=\"heateor_sss_amp heateor_sss_amp_facebook\" href=\"https:\/\/www.facebook.com\/sharer\/sharer.php?u=https%3A%2F%2Fwww.radiomajaguabo.icrt.cu%2Findex.php%3Frest_route%3D%252Fwp%252Fv2%252Fposts%252F10515\" title=\"Facebook\" rel=\"nofollow noopener\" target=\"_blank\"><amp-img src=\"https:\/\/www.radiomajaguabo.icrt.cu\/wp-content\/plugins\/sassy-social-share\/public\/..\/images\/amp\/facebook.svg\" width=\"40\" height=\"40\" alt=\"Facebook\" class=\"amp-wp-enforced-sizes\" style=\"width: 40px;\"><\/amp-img><\/a><a class=\"heateor_sss_amp heateor_sss_amp_linkedin\" href=\"https:\/\/www.linkedin.com\/sharing\/share-offsite\/?url=https%3A%2F%2Fwww.radiomajaguabo.icrt.cu%2Findex.php%3Frest_route%3D%252Fwp%252Fv2%252Fposts%252F10515\" title=\"Linkedin\" rel=\"nofollow noopener\" target=\"_blank\"><amp-img src=\"https:\/\/www.radiomajaguabo.icrt.cu\/wp-content\/plugins\/sassy-social-share\/public\/..\/images\/amp\/linkedin.svg\" width=\"40\" height=\"40\" alt=\"Linkedin\" class=\"amp-wp-enforced-sizes\" style=\"width: 40px;\"><\/amp-img><\/a><a class=\"heateor_sss_amp heateor_sss_amp_whatsapp\" href=\"https:\/\/api.whatsapp.com\/send?text=Radio%20Majaguabo%20-%20Emisora%20Radio%20Majaguabo%2C%20San%20Luis%2C%20Santiago%20de%20Cuba%2C%20Cuba%20https%3A%2F%2Fwww.radiomajaguabo.icrt.cu%2Findex.php%3Frest_route%3D%252Fwp%252Fv2%252Fposts%252F10515\" title=\"Whatsapp\" rel=\"nofollow noopener\" target=\"_blank\"><amp-img src=\"https:\/\/www.radiomajaguabo.icrt.cu\/wp-content\/plugins\/sassy-social-share\/public\/..\/images\/amp\/whatsapp.svg\" width=\"40\" height=\"40\" alt=\"Whatsapp\" class=\"amp-wp-enforced-sizes\" style=\"width: 40px;\"><\/amp-img><\/a><a class=\"heateor_sss_amp heateor_sss_amp_instagram\" href=\"https:\/\/www.instagram.com\/\" title=\"Instagram\" rel=\"nofollow noopener\" target=\"_blank\"><amp-img src=\"https:\/\/www.radiomajaguabo.icrt.cu\/wp-content\/plugins\/sassy-social-share\/public\/..\/images\/amp\/instagram.svg\" width=\"40\" height=\"40\" alt=\"Instagram\" class=\"amp-wp-enforced-sizes\" style=\"width: 40px;\"><\/amp-img><\/a><a class=\"heateor_sss_amp heateor_sss_amp_x\" href=\"https:\/\/twitter.com\/intent\/tweet?text=Radio%20Majaguabo%20-%20Emisora%20Radio%20Majaguabo%2C%20San%20Luis%2C%20Santiago%20de%20Cuba%2C%20Cuba&url=https%3A%2F%2Fwww.radiomajaguabo.icrt.cu%2Findex.php%3Frest_route%3D%252Fwp%252Fv2%252Fposts%252F10515\" title=\"X\" rel=\"nofollow noopener\" target=\"_blank\"><amp-img src=\"https:\/\/www.radiomajaguabo.icrt.cu\/wp-content\/plugins\/sassy-social-share\/public\/..\/images\/amp\/x.svg\" width=\"40\" height=\"40\" alt=\"X\" class=\"amp-wp-enforced-sizes\" style=\"width:40px;\"><\/amp-img><\/a><\/div><div class=\"heateorSssClear\"><\/div><\/div>","protected":false},"author":1,"featured_media":10519,"comment_status":"open","ping_status":"open","sticky":false,"template":"","format":"standard","meta":{"colormag_page_layout":"default_layout","footnotes":""},"categories":[6,9,10],"tags":[],"ppma_author":[37,309],"class_list":["post-10515","post","type-post","status-publish","format-standard","has-post-thumbnail","hentry","category-cultura","category-historia","category-san-luis"],"authors":[{"term_id":37,"user_id":1,"is_guest":0,"slug":"alberterie","display_name":"Administrador","avatar_url":"https:\/\/secure.gravatar.com\/avatar\/c7c20c93c5f4c81e7a7dc9b02a42095ae8875c9af446129683aaa06faf7fd1f3?s=96&d=mm&r=g","author_category":"","user_url":"https:\/\/www.radiomajaguabo.icrt.cu","last_name":"Alberterie Rivero","first_name":"Pedro","job_title":"","description":""},{"term_id":309,"user_id":5,"is_guest":0,"slug":"barbara","display_name":"Barbara Vila Falc\u00f3n","avatar_url":"https:\/\/secure.gravatar.com\/avatar\/166cfc6b0e4818846bdbe2a3a669bb229e3e16837a966d98ecbf03b27993f4c2?s=96&d=mm&r=g","author_category":"","user_url":"","last_name":"Vila Falc\u00f3n","first_name":"Barbara","job_title":"","description":""}],"amp_enabled":true,"_links":{"self":[{"href":"https:\/\/www.radiomajaguabo.icrt.cu\/index.php?rest_route=\/wp\/v2\/posts\/10515","targetHints":{"allow":["GET"]}}],"collection":[{"href":"https:\/\/www.radiomajaguabo.icrt.cu\/index.php?rest_route=\/wp\/v2\/posts"}],"about":[{"href":"https:\/\/www.radiomajaguabo.icrt.cu\/index.php?rest_route=\/wp\/v2\/types\/post"}],"author":[{"embeddable":true,"href":"https:\/\/www.radiomajaguabo.icrt.cu\/index.php?rest_route=\/wp\/v2\/users\/1"}],"replies":[{"embeddable":true,"href":"https:\/\/www.radiomajaguabo.icrt.cu\/index.php?rest_route=%2Fwp%2Fv2%2Fcomments&post=10515"}],"version-history":[{"count":3,"href":"https:\/\/www.radiomajaguabo.icrt.cu\/index.php?rest_route=\/wp\/v2\/posts\/10515\/revisions"}],"predecessor-version":[{"id":10525,"href":"https:\/\/www.radiomajaguabo.icrt.cu\/index.php?rest_route=\/wp\/v2\/posts\/10515\/revisions\/10525"}],"wp:featuredmedia":[{"embeddable":true,"href":"https:\/\/www.radiomajaguabo.icrt.cu\/index.php?rest_route=\/wp\/v2\/media\/10519"}],"wp:attachment":[{"href":"https:\/\/www.radiomajaguabo.icrt.cu\/index.php?rest_route=%2Fwp%2Fv2%2Fmedia&parent=10515"}],"wp:term":[{"taxonomy":"category","embeddable":true,"href":"https:\/\/www.radiomajaguabo.icrt.cu\/index.php?rest_route=%2Fwp%2Fv2%2Fcategories&post=10515"},{"taxonomy":"post_tag","embeddable":true,"href":"https:\/\/www.radiomajaguabo.icrt.cu\/index.php?rest_route=%2Fwp%2Fv2%2Ftags&post=10515"},{"taxonomy":"author","embeddable":true,"href":"https:\/\/www.radiomajaguabo.icrt.cu\/index.php?rest_route=%2Fwp%2Fv2%2Fppma_author&post=10515"}],"curies":[{"name":"wp","href":"https:\/\/api.w.org\/{rel}","templated":true}]}}