{"id":104,"date":"2022-06-25T15:01:15","date_gmt":"2022-06-25T15:01:15","guid":{"rendered":"https:\/\/localhost\/radiomajaguabo\/?p=104"},"modified":"2022-06-25T15:01:15","modified_gmt":"2022-06-25T15:01:15","slug":"soberania-energetica-en-cuba-requiere-la-articulacion-de-la-economia-foto","status":"publish","type":"post","link":"https:\/\/www.radiomajaguabo.icrt.cu\/?p=104","title":{"rendered":"Soberan\u00eda energ\u00e9tica en Cuba requiere la articulaci\u00f3n de la econom\u00eda (+Foto)"},"content":{"rendered":"<div class=\"elementor-element elementor-element-44014e52 elementor-widget elementor-widget-theme-post-excerpt\" data-id=\"44014e52\" data-element_type=\"widget\" data-widget_type=\"theme-post-excerpt.default\">\n<div class=\"elementor-widget-container\">La Habana, 25 jun (Prensa Latina) Es necesario tener soberan\u00eda energ\u00e9tica en Cuba para construir el socialismo pr\u00f3spero y sostenible, una meta que requiere la articulaci\u00f3n de actores econ\u00f3micos, afirm\u00f3 hoy el ministro de Energ\u00edas y Minas, Liv\u00e1n Arronte.<\/div>\n<\/div>\n<p><!--more--><\/p>\n<div class=\"elementor-element elementor-element-27865fbc elementor-share-buttons--view-icon elementor-share-buttons--skin-minimal elementor-share-buttons--shape-circle elementor-share-buttons--color-custom elementor-grid-0 elementor-widget elementor-widget-share-buttons\" data-id=\"27865fbc\" data-element_type=\"widget\" data-widget_type=\"share-buttons.default\">\n<div class=\"elementor-widget-container\">\n<div class=\"elementor-grid\">\n<div class=\"elementor-grid-item\"><\/div>\n<\/div>\n<\/div>\n<\/div>\n<div class=\"elementor-element elementor-element-560e1f7e elementor-widget elementor-widget-theme-post-content\" data-id=\"560e1f7e\" data-element_type=\"widget\" data-widget_type=\"theme-post-content.default\">\n<div class=\"elementor-widget-container\">\n<p>En declaraciones a Prensa Latina, Arronte explic\u00f3 que alcanzar la generaci\u00f3n el\u00e9ctrica en el pa\u00eds con el 100 por ciento de fuente de energ\u00edas renovables (FRE) constituye un objetivo estrat\u00e9gico que requiere la integraci\u00f3n de la econom\u00eda nacional.<\/p>\n<p>Arronte se\u00f1al\u00f3 que no se trata solamente de generar la energ\u00eda, sino tambi\u00e9n de la eficiencia energ\u00e9tica.<\/p>\n<p>En la econom\u00eda existen sectores que influyen mediante el empleo de las FRE como tambi\u00e9n con el ahorro y la eficiencia, precis\u00f3 el titular.<\/p>\n<p><img loading=\"lazy\" decoding=\"async\" class=\"alignnone wp-image-270087 size-full lazyloaded\" src=\"https:\/\/www.prensa-latina.cu\/wp-content\/uploads\/2022\/06\/soberania-energetica-1.jpg\" sizes=\"auto, (max-width: 748px) 100vw, 748px\" srcset=\"https:\/\/www.prensa-latina.cu\/wp-content\/uploads\/2022\/06\/soberania-energetica-1.jpg 748w, https:\/\/www.prensa-latina.cu\/wp-content\/uploads\/2022\/06\/soberania-energetica-1-300x135.jpg 300w, https:\/\/www.prensa-latina.cu\/wp-content\/uploads\/2022\/06\/soberania-energetica-1-150x67.jpg 150w\" alt=\"\" width=\"748\" height=\"336\" data-ll-status=\"loaded\" \/><\/p>\n<p>En ese sentido, ampli\u00f3, que la II Feria Internacional de Energ\u00edas Renovables constituy\u00f3 un importante espacio para reunir desde la industria nacional hasta otros actores como el Grupo Agroforestal, la agricultura, universidades y al sector privado, es decir, a todos los que intervienen en la sociedad.<\/p>\n<p>Existen muchos intereses y expectativas en las FRE, ello incluye a la parte cubana y a la extranjera, y con esta feria se propici\u00f3 un acercamiento importante a las inversiones for\u00e1neas en materia de energ\u00edas limpias y de eficiencia energ\u00e9tica, reflexion\u00f3.<\/p>\n<p>Dentro de los resultados m\u00e1s importantes, se firmaron acuerdos, cartas de intenci\u00f3n, memorandos de entendimiento, un ambiente que reuni\u00f3 una treintena de expertos extranjeros en materia de renovables ofrecieron conferencias y, adem\u00e1s participaron en foros de negocios, detall\u00f3.<\/p>\n<p>Tambi\u00e9n, continu\u00f3, se realizaron intercambios entre universidades, el sector empresarial y el desarrollo local, la Feria fue momento para compartir las experiencias y debatir sobre c\u00f3mo lograr las metas energ\u00e9ticas de la isla.<\/p>\n<p>En opini\u00f3n de Arronte, esta II edici\u00f3n de la Feria contribuy\u00f3 a alcanzar las metas del pa\u00eds de de lograr el 100 por ciento de generaci\u00f3n de electricidad con FRE, un objetivo de todos los actores de la sociedad.<\/p>\n<p>Por ejemplo, el director adjunto de la Uni\u00f3n Nacional El\u00e9ctrica (UNE), Angel Delgado, explic\u00f3 a esta agencia que durante la cita se rubricaron cuatro acuerdos bilaterales con compa\u00f1\u00edas extranjeras para la generaci\u00f3n de electricidad mediante parques solares fotovoltaicos .<\/p>\n<p>El monto de inversi\u00f3n es de unos cuatro mil millones de d\u00f3lares para generar cuatro mil megawatts (Mw), y ello permitir\u00e1 cumplir con el programa de desarrollo pactado hasta el 2030 mediante la incorporaci\u00f3n de FRE en la matriz energ\u00e9tica de la isla, indic\u00f3 Delgado.<\/p>\n<p>El programa se ejecutar\u00e1 paulatinamente, dijo el directivo, los inversionistas extranjeros ser\u00e1n los responsables, realizar\u00e1n los proyectos y despu\u00e9s vender\u00e1n la energ\u00eda el\u00e9ctrica generada en esos parques solares fotovoltaicos a la UNE.<\/p>\n<p>oda\/tdd<\/p>\n<\/div>\n<\/div>\n<div class=\"elementor-element elementor-element-1fdbd0a elementor-widget elementor-widget-post-info\" data-id=\"1fdbd0a\" data-element_type=\"widget\" data-widget_type=\"post-info.default\">\n<div class=\"elementor-widget-container\">\n<ul class=\"elementor-inline-items elementor-icon-list-items elementor-post-info\">\n<li class=\"elementor-icon-list-item elementor-repeater-item-170494c elementor-inline-item\"><span class=\"elementor-icon-list-text elementor-post-info__item elementor-post-info__item--type-custom\"> #<a href=\"https:\/\/www.prensa-latina.cu\/tags\/cuba\" rel=\"tag noopener\" target=\"_blank\">cuba<\/a> #<a href=\"https:\/\/www.prensa-latina.cu\/tags\/feria-energia-renovables\" rel=\"tag noopener\" target=\"_blank\">Feria energ\u00eda renovables<\/a> #<a href=\"https:\/\/www.prensa-latina.cu\/tags\/soberania-energetica\" rel=\"tag noopener\" target=\"_blank\">soberan\u00eda energ\u00e9tica<\/a> <\/span><\/li>\n<\/ul>\n<\/div>\n<\/div>\n","protected":false},"excerpt":{"rendered":"<p>La Habana, 25 jun (Prensa Latina) Es necesario tener soberan\u00eda energ\u00e9tica en Cuba para construir el socialismo pr\u00f3spero y sostenible,<\/p>\n<div class='heateor_sss_sharing_container heateor_sss_vertical_sharing heateor_sss_bottom_sharing' style='width:44px;left: -10px;top: 100px;-webkit-box-shadow:none;box-shadow:none;' ><div class=\"heateor_sss_sharing_ul\"><a class=\"heateor_sss_amp heateor_sss_amp_facebook\" href=\"https:\/\/www.facebook.com\/sharer\/sharer.php?u=https%3A%2F%2Fwww.radiomajaguabo.icrt.cu%2Findex.php%3Frest_route%3D%252Fwp%252Fv2%252Fposts%252F104\" title=\"Facebook\" rel=\"nofollow noopener\" target=\"_blank\"><amp-img src=\"https:\/\/www.radiomajaguabo.icrt.cu\/wp-content\/plugins\/sassy-social-share\/public\/..\/images\/amp\/facebook.svg\" width=\"40\" height=\"40\" alt=\"Facebook\" class=\"amp-wp-enforced-sizes\" style=\"width: 40px;\"><\/amp-img><\/a><a class=\"heateor_sss_amp heateor_sss_amp_linkedin\" href=\"https:\/\/www.linkedin.com\/sharing\/share-offsite\/?url=https%3A%2F%2Fwww.radiomajaguabo.icrt.cu%2Findex.php%3Frest_route%3D%252Fwp%252Fv2%252Fposts%252F104\" title=\"Linkedin\" rel=\"nofollow noopener\" target=\"_blank\"><amp-img src=\"https:\/\/www.radiomajaguabo.icrt.cu\/wp-content\/plugins\/sassy-social-share\/public\/..\/images\/amp\/linkedin.svg\" width=\"40\" height=\"40\" alt=\"Linkedin\" class=\"amp-wp-enforced-sizes\" style=\"width: 40px;\"><\/amp-img><\/a><a class=\"heateor_sss_amp heateor_sss_amp_whatsapp\" href=\"https:\/\/api.whatsapp.com\/send?text=Radio%20Majaguabo%20-%20Emisora%20Radio%20Majaguabo%2C%20San%20Luis%2C%20Santiago%20de%20Cuba%2C%20Cuba%20https%3A%2F%2Fwww.radiomajaguabo.icrt.cu%2Findex.php%3Frest_route%3D%252Fwp%252Fv2%252Fposts%252F104\" title=\"Whatsapp\" rel=\"nofollow noopener\" target=\"_blank\"><amp-img src=\"https:\/\/www.radiomajaguabo.icrt.cu\/wp-content\/plugins\/sassy-social-share\/public\/..\/images\/amp\/whatsapp.svg\" width=\"40\" height=\"40\" alt=\"Whatsapp\" class=\"amp-wp-enforced-sizes\" style=\"width: 40px;\"><\/amp-img><\/a><a class=\"heateor_sss_amp heateor_sss_amp_instagram\" href=\"https:\/\/www.instagram.com\/\" title=\"Instagram\" rel=\"nofollow noopener\" target=\"_blank\"><amp-img src=\"https:\/\/www.radiomajaguabo.icrt.cu\/wp-content\/plugins\/sassy-social-share\/public\/..\/images\/amp\/instagram.svg\" width=\"40\" height=\"40\" alt=\"Instagram\" class=\"amp-wp-enforced-sizes\" style=\"width: 40px;\"><\/amp-img><\/a><a class=\"heateor_sss_amp heateor_sss_amp_x\" href=\"https:\/\/twitter.com\/intent\/tweet?text=Radio%20Majaguabo%20-%20Emisora%20Radio%20Majaguabo%2C%20San%20Luis%2C%20Santiago%20de%20Cuba%2C%20Cuba&url=https%3A%2F%2Fwww.radiomajaguabo.icrt.cu%2Findex.php%3Frest_route%3D%252Fwp%252Fv2%252Fposts%252F104\" title=\"X\" rel=\"nofollow noopener\" target=\"_blank\"><amp-img src=\"https:\/\/www.radiomajaguabo.icrt.cu\/wp-content\/plugins\/sassy-social-share\/public\/..\/images\/amp\/x.svg\" width=\"40\" height=\"40\" alt=\"X\" class=\"amp-wp-enforced-sizes\" style=\"width:40px;\"><\/amp-img><\/a><\/div><div class=\"heateorSssClear\"><\/div><\/div>","protected":false},"author":10,"featured_media":105,"comment_status":"open","ping_status":"open","sticky":false,"template":"","format":"standard","meta":{"colormag_page_layout":"default_layout","footnotes":""},"categories":[8],"tags":[13,50,51],"ppma_author":[39],"class_list":["post-104","post","type-post","status-publish","format-standard","has-post-thumbnail","hentry","category-nacionales","tag-cuba","tag-ii-feria-internacional-de-energias-renovables","tag-soberania-energetica"],"authors":[{"term_id":39,"user_id":10,"is_guest":0,"slug":"prensa-latina","display_name":"Prensa Latina","avatar_url":"https:\/\/secure.gravatar.com\/avatar\/50c7a3112bb25b21ddc4cf0ff17bac923226a0d4e8814139af94a839af15e315?s=96&d=mm&r=g","author_category":"","user_url":"https:\/\/www.prensa-latina.cu","last_name":"","first_name":"Prensa Latina","job_title":"","description":""}],"amp_enabled":true,"_links":{"self":[{"href":"https:\/\/www.radiomajaguabo.icrt.cu\/index.php?rest_route=\/wp\/v2\/posts\/104","targetHints":{"allow":["GET"]}}],"collection":[{"href":"https:\/\/www.radiomajaguabo.icrt.cu\/index.php?rest_route=\/wp\/v2\/posts"}],"about":[{"href":"https:\/\/www.radiomajaguabo.icrt.cu\/index.php?rest_route=\/wp\/v2\/types\/post"}],"author":[{"embeddable":true,"href":"https:\/\/www.radiomajaguabo.icrt.cu\/index.php?rest_route=\/wp\/v2\/users\/10"}],"replies":[{"embeddable":true,"href":"https:\/\/www.radiomajaguabo.icrt.cu\/index.php?rest_route=%2Fwp%2Fv2%2Fcomments&post=104"}],"version-history":[{"count":2,"href":"https:\/\/www.radiomajaguabo.icrt.cu\/index.php?rest_route=\/wp\/v2\/posts\/104\/revisions"}],"predecessor-version":[{"id":107,"href":"https:\/\/www.radiomajaguabo.icrt.cu\/index.php?rest_route=\/wp\/v2\/posts\/104\/revisions\/107"}],"wp:featuredmedia":[{"embeddable":true,"href":"https:\/\/www.radiomajaguabo.icrt.cu\/index.php?rest_route=\/wp\/v2\/media\/105"}],"wp:attachment":[{"href":"https:\/\/www.radiomajaguabo.icrt.cu\/index.php?rest_route=%2Fwp%2Fv2%2Fmedia&parent=104"}],"wp:term":[{"taxonomy":"category","embeddable":true,"href":"https:\/\/www.radiomajaguabo.icrt.cu\/index.php?rest_route=%2Fwp%2Fv2%2Fcategories&post=104"},{"taxonomy":"post_tag","embeddable":true,"href":"https:\/\/www.radiomajaguabo.icrt.cu\/index.php?rest_route=%2Fwp%2Fv2%2Ftags&post=104"},{"taxonomy":"author","embeddable":true,"href":"https:\/\/www.radiomajaguabo.icrt.cu\/index.php?rest_route=%2Fwp%2Fv2%2Fppma_author&post=104"}],"curies":[{"name":"wp","href":"https:\/\/api.w.org\/{rel}","templated":true}]}}