{"id":10377,"date":"2025-01-20T12:36:10","date_gmt":"2025-01-20T12:36:10","guid":{"rendered":"https:\/\/www.radiomajaguabo.icrt.cu\/?p=10377"},"modified":"2025-01-20T12:41:00","modified_gmt":"2025-01-20T12:41:00","slug":"reconocen-a-obreros-azucareros-en-chequeo-de-emulacion-en-paquito-rosales-fotos","status":"publish","type":"post","link":"https:\/\/www.radiomajaguabo.icrt.cu\/?p=10377","title":{"rendered":"Reconocen esfuerzo de azucareros durante chequeo de emulaci\u00f3n en Paquito Rosales (+FOTOS)"},"content":{"rendered":"<p><strong>San Luis, Santiago de Cuba, ene. 20, 25.-<\/strong> El homenaje a los protagonistas en las tareas productivas, econ\u00f3micas y sociales de Paquito Rosales fue el prop\u00f3sito del chequeo de emulaci\u00f3n realizado este domingo en el ingenio sanluisero.<!--more--><\/p>\n<p>M\u00e1s de 20 trabajadores de la industria y sus diferentes \u00e1reas fueron estimulados y recibieron el reconocimiento de manos de Beatriz Jhonson Urrutia, Primera Secretaria del Comit\u00e9 Provincial del Partido; Manuel Falc\u00f3n Hern\u00e1ndez, Gobernador de Santiago de Cuba; Yusmaikel Valier Ram\u00edrez, Primer Secretario del Partido en San Luis y Eider Tamayo, su hom\u00f3logo en Songo La Maya; Rafael Mu\u00f1iz Guill\u00e9n, \u00a0Presidente de la Asamblea municipal del Poder Popular y Maritza \u00c1lvarez Guerra, Miembro del Secretariado Nacional del Sindicato de Trabajadores Azucareros.<\/p>\n<p>La ocasi\u00f3n sirvi\u00f3 para entregar la Bandera de Proeza Laboral a la Empresa Filial de Transporte y Servicios a la Mecanizaci\u00f3n (TRANZMEC) de Santiago de Cuba por sus aportes en la recuperaci\u00f3n de las provincias afectadas por fen\u00f3menos meteorol\u00f3gicos, que fueron enunciados por Maritza \u00c1lvarez Guerra, dirigente sindical.<\/p>\n<p>Yanet Aldana, Secretaria Municipal del Sindicato Nacional de Trabajadores Azucareros, habl\u00f3 de los compromisos de los obreros, quienes con dedicaci\u00f3n garantizaron el alistamiento de la industria y trabajar\u00e1n para asegurar que el ingenio se pueda incorporar a la producci\u00f3n del endulzante, decisivo para la econom\u00eda territorial.<\/p>\n<p>En las conclusiones del chequeo emulativo, Yusmaikel Valier Ram\u00edrez Primer Secretario del Partido en el territorio, felicit\u00f3 a los obreros estimulados y a todos los que hicieron posible la realizaci\u00f3n con \u00e9xito de la primera prueba del ingenio, luego de algunos a\u00f1os de inactividad.<\/p>\n<p>Asimismo, ratific\u00f3 que los sanluiseros est\u00e1n comprometidos con la tarea de producir meladura, az\u00facar y derivados teniendo en cuenta que este es uno de los principales renglones productivos del territorio y constituye tradici\u00f3n aqu\u00ed. Hay mucho entusiasmo en este poblado, el central es vida y as\u00ed lo sienten los habitantes, quienes est\u00e1n involucrados tambi\u00e9n en que sean efectivas las acciones del ingenio y la Zafra.<\/p>\n<p>Participaron trabajadores azucareros, de las unidades productivas, el sindicato municipal y provincial y las entidades del territorio que mantienen relaciones de trabajo con la entidad Azucarera.<\/p>\n<p>Al t\u00e9rmino del chequeo se realiz\u00f3 una feria agropecuaria y ofertaron productos de la Alimentaria y otros de Comercio y Gastronom\u00eda a los habitantes del batey.<\/p>\n<p><img loading=\"lazy\" decoding=\"async\" class=\" wp-image-10395 aligncenter\" src=\"https:\/\/www.radiomajaguabo.icrt.cu\/wp-content\/uploads\/2025\/01\/chequeo_emulacion11-300x135.jpg\" alt=\"\" width=\"451\" height=\"203\" srcset=\"https:\/\/www.radiomajaguabo.icrt.cu\/wp-content\/uploads\/2025\/01\/chequeo_emulacion11-300x135.jpg 300w, https:\/\/www.radiomajaguabo.icrt.cu\/wp-content\/uploads\/2025\/01\/chequeo_emulacion11.jpg 640w\" sizes=\"auto, (max-width: 451px) 100vw, 451px\" \/><\/p>\n<p><img loading=\"lazy\" decoding=\"async\" class=\" wp-image-10394 aligncenter\" src=\"https:\/\/www.radiomajaguabo.icrt.cu\/wp-content\/uploads\/2025\/01\/chequeo_emulacion10-300x207.jpg\" alt=\"\" width=\"450\" height=\"311\" srcset=\"https:\/\/www.radiomajaguabo.icrt.cu\/wp-content\/uploads\/2025\/01\/chequeo_emulacion10-300x207.jpg 300w, https:\/\/www.radiomajaguabo.icrt.cu\/wp-content\/uploads\/2025\/01\/chequeo_emulacion10-392x272.jpg 392w, https:\/\/www.radiomajaguabo.icrt.cu\/wp-content\/uploads\/2025\/01\/chequeo_emulacion10-130x90.jpg 130w, https:\/\/www.radiomajaguabo.icrt.cu\/wp-content\/uploads\/2025\/01\/chequeo_emulacion10.jpg 640w\" sizes=\"auto, (max-width: 450px) 100vw, 450px\" \/><\/p>\n<p><img loading=\"lazy\" decoding=\"async\" class=\" wp-image-10393 aligncenter\" src=\"https:\/\/www.radiomajaguabo.icrt.cu\/wp-content\/uploads\/2025\/01\/chequeo_emulacion9-300x135.jpg\" alt=\"\" width=\"451\" height=\"203\" srcset=\"https:\/\/www.radiomajaguabo.icrt.cu\/wp-content\/uploads\/2025\/01\/chequeo_emulacion9-300x135.jpg 300w, https:\/\/www.radiomajaguabo.icrt.cu\/wp-content\/uploads\/2025\/01\/chequeo_emulacion9.jpg 640w\" sizes=\"auto, (max-width: 451px) 100vw, 451px\" \/><\/p>\n<p><img loading=\"lazy\" decoding=\"async\" class=\" wp-image-10392 aligncenter\" src=\"https:\/\/www.radiomajaguabo.icrt.cu\/wp-content\/uploads\/2025\/01\/chequeo_emulacion8-300x156.jpg\" alt=\"\" width=\"452\" height=\"235\" srcset=\"https:\/\/www.radiomajaguabo.icrt.cu\/wp-content\/uploads\/2025\/01\/chequeo_emulacion8-300x156.jpg 300w, https:\/\/www.radiomajaguabo.icrt.cu\/wp-content\/uploads\/2025\/01\/chequeo_emulacion8.jpg 640w\" sizes=\"auto, (max-width: 452px) 100vw, 452px\" \/><\/p>\n<p><img loading=\"lazy\" decoding=\"async\" class=\" wp-image-10391 aligncenter\" src=\"https:\/\/www.radiomajaguabo.icrt.cu\/wp-content\/uploads\/2025\/01\/chequeo_emulacion7-300x135.jpg\" alt=\"\" width=\"451\" height=\"203\" srcset=\"https:\/\/www.radiomajaguabo.icrt.cu\/wp-content\/uploads\/2025\/01\/chequeo_emulacion7-300x135.jpg 300w, https:\/\/www.radiomajaguabo.icrt.cu\/wp-content\/uploads\/2025\/01\/chequeo_emulacion7.jpg 640w\" sizes=\"auto, (max-width: 451px) 100vw, 451px\" \/><\/p>\n<p><img loading=\"lazy\" decoding=\"async\" class=\" wp-image-10390 aligncenter\" src=\"https:\/\/www.radiomajaguabo.icrt.cu\/wp-content\/uploads\/2025\/01\/chequeo_emulacion6-300x191.jpg\" alt=\"\" width=\"451\" height=\"287\" srcset=\"https:\/\/www.radiomajaguabo.icrt.cu\/wp-content\/uploads\/2025\/01\/chequeo_emulacion6-300x191.jpg 300w, https:\/\/www.radiomajaguabo.icrt.cu\/wp-content\/uploads\/2025\/01\/chequeo_emulacion6.jpg 640w\" sizes=\"auto, (max-width: 451px) 100vw, 451px\" \/><\/p>\n<p><img loading=\"lazy\" decoding=\"async\" class=\" wp-image-10389 aligncenter\" src=\"https:\/\/www.radiomajaguabo.icrt.cu\/wp-content\/uploads\/2025\/01\/chequeo_emulacion5-300x182.jpg\" alt=\"\" width=\"450\" height=\"273\" srcset=\"https:\/\/www.radiomajaguabo.icrt.cu\/wp-content\/uploads\/2025\/01\/chequeo_emulacion5-300x182.jpg 300w, https:\/\/www.radiomajaguabo.icrt.cu\/wp-content\/uploads\/2025\/01\/chequeo_emulacion5.jpg 640w\" sizes=\"auto, (max-width: 450px) 100vw, 450px\" \/><\/p>\n<p><img loading=\"lazy\" decoding=\"async\" class=\" wp-image-10388 aligncenter\" src=\"https:\/\/www.radiomajaguabo.icrt.cu\/wp-content\/uploads\/2025\/01\/chequeo_emulacion4-300x207.jpg\" alt=\"\" width=\"450\" height=\"310\" srcset=\"https:\/\/www.radiomajaguabo.icrt.cu\/wp-content\/uploads\/2025\/01\/chequeo_emulacion4-300x207.jpg 300w, https:\/\/www.radiomajaguabo.icrt.cu\/wp-content\/uploads\/2025\/01\/chequeo_emulacion4-130x90.jpg 130w, https:\/\/www.radiomajaguabo.icrt.cu\/wp-content\/uploads\/2025\/01\/chequeo_emulacion4.jpg 640w\" sizes=\"auto, (max-width: 450px) 100vw, 450px\" \/><\/p>\n<p><img loading=\"lazy\" decoding=\"async\" class=\" wp-image-10387 aligncenter\" src=\"https:\/\/www.radiomajaguabo.icrt.cu\/wp-content\/uploads\/2025\/01\/chequeo_emulacion3-300x181.jpg\" alt=\"\" width=\"451\" height=\"272\" srcset=\"https:\/\/www.radiomajaguabo.icrt.cu\/wp-content\/uploads\/2025\/01\/chequeo_emulacion3-300x181.jpg 300w, https:\/\/www.radiomajaguabo.icrt.cu\/wp-content\/uploads\/2025\/01\/chequeo_emulacion3.jpg 640w\" sizes=\"auto, (max-width: 451px) 100vw, 451px\" \/><\/p>\n<p><img loading=\"lazy\" decoding=\"async\" class=\" wp-image-10385 aligncenter\" src=\"https:\/\/www.radiomajaguabo.icrt.cu\/wp-content\/uploads\/2025\/01\/chequeo_emulacion1-300x135.jpg\" alt=\"\" width=\"451\" height=\"203\" srcset=\"https:\/\/www.radiomajaguabo.icrt.cu\/wp-content\/uploads\/2025\/01\/chequeo_emulacion1-300x135.jpg 300w, https:\/\/www.radiomajaguabo.icrt.cu\/wp-content\/uploads\/2025\/01\/chequeo_emulacion1.jpg 640w\" sizes=\"auto, (max-width: 451px) 100vw, 451px\" \/><\/p>\n<p>&nbsp;<\/p>\n","protected":false},"excerpt":{"rendered":"<p>San Luis, Santiago de Cuba, ene. 20, 25.- El homenaje a los protagonistas en las tareas productivas, econ\u00f3micas y sociales<\/p>\n<div class='heateor_sss_sharing_container heateor_sss_vertical_sharing heateor_sss_bottom_sharing' style='width:44px;left: -10px;top: 100px;-webkit-box-shadow:none;box-shadow:none;' ><div class=\"heateor_sss_sharing_ul\"><a class=\"heateor_sss_amp heateor_sss_amp_facebook\" href=\"https:\/\/www.facebook.com\/sharer\/sharer.php?u=https%3A%2F%2Fwww.radiomajaguabo.icrt.cu%2Findex.php%3Frest_route%3D%252Fwp%252Fv2%252Fposts%252F10377\" title=\"Facebook\" rel=\"nofollow noopener\" target=\"_blank\"><amp-img src=\"https:\/\/www.radiomajaguabo.icrt.cu\/wp-content\/plugins\/sassy-social-share\/public\/..\/images\/amp\/facebook.svg\" width=\"40\" height=\"40\" alt=\"Facebook\" class=\"amp-wp-enforced-sizes\" style=\"width: 40px;\"><\/amp-img><\/a><a class=\"heateor_sss_amp heateor_sss_amp_linkedin\" href=\"https:\/\/www.linkedin.com\/sharing\/share-offsite\/?url=https%3A%2F%2Fwww.radiomajaguabo.icrt.cu%2Findex.php%3Frest_route%3D%252Fwp%252Fv2%252Fposts%252F10377\" title=\"Linkedin\" rel=\"nofollow noopener\" target=\"_blank\"><amp-img src=\"https:\/\/www.radiomajaguabo.icrt.cu\/wp-content\/plugins\/sassy-social-share\/public\/..\/images\/amp\/linkedin.svg\" width=\"40\" height=\"40\" alt=\"Linkedin\" class=\"amp-wp-enforced-sizes\" style=\"width: 40px;\"><\/amp-img><\/a><a class=\"heateor_sss_amp heateor_sss_amp_whatsapp\" href=\"https:\/\/api.whatsapp.com\/send?text=Radio%20Majaguabo%20-%20Emisora%20Radio%20Majaguabo%2C%20San%20Luis%2C%20Santiago%20de%20Cuba%2C%20Cuba%20https%3A%2F%2Fwww.radiomajaguabo.icrt.cu%2Findex.php%3Frest_route%3D%252Fwp%252Fv2%252Fposts%252F10377\" title=\"Whatsapp\" rel=\"nofollow noopener\" target=\"_blank\"><amp-img src=\"https:\/\/www.radiomajaguabo.icrt.cu\/wp-content\/plugins\/sassy-social-share\/public\/..\/images\/amp\/whatsapp.svg\" width=\"40\" height=\"40\" alt=\"Whatsapp\" class=\"amp-wp-enforced-sizes\" style=\"width: 40px;\"><\/amp-img><\/a><a class=\"heateor_sss_amp heateor_sss_amp_instagram\" href=\"https:\/\/www.instagram.com\/\" title=\"Instagram\" rel=\"nofollow noopener\" target=\"_blank\"><amp-img src=\"https:\/\/www.radiomajaguabo.icrt.cu\/wp-content\/plugins\/sassy-social-share\/public\/..\/images\/amp\/instagram.svg\" width=\"40\" height=\"40\" alt=\"Instagram\" class=\"amp-wp-enforced-sizes\" style=\"width: 40px;\"><\/amp-img><\/a><a class=\"heateor_sss_amp heateor_sss_amp_x\" href=\"https:\/\/twitter.com\/intent\/tweet?text=Radio%20Majaguabo%20-%20Emisora%20Radio%20Majaguabo%2C%20San%20Luis%2C%20Santiago%20de%20Cuba%2C%20Cuba&url=https%3A%2F%2Fwww.radiomajaguabo.icrt.cu%2Findex.php%3Frest_route%3D%252Fwp%252Fv2%252Fposts%252F10377\" title=\"X\" rel=\"nofollow noopener\" target=\"_blank\"><amp-img src=\"https:\/\/www.radiomajaguabo.icrt.cu\/wp-content\/plugins\/sassy-social-share\/public\/..\/images\/amp\/x.svg\" width=\"40\" height=\"40\" alt=\"X\" class=\"amp-wp-enforced-sizes\" style=\"width:40px;\"><\/amp-img><\/a><\/div><div class=\"heateorSssClear\"><\/div><\/div>","protected":false},"author":1,"featured_media":10386,"comment_status":"open","ping_status":"open","sticky":false,"template":"","format":"standard","meta":{"colormag_page_layout":"default_layout","footnotes":""},"categories":[6,9,10],"tags":[],"ppma_author":[37,299],"class_list":["post-10377","post","type-post","status-publish","format-standard","has-post-thumbnail","hentry","category-cultura","category-historia","category-san-luis"],"authors":[{"term_id":37,"user_id":1,"is_guest":0,"slug":"alberterie","display_name":"Administrador","avatar_url":"https:\/\/secure.gravatar.com\/avatar\/c7c20c93c5f4c81e7a7dc9b02a42095ae8875c9af446129683aaa06faf7fd1f3?s=96&d=mm&r=g","author_category":"","user_url":"https:\/\/www.radiomajaguabo.icrt.cu","last_name":"Alberterie Rivero","first_name":"Pedro","job_title":"","description":""},{"term_id":299,"user_id":6,"is_guest":0,"slug":"yaniuska","display_name":"Yaniuska P\u00e9rez Verdecia","avatar_url":"https:\/\/secure.gravatar.com\/avatar\/a6d7e51e5ccf0210b8c939b21a0b37dca410372954868b8ff5b8e51c07cf1a6e?s=96&d=mm&r=g","author_category":"","user_url":"","last_name":"P\u00e9rez Verdecia","first_name":"Yaniuska","job_title":"","description":""}],"amp_enabled":true,"_links":{"self":[{"href":"https:\/\/www.radiomajaguabo.icrt.cu\/index.php?rest_route=\/wp\/v2\/posts\/10377","targetHints":{"allow":["GET"]}}],"collection":[{"href":"https:\/\/www.radiomajaguabo.icrt.cu\/index.php?rest_route=\/wp\/v2\/posts"}],"about":[{"href":"https:\/\/www.radiomajaguabo.icrt.cu\/index.php?rest_route=\/wp\/v2\/types\/post"}],"author":[{"embeddable":true,"href":"https:\/\/www.radiomajaguabo.icrt.cu\/index.php?rest_route=\/wp\/v2\/users\/1"}],"replies":[{"embeddable":true,"href":"https:\/\/www.radiomajaguabo.icrt.cu\/index.php?rest_route=%2Fwp%2Fv2%2Fcomments&post=10377"}],"version-history":[{"count":4,"href":"https:\/\/www.radiomajaguabo.icrt.cu\/index.php?rest_route=\/wp\/v2\/posts\/10377\/revisions"}],"predecessor-version":[{"id":10399,"href":"https:\/\/www.radiomajaguabo.icrt.cu\/index.php?rest_route=\/wp\/v2\/posts\/10377\/revisions\/10399"}],"wp:featuredmedia":[{"embeddable":true,"href":"https:\/\/www.radiomajaguabo.icrt.cu\/index.php?rest_route=\/wp\/v2\/media\/10386"}],"wp:attachment":[{"href":"https:\/\/www.radiomajaguabo.icrt.cu\/index.php?rest_route=%2Fwp%2Fv2%2Fmedia&parent=10377"}],"wp:term":[{"taxonomy":"category","embeddable":true,"href":"https:\/\/www.radiomajaguabo.icrt.cu\/index.php?rest_route=%2Fwp%2Fv2%2Fcategories&post=10377"},{"taxonomy":"post_tag","embeddable":true,"href":"https:\/\/www.radiomajaguabo.icrt.cu\/index.php?rest_route=%2Fwp%2Fv2%2Ftags&post=10377"},{"taxonomy":"author","embeddable":true,"href":"https:\/\/www.radiomajaguabo.icrt.cu\/index.php?rest_route=%2Fwp%2Fv2%2Fppma_author&post=10377"}],"curies":[{"name":"wp","href":"https:\/\/api.w.org\/{rel}","templated":true}]}}