{"id":10369,"date":"2025-01-20T12:19:15","date_gmt":"2025-01-20T12:19:15","guid":{"rendered":"https:\/\/www.radiomajaguabo.icrt.cu\/?p=10369"},"modified":"2025-01-20T12:19:15","modified_gmt":"2025-01-20T12:19:15","slug":"ejercicio-integral-en-central-sanluisero-paquito-rosales-para-determinar-alistamiento-de-la-industria-fotos","status":"publish","type":"post","link":"https:\/\/www.radiomajaguabo.icrt.cu\/?p=10369","title":{"rendered":"Ejercicio integral en central sanluisero Paquito Rosales para determinar alistamiento de la industria (+FOTOS)"},"content":{"rendered":"<p><strong>San Luis, Santiago de Cuba, ene. 20, 25.-<\/strong> El central Paquito Rosales, perteneciente a este territorio, se incorporar\u00e1 a la zafra azucarera 2024 \u2013 2025. Por tal raz\u00f3n, realiz\u00f3 una prueba previa al ejercicio oficial que dictamina su puesta en funcionamiento por parte del Grupo AZCUBA.<!--more--><\/p>\n<p>En la prueba se tritur\u00f3 ca\u00f1a, levant\u00f3 presi\u00f3n su caldera y hasta se pudo sincronizar el turbogenerador y aportar energ\u00eda. Considerado un acontecimiento en el batey fue sentir nuevamente el pitazo y ver humo en la chimenea del ingenio, luego de m\u00e1s de 5 a\u00f1os de inactividad.<\/p>\n<p><img loading=\"lazy\" decoding=\"async\" class=\" wp-image-10383 aligncenter\" src=\"https:\/\/www.radiomajaguabo.icrt.cu\/wp-content\/uploads\/2025\/01\/ejercicio_paquito_rosales6-300x135.jpg\" alt=\"\" width=\"502\" height=\"226\" srcset=\"https:\/\/www.radiomajaguabo.icrt.cu\/wp-content\/uploads\/2025\/01\/ejercicio_paquito_rosales6-300x135.jpg 300w, https:\/\/www.radiomajaguabo.icrt.cu\/wp-content\/uploads\/2025\/01\/ejercicio_paquito_rosales6.jpg 640w\" sizes=\"auto, (max-width: 502px) 100vw, 502px\" \/><\/p>\n<p>Con j\u00fabilo celebraron los obreros y habitantes de la demarcaci\u00f3n y tambi\u00e9n de Dos Caminos, y el municipio en general, que el central pudiera mover su maquinaria y probar la calidad de las acciones de alistamiento, realizadas en un contexto econ\u00f3mico complejo, marcado por la escasez de recursos y portadores energ\u00e9ticos.<\/p>\n<p><img loading=\"lazy\" decoding=\"async\" class=\" wp-image-10381 aligncenter\" src=\"https:\/\/www.radiomajaguabo.icrt.cu\/wp-content\/uploads\/2025\/01\/ejercicio_paquito_rosales4-300x135.jpg\" alt=\"\" width=\"502\" height=\"226\" srcset=\"https:\/\/www.radiomajaguabo.icrt.cu\/wp-content\/uploads\/2025\/01\/ejercicio_paquito_rosales4-300x135.jpg 300w, https:\/\/www.radiomajaguabo.icrt.cu\/wp-content\/uploads\/2025\/01\/ejercicio_paquito_rosales4.jpg 640w\" sizes=\"auto, (max-width: 502px) 100vw, 502px\" \/><\/p>\n<p><img loading=\"lazy\" decoding=\"async\" class=\" wp-image-10380 aligncenter\" src=\"https:\/\/www.radiomajaguabo.icrt.cu\/wp-content\/uploads\/2025\/01\/ejercicio_paquito_rosales3-300x208.jpg\" alt=\"\" width=\"503\" height=\"349\" srcset=\"https:\/\/www.radiomajaguabo.icrt.cu\/wp-content\/uploads\/2025\/01\/ejercicio_paquito_rosales3-300x208.jpg 300w, https:\/\/www.radiomajaguabo.icrt.cu\/wp-content\/uploads\/2025\/01\/ejercicio_paquito_rosales3-392x272.jpg 392w, https:\/\/www.radiomajaguabo.icrt.cu\/wp-content\/uploads\/2025\/01\/ejercicio_paquito_rosales3-130x90.jpg 130w, https:\/\/www.radiomajaguabo.icrt.cu\/wp-content\/uploads\/2025\/01\/ejercicio_paquito_rosales3.jpg 640w\" sizes=\"auto, (max-width: 503px) 100vw, 503px\" \/><\/p>\n<p><img loading=\"lazy\" decoding=\"async\" class=\" wp-image-10379 aligncenter\" src=\"https:\/\/www.radiomajaguabo.icrt.cu\/wp-content\/uploads\/2025\/01\/ejercicio_paquito_rosales2-300x135.jpg\" alt=\"\" width=\"500\" height=\"225\" srcset=\"https:\/\/www.radiomajaguabo.icrt.cu\/wp-content\/uploads\/2025\/01\/ejercicio_paquito_rosales2-300x135.jpg 300w, https:\/\/www.radiomajaguabo.icrt.cu\/wp-content\/uploads\/2025\/01\/ejercicio_paquito_rosales2.jpg 640w\" sizes=\"auto, (max-width: 500px) 100vw, 500px\" \/><\/p>\n<p><img loading=\"lazy\" decoding=\"async\" class=\" wp-image-10378 aligncenter\" src=\"https:\/\/www.radiomajaguabo.icrt.cu\/wp-content\/uploads\/2025\/01\/ejercicio_paquito_rosales1-165x300.jpg\" alt=\"\" width=\"318\" height=\"578\" \/><\/p>\n<p>El ingenio sanluisero cumpli\u00f3 los requisitos fundamentales evaluados por los especialistas de otras empresas de la provincia: moler ca\u00f1a, generar electricidad, probar m\u00e1s del 80% de los equipos que intervendr\u00e1n en la zafra y verificar previamente cada uno de estos eslabones.<\/p>\n<p>\u201cAqu\u00ed se probaron casi el 95 por ciento de los equipos y hay un ambiente de disciplina, felicidad, entusiasmo y deseos de hacer no solo, meladura, sino az\u00facar\u201d, dijo Beatriz Jhonson Urrutia, Primera Secretaria del Comit\u00e9 Provincial del Partido al evaluar junto al Gobernador, Manuel Falc\u00f3n Hern\u00e1ndez, los resultados de este ejercicio integral, en el que especialistas evaluaron el funcionamiento de la industria.<\/p>\n<p>\u201cResta que los azucareros de San Luis efect\u00faen otras pruebas t\u00e9cnicas, en la que demostrar\u00e1n la calidad del proceso de alistamiento y se haga la certificaci\u00f3n del ingenio por parte de AZCUBA para incorporarlo oficialmente a la molienda, es una necesidad del pa\u00eds, y estamos entusiasmados por el esp\u00edritu y combatividad de los sanluiseros, han empezado bien el a\u00f1o\u201d, recalc\u00f3 la tambi\u00e9n Miembro del Consejo de Estado.<\/p>\n<p>La prueba determin\u00f3 fallas, las cuales ser\u00e1n resueltas en los d\u00edas que distan de la arrancada, y es reflejo de la entrega y esfuerzo de los trabajadores del sector, comprometidos en cumplir la producci\u00f3n con eficiencia.<\/p>\n<p>Simult\u00e1neamente con el alistamiento fabril, avanza tambi\u00e9n el de la mecanizaci\u00f3n ca\u00f1era, como combinadas, camiones, alzadoras, arrastres y tractores. Y tambi\u00e9n se pudo cortar ca\u00f1a en la CPA Sabino Pupo.<\/p>\n<p>Otras tareas como la siembra de ca\u00f1a, la capacitaci\u00f3n y completamiento de la fuerza de corte manual, la producci\u00f3n de alimentos y la construcci\u00f3n de viviendas para mejorar las condiciones de los azucareros, son tareas de primer orden. \u201cConfiamos en los sanluiseros, quienes han dado una respuesta a la altura que necesitamos, debemos prepararnos para que el esfuerzo sea premiado y el ingenio sea incorporado tambi\u00e9n a la producci\u00f3n del endulzante que tanto necesita el pueblo\u201d, acot\u00f3 la dirigente partidista.<\/p>\n<p>Participaron en el intercambio, adem\u00e1s, Eudis Manuel Yeja Fern\u00e1ndez, Miembro del Bur\u00f3 Provincial del Partido, quien atiende la Esfera Agroalimentaria, Yusmaikel Valier Ram\u00edrez, Primer Secretario del Comit\u00e9 Municipal del Partido, Rafael Mu\u00f1iz Guill\u00e9n, presidente de la Asamblea del Poder Popular, Maritza \u00c1lvarez Guerra; Miembro del Secretariado Nacional del Sindicato de Trabajadores Azucareros, Alison Noval Ara\u00f1\u00f3, Secretaria General de la CTC en San Luis, Leonel S\u00e1nchez Urqu\u00eda, Intendente del municipio, Alexeis L\u00f3pez Cervantes, director de la Empresa Agroindustrial Azucarera Francisco Rosales Ben\u00edtez, as\u00ed como otros dirigentes del sector, especialistas, representantes de las organizaciones pol\u00edticas y de masas y trabajadores de la industria.<\/p>\n","protected":false},"excerpt":{"rendered":"<p>San Luis, Santiago de Cuba, ene. 20, 25.- El central Paquito Rosales, perteneciente a este territorio, se incorporar\u00e1 a la<\/p>\n<div class='heateor_sss_sharing_container heateor_sss_vertical_sharing heateor_sss_bottom_sharing' style='width:44px;left: -10px;top: 100px;-webkit-box-shadow:none;box-shadow:none;' ><div class=\"heateor_sss_sharing_ul\"><a class=\"heateor_sss_amp heateor_sss_amp_facebook\" href=\"https:\/\/www.facebook.com\/sharer\/sharer.php?u=https%3A%2F%2Fwww.radiomajaguabo.icrt.cu%2Findex.php%3Frest_route%3D%252Fwp%252Fv2%252Fposts%252F10369\" title=\"Facebook\" rel=\"nofollow noopener\" target=\"_blank\"><amp-img src=\"https:\/\/www.radiomajaguabo.icrt.cu\/wp-content\/plugins\/sassy-social-share\/public\/..\/images\/amp\/facebook.svg\" width=\"40\" height=\"40\" alt=\"Facebook\" class=\"amp-wp-enforced-sizes\" style=\"width: 40px;\"><\/amp-img><\/a><a class=\"heateor_sss_amp heateor_sss_amp_linkedin\" href=\"https:\/\/www.linkedin.com\/sharing\/share-offsite\/?url=https%3A%2F%2Fwww.radiomajaguabo.icrt.cu%2Findex.php%3Frest_route%3D%252Fwp%252Fv2%252Fposts%252F10369\" title=\"Linkedin\" rel=\"nofollow noopener\" target=\"_blank\"><amp-img src=\"https:\/\/www.radiomajaguabo.icrt.cu\/wp-content\/plugins\/sassy-social-share\/public\/..\/images\/amp\/linkedin.svg\" width=\"40\" height=\"40\" alt=\"Linkedin\" class=\"amp-wp-enforced-sizes\" style=\"width: 40px;\"><\/amp-img><\/a><a class=\"heateor_sss_amp heateor_sss_amp_whatsapp\" href=\"https:\/\/api.whatsapp.com\/send?text=Radio%20Majaguabo%20-%20Emisora%20Radio%20Majaguabo%2C%20San%20Luis%2C%20Santiago%20de%20Cuba%2C%20Cuba%20https%3A%2F%2Fwww.radiomajaguabo.icrt.cu%2Findex.php%3Frest_route%3D%252Fwp%252Fv2%252Fposts%252F10369\" title=\"Whatsapp\" rel=\"nofollow noopener\" target=\"_blank\"><amp-img src=\"https:\/\/www.radiomajaguabo.icrt.cu\/wp-content\/plugins\/sassy-social-share\/public\/..\/images\/amp\/whatsapp.svg\" width=\"40\" height=\"40\" alt=\"Whatsapp\" class=\"amp-wp-enforced-sizes\" style=\"width: 40px;\"><\/amp-img><\/a><a class=\"heateor_sss_amp heateor_sss_amp_instagram\" href=\"https:\/\/www.instagram.com\/\" title=\"Instagram\" rel=\"nofollow noopener\" target=\"_blank\"><amp-img src=\"https:\/\/www.radiomajaguabo.icrt.cu\/wp-content\/plugins\/sassy-social-share\/public\/..\/images\/amp\/instagram.svg\" width=\"40\" height=\"40\" alt=\"Instagram\" class=\"amp-wp-enforced-sizes\" style=\"width: 40px;\"><\/amp-img><\/a><a class=\"heateor_sss_amp heateor_sss_amp_x\" href=\"https:\/\/twitter.com\/intent\/tweet?text=Radio%20Majaguabo%20-%20Emisora%20Radio%20Majaguabo%2C%20San%20Luis%2C%20Santiago%20de%20Cuba%2C%20Cuba&url=https%3A%2F%2Fwww.radiomajaguabo.icrt.cu%2Findex.php%3Frest_route%3D%252Fwp%252Fv2%252Fposts%252F10369\" title=\"X\" rel=\"nofollow noopener\" target=\"_blank\"><amp-img src=\"https:\/\/www.radiomajaguabo.icrt.cu\/wp-content\/plugins\/sassy-social-share\/public\/..\/images\/amp\/x.svg\" width=\"40\" height=\"40\" alt=\"X\" class=\"amp-wp-enforced-sizes\" style=\"width:40px;\"><\/amp-img><\/a><\/div><div class=\"heateorSssClear\"><\/div><\/div>","protected":false},"author":1,"featured_media":10382,"comment_status":"open","ping_status":"open","sticky":false,"template":"","format":"standard","meta":{"colormag_page_layout":"default_layout","footnotes":""},"categories":[6,9,10],"tags":[],"ppma_author":[37,299],"class_list":["post-10369","post","type-post","status-publish","format-standard","has-post-thumbnail","hentry","category-cultura","category-historia","category-san-luis"],"authors":[{"term_id":37,"user_id":1,"is_guest":0,"slug":"alberterie","display_name":"Administrador","avatar_url":"https:\/\/secure.gravatar.com\/avatar\/c7c20c93c5f4c81e7a7dc9b02a42095ae8875c9af446129683aaa06faf7fd1f3?s=96&d=mm&r=g","author_category":"","user_url":"https:\/\/www.radiomajaguabo.icrt.cu","last_name":"Alberterie Rivero","first_name":"Pedro","job_title":"","description":""},{"term_id":299,"user_id":6,"is_guest":0,"slug":"yaniuska","display_name":"Yaniuska P\u00e9rez Verdecia","avatar_url":"https:\/\/secure.gravatar.com\/avatar\/a6d7e51e5ccf0210b8c939b21a0b37dca410372954868b8ff5b8e51c07cf1a6e?s=96&d=mm&r=g","author_category":"","user_url":"","last_name":"P\u00e9rez Verdecia","first_name":"Yaniuska","job_title":"","description":""}],"amp_enabled":true,"_links":{"self":[{"href":"https:\/\/www.radiomajaguabo.icrt.cu\/index.php?rest_route=\/wp\/v2\/posts\/10369","targetHints":{"allow":["GET"]}}],"collection":[{"href":"https:\/\/www.radiomajaguabo.icrt.cu\/index.php?rest_route=\/wp\/v2\/posts"}],"about":[{"href":"https:\/\/www.radiomajaguabo.icrt.cu\/index.php?rest_route=\/wp\/v2\/types\/post"}],"author":[{"embeddable":true,"href":"https:\/\/www.radiomajaguabo.icrt.cu\/index.php?rest_route=\/wp\/v2\/users\/1"}],"replies":[{"embeddable":true,"href":"https:\/\/www.radiomajaguabo.icrt.cu\/index.php?rest_route=%2Fwp%2Fv2%2Fcomments&post=10369"}],"version-history":[{"count":1,"href":"https:\/\/www.radiomajaguabo.icrt.cu\/index.php?rest_route=\/wp\/v2\/posts\/10369\/revisions"}],"predecessor-version":[{"id":10384,"href":"https:\/\/www.radiomajaguabo.icrt.cu\/index.php?rest_route=\/wp\/v2\/posts\/10369\/revisions\/10384"}],"wp:featuredmedia":[{"embeddable":true,"href":"https:\/\/www.radiomajaguabo.icrt.cu\/index.php?rest_route=\/wp\/v2\/media\/10382"}],"wp:attachment":[{"href":"https:\/\/www.radiomajaguabo.icrt.cu\/index.php?rest_route=%2Fwp%2Fv2%2Fmedia&parent=10369"}],"wp:term":[{"taxonomy":"category","embeddable":true,"href":"https:\/\/www.radiomajaguabo.icrt.cu\/index.php?rest_route=%2Fwp%2Fv2%2Fcategories&post=10369"},{"taxonomy":"post_tag","embeddable":true,"href":"https:\/\/www.radiomajaguabo.icrt.cu\/index.php?rest_route=%2Fwp%2Fv2%2Ftags&post=10369"},{"taxonomy":"author","embeddable":true,"href":"https:\/\/www.radiomajaguabo.icrt.cu\/index.php?rest_route=%2Fwp%2Fv2%2Fppma_author&post=10369"}],"curies":[{"name":"wp","href":"https:\/\/api.w.org\/{rel}","templated":true}]}}