{"id":10368,"date":"2025-01-19T19:20:47","date_gmt":"2025-01-19T19:20:47","guid":{"rendered":"https:\/\/www.radiomajaguabo.icrt.cu\/?p=10368"},"modified":"2025-01-20T11:27:49","modified_gmt":"2025-01-20T11:27:49","slug":"decretan-duelo-oficial-en-cuba","status":"publish","type":"post","link":"https:\/\/www.radiomajaguabo.icrt.cu\/?p=10368","title":{"rendered":"Decretan Duelo Oficial en Cuba"},"content":{"rendered":"<p>El Primer Secretario del Comit\u00e9 Central del Partido y Presidente de la Rep\u00fablica, Miguel D\u00edaz-Canel Berm\u00fadez, <strong>decret\u00f3 este domingo Duelo Oficial en Cuba, desde las 06:00 horas hasta las 12:00 de la noche, del 20 de enero de 2025.<\/strong><\/p>\n<p>\u201cCon profunda consternaci\u00f3n nuestro pueblo conoci\u00f3 que trece valientes y abnegados militares, con una conducta ejemplar durante el servicio, <a href=\"http:\/\/www.cubadebate.cu\/noticias\/2025\/01\/15\/minfar-informa-sobre-el-fallecimiento-de-los-13-desaparecidos-tras-explosiones-en-holguin\/\" target=\"_blank\" rel=\"noopener\">fallecieron en el intento de sofocar un incendio en una obra que almacenaba material de guerra de la Regi\u00f3n Militar de Holgu\u00edn<\/a>, en el Ej\u00e9rcito Oriental, a riesgo inminente de su propia vida, para evitar la ocurrencia de una cat\u00e1strofe\u201d, indica el Jefe de Estado en el Decreto Presidencial 956, contenido en la Gaceta Oficial de la Rep\u00fablica, en su edici\u00f3n extraordinaria No. 1 de 2025.<\/p>\n<p>Agrega que, <strong>como justo tributo a los trece militares ca\u00eddos en el cumplimiento del deber, en el ejercicio de las atribuciones conferidas por el Art\u00edculo 128, inciso \u00f1) de la Constituci\u00f3n de la Rep\u00fablica de Cuba, indica este homenaje.<\/strong><\/p>\n<ol>\n<li>Jefe de Estado Mayor de la gran unidad, Mayor Leonar Palma Matos.<\/li>\n<li>Jefe de Defensa Antia\u00e9rea de la gran unidad, Mayor Carlos Carre\u00f1o del R\u00edo.<\/li>\n<li>Jefe de Brigada y Explotaci\u00f3n de Obras, Segundo Suboficial Yoennis P\u00e9rez Dur\u00e1n.<\/li>\n<li>T\u00e9cnico en Mantenimiento y Conservaci\u00f3n, Segundo Suboficial Orlebani Tam\u00e9 Torres.<\/li>\n<li>Soldado Leinier\u00a0 Jorge\u00a0 S\u00e1nchez Franco.<\/li>\n<li>Soldado Frank Antonio Hidalgo Almaguer.<\/li>\n<li>Soldado Liander Jos\u00e9 Garc\u00eda Oliva.<\/li>\n<li>Soldado Yunior Hern\u00e1ndez Rojas.<\/li>\n<li>Soldado Rayme Rojas Rojas.<\/li>\n<li>Soldado Carlos Alejandro Acosta Silva.<\/li>\n<li>Soldado Brian L\u00e1zaro Rojas Long.<\/li>\n<li>Soldado Jos\u00e9 Carlos Guerrero Garc\u00eda.<\/li>\n<li>Soldado H\u00e9ctor Adri\u00e1n Batista Zayas.<\/li>\n<\/ol>\n<p>Se dispone que durante la vigencia del Duelo Oficial la bandera de la estrella solitaria se ice a media asta en los edificios p\u00fablicos e instituciones militares. Los ministros de las Fuerzas Armadas Revolucionarias, del Interior y de Relaciones Exteriores, quedan encargados del cumplimiento de lo dispuesto.<\/p>\n<blockquote><p>En\u00a0la madrugada del 7 de enero ocurri\u00f3 un accidente en la mencionada obra con material de guerra. Desde los primeros momentos acudieron al lugar del suceso las autoridades del Partido, el Gobierno, los jefes principales de la Regi\u00f3n Militar y del Estado Mayor del Ej\u00e9rcito, as\u00ed como del Ministerio del Interior, a los cuales se sum\u00f3 una comisi\u00f3n del Ministerio de las Fuerzas Armadas Revolucionarias para esclarecer las causas y condiciones que dieron lugar al hecho.<\/p><\/blockquote>\n<p>Las investigaciones arrojaron que la posible causa est\u00e1 asociada a un fallo el\u00e9ctrico provocado por un cortocircuito en el interior de la instalaci\u00f3n. En un comunicado, el Minfar explic\u00f3 que, a partir de la complejidad extrema en el terreno debido a las explosiones, los efectos de los gases acumulados y los severos da\u00f1os ocasionados, as\u00ed como el peligro real de derrumbes debido a la afectaci\u00f3n estructural de la obra, es inaccesible el sitio del accidente y, en consecuencia, no existe posibilidad alguna de vida en el lugar, concluy\u00f3 la investigaci\u00f3n.<\/p>\n<p>Este lunes, a las nueve de la ma\u00f1ana, en la Plaza de la Revoluci\u00f3n Mayor General Calixto Garc\u00eda, de la provincia de Holgu\u00edn, se efectuar\u00e1 la ceremonia de homenaje p\u00f3stumo a los combatientes.<\/p>\n<p><strong>(Tomado de Granma)<\/strong><\/p>\n","protected":false},"excerpt":{"rendered":"<p>El Primer Secretario del Comit\u00e9 Central del Partido y Presidente de la Rep\u00fablica, Miguel D\u00edaz-Canel Berm\u00fadez, decret\u00f3 este domingo Duelo<\/p>\n<div class='heateor_sss_sharing_container heateor_sss_vertical_sharing heateor_sss_bottom_sharing' style='width:44px;left: -10px;top: 100px;-webkit-box-shadow:none;box-shadow:none;' ><div class=\"heateor_sss_sharing_ul\"><a class=\"heateor_sss_amp heateor_sss_amp_facebook\" href=\"https:\/\/www.facebook.com\/sharer\/sharer.php?u=https%3A%2F%2Fwww.radiomajaguabo.icrt.cu%2Findex.php%3Frest_route%3D%252Fwp%252Fv2%252Fposts%252F10368\" title=\"Facebook\" rel=\"nofollow noopener\" target=\"_blank\"><amp-img src=\"https:\/\/www.radiomajaguabo.icrt.cu\/wp-content\/plugins\/sassy-social-share\/public\/..\/images\/amp\/facebook.svg\" width=\"40\" height=\"40\" alt=\"Facebook\" class=\"amp-wp-enforced-sizes\" style=\"width: 40px;\"><\/amp-img><\/a><a class=\"heateor_sss_amp heateor_sss_amp_linkedin\" href=\"https:\/\/www.linkedin.com\/sharing\/share-offsite\/?url=https%3A%2F%2Fwww.radiomajaguabo.icrt.cu%2Findex.php%3Frest_route%3D%252Fwp%252Fv2%252Fposts%252F10368\" title=\"Linkedin\" rel=\"nofollow noopener\" target=\"_blank\"><amp-img src=\"https:\/\/www.radiomajaguabo.icrt.cu\/wp-content\/plugins\/sassy-social-share\/public\/..\/images\/amp\/linkedin.svg\" width=\"40\" height=\"40\" alt=\"Linkedin\" class=\"amp-wp-enforced-sizes\" style=\"width: 40px;\"><\/amp-img><\/a><a class=\"heateor_sss_amp heateor_sss_amp_whatsapp\" href=\"https:\/\/api.whatsapp.com\/send?text=Radio%20Majaguabo%20-%20Emisora%20Radio%20Majaguabo%2C%20San%20Luis%2C%20Santiago%20de%20Cuba%2C%20Cuba%20https%3A%2F%2Fwww.radiomajaguabo.icrt.cu%2Findex.php%3Frest_route%3D%252Fwp%252Fv2%252Fposts%252F10368\" title=\"Whatsapp\" rel=\"nofollow noopener\" target=\"_blank\"><amp-img src=\"https:\/\/www.radiomajaguabo.icrt.cu\/wp-content\/plugins\/sassy-social-share\/public\/..\/images\/amp\/whatsapp.svg\" width=\"40\" height=\"40\" alt=\"Whatsapp\" class=\"amp-wp-enforced-sizes\" style=\"width: 40px;\"><\/amp-img><\/a><a class=\"heateor_sss_amp heateor_sss_amp_instagram\" href=\"https:\/\/www.instagram.com\/\" title=\"Instagram\" rel=\"nofollow noopener\" target=\"_blank\"><amp-img src=\"https:\/\/www.radiomajaguabo.icrt.cu\/wp-content\/plugins\/sassy-social-share\/public\/..\/images\/amp\/instagram.svg\" width=\"40\" height=\"40\" alt=\"Instagram\" class=\"amp-wp-enforced-sizes\" style=\"width: 40px;\"><\/amp-img><\/a><a class=\"heateor_sss_amp heateor_sss_amp_x\" href=\"https:\/\/twitter.com\/intent\/tweet?text=Radio%20Majaguabo%20-%20Emisora%20Radio%20Majaguabo%2C%20San%20Luis%2C%20Santiago%20de%20Cuba%2C%20Cuba&url=https%3A%2F%2Fwww.radiomajaguabo.icrt.cu%2Findex.php%3Frest_route%3D%252Fwp%252Fv2%252Fposts%252F10368\" title=\"X\" rel=\"nofollow noopener\" target=\"_blank\"><amp-img src=\"https:\/\/www.radiomajaguabo.icrt.cu\/wp-content\/plugins\/sassy-social-share\/public\/..\/images\/amp\/x.svg\" width=\"40\" height=\"40\" alt=\"X\" class=\"amp-wp-enforced-sizes\" style=\"width:40px;\"><\/amp-img><\/a><\/div><div class=\"heateorSssClear\"><\/div><\/div>","protected":false},"author":1,"featured_media":10371,"comment_status":"open","ping_status":"open","sticky":false,"template":"","format":"standard","meta":{"colormag_page_layout":"default_layout","footnotes":""},"categories":[9,8],"tags":[],"ppma_author":[37],"class_list":["post-10368","post","type-post","status-publish","format-standard","has-post-thumbnail","hentry","category-historia","category-nacionales"],"authors":[{"term_id":37,"user_id":1,"is_guest":0,"slug":"alberterie","display_name":"Administrador","avatar_url":"https:\/\/secure.gravatar.com\/avatar\/c7c20c93c5f4c81e7a7dc9b02a42095ae8875c9af446129683aaa06faf7fd1f3?s=96&d=mm&r=g","author_category":"","user_url":"https:\/\/www.radiomajaguabo.icrt.cu","last_name":"Alberterie Rivero","first_name":"Pedro","job_title":"","description":""}],"amp_enabled":true,"_links":{"self":[{"href":"https:\/\/www.radiomajaguabo.icrt.cu\/index.php?rest_route=\/wp\/v2\/posts\/10368","targetHints":{"allow":["GET"]}}],"collection":[{"href":"https:\/\/www.radiomajaguabo.icrt.cu\/index.php?rest_route=\/wp\/v2\/posts"}],"about":[{"href":"https:\/\/www.radiomajaguabo.icrt.cu\/index.php?rest_route=\/wp\/v2\/types\/post"}],"author":[{"embeddable":true,"href":"https:\/\/www.radiomajaguabo.icrt.cu\/index.php?rest_route=\/wp\/v2\/users\/1"}],"replies":[{"embeddable":true,"href":"https:\/\/www.radiomajaguabo.icrt.cu\/index.php?rest_route=%2Fwp%2Fv2%2Fcomments&post=10368"}],"version-history":[{"count":1,"href":"https:\/\/www.radiomajaguabo.icrt.cu\/index.php?rest_route=\/wp\/v2\/posts\/10368\/revisions"}],"predecessor-version":[{"id":10372,"href":"https:\/\/www.radiomajaguabo.icrt.cu\/index.php?rest_route=\/wp\/v2\/posts\/10368\/revisions\/10372"}],"wp:featuredmedia":[{"embeddable":true,"href":"https:\/\/www.radiomajaguabo.icrt.cu\/index.php?rest_route=\/wp\/v2\/media\/10371"}],"wp:attachment":[{"href":"https:\/\/www.radiomajaguabo.icrt.cu\/index.php?rest_route=%2Fwp%2Fv2%2Fmedia&parent=10368"}],"wp:term":[{"taxonomy":"category","embeddable":true,"href":"https:\/\/www.radiomajaguabo.icrt.cu\/index.php?rest_route=%2Fwp%2Fv2%2Fcategories&post=10368"},{"taxonomy":"post_tag","embeddable":true,"href":"https:\/\/www.radiomajaguabo.icrt.cu\/index.php?rest_route=%2Fwp%2Fv2%2Ftags&post=10368"},{"taxonomy":"author","embeddable":true,"href":"https:\/\/www.radiomajaguabo.icrt.cu\/index.php?rest_route=%2Fwp%2Fv2%2Fppma_author&post=10368"}],"curies":[{"name":"wp","href":"https:\/\/api.w.org\/{rel}","templated":true}]}}