{"id":10367,"date":"2025-01-20T11:47:58","date_gmt":"2025-01-20T11:47:58","guid":{"rendered":"https:\/\/www.radiomajaguabo.icrt.cu\/?p=10367"},"modified":"2025-01-20T11:47:58","modified_gmt":"2025-01-20T11:47:58","slug":"sistema-caguayo-a-la-altura-de-sus-monumentos","status":"publish","type":"post","link":"https:\/\/www.radiomajaguabo.icrt.cu\/?p=10367","title":{"rendered":"Sistema Caguayo a la altura de sus monumentos"},"content":{"rendered":"<p>Durante casi todo 2025, en Santiago de Cuba se estar\u00e1 festejando el aniversario 30 de la creaci\u00f3n de la Fundaci\u00f3n Caguayo (FC).<\/p>\n<p>Al decir de Dayron Chang Arranz, integrante de la direcci\u00f3n provincial de la Uni\u00f3n de Escritores y Artistas de Cuba (Uneac):<\/p>\n<blockquote><p>\u201cEn el coraz\u00f3n de la Fundaci\u00f3n late un prop\u00f3sito claro: preservar, promover y enriquecer la identidad cubana a trav\u00e9s del arte monumental y tambi\u00e9n de las artes aplicadas\u201d.<\/p><\/blockquote>\n<p>A finales de septiembre de 1995 nace la FC de la mano del escultor<a href=\"http:\/\/www.cubadebate.cu\/etiqueta\/alberto-lescay\/\" target=\"_blank\" rel=\"noopener\"> Alberto Lescay Merencio<\/a> y si bien fue en un momento complejo: el Per\u00edodo Especial, al colectivo lo alent\u00f3 decisivamente, el respaldo de Fidel, de Hart, de otros l\u00edderes del pa\u00eds, y de infinitas personalidades de la cultura y de otros \u00e1mbitos.<\/p>\n<p><strong>Para esa fecha, ya el conjunto monumental Plaza de la Revoluci\u00f3n Mayor General Antonio Maceo Grajales era la mejor muestra de lo que representar\u00eda el inicio del sue\u00f1o colectivo del FC devenida baluarte de la cultura y de la memoria hist\u00f3rica de Cuba.<\/strong><\/p>\n<p>La celebraci\u00f3n de los 30 de \u201cCaguayo\u201d se resume en un programa amplio y diverso, al que se refirieron el propio Lescay Merencio y Maciel Reyes Aguilera, especialista en arte en la Fundaci\u00f3n.<\/p>\n<p>Hablaron en especial para la prensa escrita, radial y televisiva, y para otros invitados, y explicaron, adem\u00e1s, el impacto de la instituci\u00f3n no solo en la cultura santiaguera sino en la de otros sitios de Cuba y fuera de \u00e9sta.<\/p>\n<p>Ya aconteci\u00f3 la primera actividad. Fue, precisamente, dar a conocer la campa\u00f1a de comunicaci\u00f3n, y tambi\u00e9n, la presentaci\u00f3n del libro digital (en espera de la edici\u00f3n impresa) \u201cPlaza de la Revoluci\u00f3n Antonio Maceo Grajales. Arte y gesti\u00f3n de la escultura conmemorativa\u201d, del Dr.C. para las artes, Ernesto Triguero Tamayo, de Las Tunas, resultado de un proyecto institucional bajo el sello editorial de Caguayo.<\/p>\n<p>La presentaci\u00f3n del libro se concret\u00f3 con una conferencia pormenorizada de la Dra.C. Olga Portuondo sobre la construcci\u00f3n de la Plaza, el significado de esta, y el alcance del texto de Triguero Tamayo, quien igualmente intervino con detalles sobre su publicaci\u00f3n.<\/p>\n<p>Maciel abund\u00f3, con referencias a la campa\u00f1a por el aniversario del Sistema. Dijo que las actividades estar\u00e1n encabezadas por el lema \u201c30 a\u00f1os Caguayo tocando el horizonte\u201d y la imagen s\u00edmbolo de la Fundaci\u00f3n: el monumento al Cimarr\u00f3n, emplazado en lo alto de la loma pr\u00f3xima al poblado de El Cobre, obra de Alberto Lescay.<\/p>\n<div id=\"attachment_1912355\" class=\"wp-caption alignnone size-full wp-image-1912355\"><img loading=\"lazy\" decoding=\"async\" class=\"size-full wp-image-1912355\" src=\"http:\/\/media.cubadebate.cu\/wp-content\/uploads\/2025\/01\/caguayo2.png\" alt=\"\" width=\"580\" height=\"446\" \/><\/p>\n<p class=\"wp-caption-text\">Las actividades estar\u00e1n encabezadas por el lema \u201c30 a\u00f1os Caguayo tocando el horizonte\u201d y la imagen s\u00edmbolo de la Fundaci\u00f3n: el monumento al Cimarr\u00f3n, emplazado en lo alto de la loma pr\u00f3xima al poblado de El Cobre, obra de Alberto Lescay. Foto: Sierra Maestra.<\/p>\n<\/div>\n<p>Otra de las actividades de inicio de la jornada, acontecer\u00e1 en la galer\u00eda Ren\u00e9 Vald\u00e9s Cede\u00f1o, en la Avenida Rafael Manduley, entre las calles 11 y 13, en el reparto Vista Alegre, cuando el 24 de enero a las 17:00 horas, quedar\u00e1 inaugurada \u201cLimbo\u201d, muestra personal del artista de la pl\u00e1stica, Alejandro Lescay Hierrezuelo.<\/p>\n<p>Tambi\u00e9n, dentro del programa aparece la inauguraci\u00f3n del centro cultural El Ingenio, en el marco de la edici\u00f3n 40 del Festival Internacional Jazz Plaza que se desarrollar\u00e1 en esta ciudad, Santa Clara y La Habana, del 26 de enero al 2 de febrero.<\/p>\n<p>Para el mes de abril est\u00e1 prevista en la galer\u00eda Vald\u00e9s Cede\u00f1o, la exposici\u00f3n de Luciano M\u00e9ndez, el mayor coleccionista cubano de obras de arte, que traer\u00e1 a Santiago de Cuba una selecci\u00f3n de piezas de su colecci\u00f3n.<\/p>\n<p>El popular Septeto Santiaguero se suma a las celebraciones de la FC pues la agrupaci\u00f3n musical, que en 2025 cumple igualmente tres d\u00e9cadas sobre los escenarios, realizar\u00e1 un concierto por los dos aniversarios.<\/p>\n<p>Como es tradici\u00f3n, en julio, el primer d\u00eda del Festival del Caribe, ser\u00e1 la inauguraci\u00f3n de la expo de Alberto Lescay Merencio, en la Casa del Caribe, y en la galer\u00eda Ren\u00e9 Vald\u00e9s Cede\u00f1o, la apertura de la expo de Juan Roberto Diago Durruthy. , artista que mantiene un v\u00ednculo muy estrecho con la FC y con el taller de fundici\u00f3n en El Caguayo, Dos Caminos de San Luis.<\/p>\n<p>En septiembre ser\u00e1n varias actividades: la Gala por el 30 aniversario de la FC, en el Sal\u00f3n de los Vitrales de la Plaza de la Revoluci\u00f3n Mayor General Antonio Maceo Grajales; la cancelaci\u00f3n de un sello postal por el aniversario del Sistema Caguayo, en coordinaci\u00f3n con la Empresa de Correos de Cuba; la presentaci\u00f3n de una serie por la efem\u00e9ride, gracias a un proyecto transmedia que abarcar\u00e1 tambi\u00e9n las redes sociales.<\/p>\n<p>Y en octubre quedar\u00e1 abierta la exposici\u00f3n en la galer\u00eda Ren\u00e9 Vald\u00e9s Cede\u00f1o, correspondiente al III Sal\u00f3n de Arte Contempor\u00e1neo \u201cRen\u00e9 Vald\u00e9s Cede\u00f1o\u201d que como continuidad del prop\u00f3sito de la FC, abarcar\u00e1 a creadores de la regi\u00f3n oriental de Cuba, desde Camag\u00fcey hasta Guant\u00e1namo. La convocatoria del certamen y otros detalles sobre este se dar\u00e1n a conocer el pr\u00f3ximo jueves 23 de enero, en \u201cEl Ingenio\u201d, en la calle Enramadas, a las 10:00 horas.<\/p>\n<p>Maciel explic\u00f3, que esta vez el Sal\u00f3n ser\u00e1 m\u00e1s amplio, pues adem\u00e1s del perfil con obras de las artes pl\u00e1sticas se incluye un segmento con proyectos curatoriales. \u201cLa celebraci\u00f3n durar\u00e1 toda una semana y finalizar\u00e1 con las exposiciones\u201d, dijo.<\/p>\n<h3>Maceo, la plaza, el sistema Caguayo y Lescay<\/h3>\n<div id=\"attachment_992959\" class=\"wp-caption alignnone size-large wp-image-992959\"><img loading=\"lazy\" decoding=\"async\" class=\"size-large wp-image-992959\" src=\"http:\/\/media.cubadebate.cu\/wp-content\/uploads\/2017\/12\/plaza-maceo-santiago-580x324.jpg\" alt=\"\" width=\"580\" height=\"324\" \/><\/p>\n<p class=\"wp-caption-text\">Monumento a Antonio Maceo en la plaza que lleva su nombre en Santiago de Cuba. Foto: Archivo.<\/p>\n<\/div>\n<p>Cuando \u201cCaguayo\u201d transita por su a\u00f1o 30 hay que hablar en conjunto -porque estos elementos parecen fusionados- del Sistema; del Taller de Fundici\u00f3n en las proximidades de Dos Caminos; de la Plaza de la Revoluci\u00f3n; del monumento ecuestre de Antonio Maceo llamando al combate; de los 23 machetes; y claro, de Alberto Lescay.<\/p>\n<p><a href=\"http:\/\/Un Maceo que mira a Majaguabo\">http:\/\/Un Maceo que mira a Majaguabo<\/a><\/p>\n<p>En el occidente de Cuba existe desde 1916, un monumento ecuestre de Antonio Maceo, ubicado frente al malec\u00f3n de La Habana. Luego de un concurso, result\u00f3 ganador el proyecto del escultor italiano Dom\u00e9nico Boni, que a lo largo de \u00e9pocas ha sufrido algunas modificaciones, dos de estas ya en la etapa revolucionaria. El monumento conserva su belleza y es un emblema de la Capital.<\/p>\n<p><strong>Pero el emplazamiento en La Habana, en su momento suscit\u00f3 ciertas discrepancias pues algunas voces entend\u00edan que deb\u00edan ser colocadas en Oriente, de donde eran Maceo y su hist\u00f3rica, patri\u00f3tica y mambisa familia.<\/strong><\/p>\n<p>Al respecto, entre otras afirmaciones, el escultor Alberto Lescay Merencio, autor del Maceo a caballo en la Plaza de la Revoluci\u00f3n y al frente del equipo que ejecut\u00f3 la obra en su conjunto, dijo que en Santiago de Cuba \u201c\u2026 no hab\u00eda sido posible realizar un monumento digno al Tit\u00e1n de Bronce. Por eso no se hab\u00eda hecho, ya que siempre parec\u00eda que deb\u00eda ser de mayor dimensi\u00f3n -no estoy hablando de dimensi\u00f3n f\u00edsica sino en todos los sentidos-. Y lleg\u00f3 el momento y coincidi\u00f3 con esa suerte que tiene uno\u2026 que tenemos todos los que estamos aqu\u00ed de coincidir con estos momentos hist\u00f3ricos de nuestro pa\u00eds, de nuestra Revoluci\u00f3n\u201d. Y agreg\u00f3:<\/p>\n<blockquote><p>\u201cNosotros nos sentimos profundamente identificados con la historia de esta Plaza. Por eso estamos hablando, sobre todo para los periodistas, los comunicadores, los profesionales, para que se entienda que la historia del Sistema Caguayo parte de la historia de esta Plaza; como tambi\u00e9n la historia del Taller Caguayo es la g\u00e9nesis del Sistema Caguayo; Ese taller se hizo para hacer esta Plaza.<\/p><\/blockquote>\n<p>\u201cComo ven hay un enlace muy hermoso y cualquier referencia debe enfocarse con ese elemento de integralidad, pues es un tejido de muchos matices que hay que hilvanar para poder trasmitir un discurso coherente\u201d.<\/p>\n<p>A\u00f1adi\u00f3 luego: \u201cHe pensado mucho en los que ya no est\u00e1n con nosotros aqu\u00ed, Me cuesta mucho hablar de esos temas en el \u00e1mbito sentimental pero creo que es obligado empezar por hablar de Guarionex Ferrer (el creador de los 23 machetes de la Plaza) , de Joel James, de Marino Wilson Jay, de Cos Causse, y de otros que colaboraron mucho y que fueron parte del equipo que \u00b4escribi\u00f3\u00b4 toda esta historia; algunos trabajadores del taller, que ya no tenemos; otros que est\u00e1n viejitos o enfermos; aqu\u00ed est\u00e1n algunos fundadores de esta historia; est\u00e1 Oneida\u2026 es la jefa del Taller Caguayo y lleva treinta y pico de a\u00f1os all\u00ed\u2026 ella empez\u00f3 antes de la fundaci\u00f3n\u201d.<\/p>\n<p>Entonces, est\u00e1 m\u00e1s que justificado la amplitud del programa de actividades y que estos cubran casi un a\u00f1o para festejar las tres d\u00e9cadas del Sistema Caguayo. La cultura cubana se enorgullece de contar con un colectivo as\u00ed, empe\u00f1ado en ser un emprendedor eterno y estar a la altura de sus obras monumentales.<\/p>\n<p><strong>(Tomado de <a href=\"https:\/\/sierramaestra.cu\/index.php\/cultura\/item\/12689-sistema-caguayo-a-la-altura-de-sus-monumentos\" target=\"_blank\" rel=\"nofollow noopener\">Sierra Maestra<\/a>)<\/strong><\/p>\n","protected":false},"excerpt":{"rendered":"<p>Durante casi todo 2025, en Santiago de Cuba se estar\u00e1 festejando el aniversario 30 de la creaci\u00f3n de la Fundaci\u00f3n<\/p>\n<div class='heateor_sss_sharing_container heateor_sss_vertical_sharing heateor_sss_bottom_sharing' style='width:44px;left: -10px;top: 100px;-webkit-box-shadow:none;box-shadow:none;' ><div class=\"heateor_sss_sharing_ul\"><a class=\"heateor_sss_amp heateor_sss_amp_facebook\" href=\"https:\/\/www.facebook.com\/sharer\/sharer.php?u=https%3A%2F%2Fwww.radiomajaguabo.icrt.cu%2Findex.php%3Frest_route%3D%252Fwp%252Fv2%252Fposts%252F10367\" title=\"Facebook\" rel=\"nofollow noopener\" target=\"_blank\"><amp-img src=\"https:\/\/www.radiomajaguabo.icrt.cu\/wp-content\/plugins\/sassy-social-share\/public\/..\/images\/amp\/facebook.svg\" width=\"40\" height=\"40\" alt=\"Facebook\" class=\"amp-wp-enforced-sizes\" style=\"width: 40px;\"><\/amp-img><\/a><a class=\"heateor_sss_amp heateor_sss_amp_linkedin\" href=\"https:\/\/www.linkedin.com\/sharing\/share-offsite\/?url=https%3A%2F%2Fwww.radiomajaguabo.icrt.cu%2Findex.php%3Frest_route%3D%252Fwp%252Fv2%252Fposts%252F10367\" title=\"Linkedin\" rel=\"nofollow noopener\" target=\"_blank\"><amp-img src=\"https:\/\/www.radiomajaguabo.icrt.cu\/wp-content\/plugins\/sassy-social-share\/public\/..\/images\/amp\/linkedin.svg\" width=\"40\" height=\"40\" alt=\"Linkedin\" class=\"amp-wp-enforced-sizes\" style=\"width: 40px;\"><\/amp-img><\/a><a class=\"heateor_sss_amp heateor_sss_amp_whatsapp\" href=\"https:\/\/api.whatsapp.com\/send?text=Radio%20Majaguabo%20-%20Emisora%20Radio%20Majaguabo%2C%20San%20Luis%2C%20Santiago%20de%20Cuba%2C%20Cuba%20https%3A%2F%2Fwww.radiomajaguabo.icrt.cu%2Findex.php%3Frest_route%3D%252Fwp%252Fv2%252Fposts%252F10367\" title=\"Whatsapp\" rel=\"nofollow noopener\" target=\"_blank\"><amp-img src=\"https:\/\/www.radiomajaguabo.icrt.cu\/wp-content\/plugins\/sassy-social-share\/public\/..\/images\/amp\/whatsapp.svg\" width=\"40\" height=\"40\" alt=\"Whatsapp\" class=\"amp-wp-enforced-sizes\" style=\"width: 40px;\"><\/amp-img><\/a><a class=\"heateor_sss_amp heateor_sss_amp_instagram\" href=\"https:\/\/www.instagram.com\/\" title=\"Instagram\" rel=\"nofollow noopener\" target=\"_blank\"><amp-img src=\"https:\/\/www.radiomajaguabo.icrt.cu\/wp-content\/plugins\/sassy-social-share\/public\/..\/images\/amp\/instagram.svg\" width=\"40\" height=\"40\" alt=\"Instagram\" class=\"amp-wp-enforced-sizes\" style=\"width: 40px;\"><\/amp-img><\/a><a class=\"heateor_sss_amp heateor_sss_amp_x\" href=\"https:\/\/twitter.com\/intent\/tweet?text=Radio%20Majaguabo%20-%20Emisora%20Radio%20Majaguabo%2C%20San%20Luis%2C%20Santiago%20de%20Cuba%2C%20Cuba&url=https%3A%2F%2Fwww.radiomajaguabo.icrt.cu%2Findex.php%3Frest_route%3D%252Fwp%252Fv2%252Fposts%252F10367\" title=\"X\" rel=\"nofollow noopener\" target=\"_blank\"><amp-img src=\"https:\/\/www.radiomajaguabo.icrt.cu\/wp-content\/plugins\/sassy-social-share\/public\/..\/images\/amp\/x.svg\" width=\"40\" height=\"40\" alt=\"X\" class=\"amp-wp-enforced-sizes\" style=\"width:40px;\"><\/amp-img><\/a><\/div><div class=\"heateorSssClear\"><\/div><\/div>","protected":false},"author":1,"featured_media":10374,"comment_status":"open","ping_status":"open","sticky":false,"template":"","format":"standard","meta":{"colormag_page_layout":"default_layout","footnotes":""},"categories":[6,9,8],"tags":[],"ppma_author":[37,59],"class_list":["post-10367","post","type-post","status-publish","format-standard","has-post-thumbnail","hentry","category-cultura","category-historia","category-nacionales"],"authors":[{"term_id":37,"user_id":1,"is_guest":0,"slug":"alberterie","display_name":"Administrador","avatar_url":"https:\/\/secure.gravatar.com\/avatar\/c7c20c93c5f4c81e7a7dc9b02a42095ae8875c9af446129683aaa06faf7fd1f3?s=96&d=mm&r=g","author_category":"","user_url":"https:\/\/www.radiomajaguabo.icrt.cu","last_name":"Alberterie Rivero","first_name":"Pedro","job_title":"","description":""},{"term_id":59,"user_id":11,"is_guest":0,"slug":"sierra-maestra","display_name":"Sierra Maestra","avatar_url":"https:\/\/secure.gravatar.com\/avatar\/0217edbe7a74a5a02df7274e385176d742f752deac341364166018addf22dffc?s=96&d=mm&r=g","author_category":"","user_url":"http:\/\/www.sierramaestra.cu","last_name":"","first_name":"Sierra Maestra","job_title":"","description":""}],"amp_enabled":true,"_links":{"self":[{"href":"https:\/\/www.radiomajaguabo.icrt.cu\/index.php?rest_route=\/wp\/v2\/posts\/10367","targetHints":{"allow":["GET"]}}],"collection":[{"href":"https:\/\/www.radiomajaguabo.icrt.cu\/index.php?rest_route=\/wp\/v2\/posts"}],"about":[{"href":"https:\/\/www.radiomajaguabo.icrt.cu\/index.php?rest_route=\/wp\/v2\/types\/post"}],"author":[{"embeddable":true,"href":"https:\/\/www.radiomajaguabo.icrt.cu\/index.php?rest_route=\/wp\/v2\/users\/1"}],"replies":[{"embeddable":true,"href":"https:\/\/www.radiomajaguabo.icrt.cu\/index.php?rest_route=%2Fwp%2Fv2%2Fcomments&post=10367"}],"version-history":[{"count":1,"href":"https:\/\/www.radiomajaguabo.icrt.cu\/index.php?rest_route=\/wp\/v2\/posts\/10367\/revisions"}],"predecessor-version":[{"id":10375,"href":"https:\/\/www.radiomajaguabo.icrt.cu\/index.php?rest_route=\/wp\/v2\/posts\/10367\/revisions\/10375"}],"wp:featuredmedia":[{"embeddable":true,"href":"https:\/\/www.radiomajaguabo.icrt.cu\/index.php?rest_route=\/wp\/v2\/media\/10374"}],"wp:attachment":[{"href":"https:\/\/www.radiomajaguabo.icrt.cu\/index.php?rest_route=%2Fwp%2Fv2%2Fmedia&parent=10367"}],"wp:term":[{"taxonomy":"category","embeddable":true,"href":"https:\/\/www.radiomajaguabo.icrt.cu\/index.php?rest_route=%2Fwp%2Fv2%2Fcategories&post=10367"},{"taxonomy":"post_tag","embeddable":true,"href":"https:\/\/www.radiomajaguabo.icrt.cu\/index.php?rest_route=%2Fwp%2Fv2%2Ftags&post=10367"},{"taxonomy":"author","embeddable":true,"href":"https:\/\/www.radiomajaguabo.icrt.cu\/index.php?rest_route=%2Fwp%2Fv2%2Fppma_author&post=10367"}],"curies":[{"name":"wp","href":"https:\/\/api.w.org\/{rel}","templated":true}]}}