{"id":10355,"date":"2025-01-16T23:54:07","date_gmt":"2025-01-16T23:54:07","guid":{"rendered":"https:\/\/www.radiomajaguabo.icrt.cu\/?p=10355"},"modified":"2025-01-17T12:02:04","modified_gmt":"2025-01-17T12:02:04","slug":"presidente-cubano-visita-la-provincia-de-pinar-del-rio-y-artemisa","status":"publish","type":"post","link":"https:\/\/www.radiomajaguabo.icrt.cu\/?p=10355","title":{"rendered":"Presidente cubano visita la provincia de Pinar del R\u00edo y Artemisa"},"content":{"rendered":"<p><strong>El presidente Miguel D\u00edaz-Canel Berm\u00fadez visit\u00f3 la provincia de Pinar del R\u00edo,<\/strong> donde se centr\u00f3 en el sector tabacalero y la innovaci\u00f3n agr\u00edcola. <strong>Su primera parada fue en la finca de Reinel Rojas Medina, un destacado productor de tabaco. <\/strong><\/p>\n<p>En esta finca, que abarca 68 hect\u00e1reas, 27 est\u00e1n dedicadas a la producci\u00f3n de tabaco, mientras que el resto se utiliza para cultivos diversos que aseguran la alimentaci\u00f3n de los trabajadores y contribuyen al consumo social.<\/p>\n<div id=\"attachment_1911727\" class=\"wp-caption aligncenter size-large wp-image-1911727\"><img loading=\"lazy\" decoding=\"async\" class=\"size-large wp-image-1911727\" src=\"http:\/\/media.cubadebate.cu\/wp-content\/uploads\/2025\/01\/photo_4920331319486033245_y-580x387.jpg\" sizes=\"auto, (max-width: 580px) 100vw, 580px\" srcset=\"http:\/\/media.cubadebate.cu\/wp-content\/uploads\/2025\/01\/photo_4920331319486033245_y-580x387.jpg 580w,http:\/\/media.cubadebate.cu\/wp-content\/uploads\/2025\/01\/photo_4920331319486033245_y-768x512.jpg 768w,http:\/\/media.cubadebate.cu\/wp-content\/uploads\/2025\/01\/photo_4920331319486033245_y.jpg 1044w\" alt=\"\" width=\"580\" height=\"387\" \/><\/p>\n<p class=\"wp-caption-text\">Se evidencian buenos resultados en las producciones a partir de la innovaci\u00f3n.<\/p>\n<\/div>\n<p>D\u00edaz-Canel destac\u00f3 los buenos resultados obtenidos a trav\u00e9s de la innovaci\u00f3n, especialmente en el proceso de cura controlada del tabaco, que ha permitido reducir el tiempo de este proceso de 45 a solo 20 d\u00edas.<\/p>\n<div id=\"attachment_1911728\" class=\"wp-caption aligncenter size-large wp-image-1911728\"><img loading=\"lazy\" decoding=\"async\" class=\"size-large wp-image-1911728\" src=\"http:\/\/media.cubadebate.cu\/wp-content\/uploads\/2025\/01\/photo_4920331319486033243_y-580x387.jpg\" sizes=\"auto, (max-width: 580px) 100vw, 580px\" srcset=\"http:\/\/media.cubadebate.cu\/wp-content\/uploads\/2025\/01\/photo_4920331319486033243_y-580x387.jpg 580w,http:\/\/media.cubadebate.cu\/wp-content\/uploads\/2025\/01\/photo_4920331319486033243_y-768x512.jpg 768w,http:\/\/media.cubadebate.cu\/wp-content\/uploads\/2025\/01\/photo_4920331319486033243_y.jpg 1044w\" alt=\"\" width=\"580\" height=\"387\" \/><\/p>\n<p class=\"wp-caption-text\">Se evidencian buenos resultados en las producciones a partir de la innovaci\u00f3n.<\/p>\n<\/div>\n<p>Acompa\u00f1ado por Roberto Morales Ojeda, integrante del Bur\u00f3 Pol\u00edtico y secretario de Organizaci\u00f3n del Comit\u00e9 Central del Partido, y las m\u00e1ximas autoridades de Vueltabajo, <strong>se interes\u00f3 por la fuerza de trabajo, un centenar<\/strong> <strong>de hombres, en su mayor\u00eda j\u00f3venes que estuvieron desvinculados del empleo.<\/strong><\/p>\n<p>De 35 a\u00f1os de edad y nominado este a\u00f1o a Hombre Habano, Reinel lleva 13 a\u00f1os dedicado el principal rubro exportable de la agricultura cubana y cuenta, adem\u00e1s, con una escogida particular.<\/p>\n<p>En la finca tambi\u00e9n se produce arroz, frijoles, pl\u00e1tano, huevos para el autoabastecimiento familiar y de los trabajadores.<\/p>\n<p>Asimismo <strong>visit\u00f3 la Empresa de Productos L\u00e1cteos y Confiter\u00eda Ra\u00fal Fornet.<\/strong> All\u00ed se han arrendado espacios a diversos actores econ\u00f3micos, lo cual ha permitido incrementar las ofertas a la poblaci\u00f3n.<\/p>\n<p>\u201cEste es el camino del encadenamiento productivo\u201d, consider\u00f3 el presidente luego de visitar las mipymes De Rojas y J&amp;Jsergen, ubicadas en \u00e1reas arrendadas a la Empresa de Productos L\u00e1cteos.\u00a0Los ingresos que ambas obtienen les permiten cumplir con encargos estatales en varios sectores.<\/p>\n<div id=\"attachment_1911729\" class=\"wp-caption aligncenter size-large wp-image-1911729\"><img loading=\"lazy\" decoding=\"async\" class=\"size-large wp-image-1911729\" src=\"http:\/\/media.cubadebate.cu\/wp-content\/uploads\/2025\/01\/photo_4920331319486033249_y-580x434.jpg\" sizes=\"auto, (max-width: 580px) 100vw, 580px\" srcset=\"http:\/\/media.cubadebate.cu\/wp-content\/uploads\/2025\/01\/photo_4920331319486033249_y-580x434.jpg 580w,http:\/\/media.cubadebate.cu\/wp-content\/uploads\/2025\/01\/photo_4920331319486033249_y-768x575.jpg 768w,http:\/\/media.cubadebate.cu\/wp-content\/uploads\/2025\/01\/photo_4920331319486033249_y.jpg 1080w\" alt=\"\" width=\"580\" height=\"434\" \/><\/p>\n<p class=\"wp-caption-text\">La Empresa de Productos L\u00e1cteos y Confiter\u00eda \u00abRa\u00fal Fornet\u00bb fue el siguiente lugar visitado.<\/p>\n<\/div>\n<p>El mandatario tambi\u00e9n<strong> lleg\u00f3 hasta el hospital provincial Abel Santamar\u00eda, un centro esencial para la atenci\u00f3n de la poblaci\u00f3n en Pinar del R\u00edo,<\/strong> donde la complejidad econ\u00f3mica del pa\u00eds ha impedido llevar a cabo todas las acciones de mantenimiento necesarias.<\/p>\n<p>Tras visitar la sala de hemodi\u00e1lisis, D\u00edaz-Canel lleg\u00f3 a la de neonatolog\u00eda, inaugurada hace dos a\u00f1os y considerada una de las mejores del pa\u00eds. All\u00ed conoci\u00f3 que el colectivo est\u00e1 integrado, en su mayor\u00eda, por mujeres muy consagradas.<\/p>\n<div id=\"attachment_1911730\" class=\"wp-caption aligncenter size-large wp-image-1911730\"><img loading=\"lazy\" decoding=\"async\" class=\"size-large wp-image-1911730\" src=\"http:\/\/media.cubadebate.cu\/wp-content\/uploads\/2025\/01\/photo_4920331319486033251_y-580x387.jpg\" sizes=\"auto, (max-width: 580px) 100vw, 580px\" srcset=\"http:\/\/media.cubadebate.cu\/wp-content\/uploads\/2025\/01\/photo_4920331319486033251_y-580x387.jpg 580w,http:\/\/media.cubadebate.cu\/wp-content\/uploads\/2025\/01\/photo_4920331319486033251_y-768x512.jpg 768w,http:\/\/media.cubadebate.cu\/wp-content\/uploads\/2025\/01\/photo_4920331319486033251_y.jpg 1080w\" alt=\"\" width=\"580\" height=\"387\" \/><\/p>\n<p class=\"wp-caption-text\">Hasta el hospital provincial \u00abAbel Santamar\u00eda\u00bb lleg\u00f3 el Presidente<\/p>\n<\/div>\n<div id=\"anexos_list\" data-nocrono=\"\" data-parent-id=\"1911724\">\n<section id=\"anexo-1911820\" class=\"anexos-article relevant_anexo\" data-anexos-id=\"1911820\" data-time=\"2025-01-16 20:28:23\">\n<header>\n<h3>Logramos una victoria y le demostramos al mundo que ten\u00edamos la raz\u00f3n<\/h3>\n<div class=\"break\"><\/div>\n<\/header>\n<div class=\"section-body\">\n<div id=\"attachment_1911821\" class=\"wp-caption aligncenter size-full wp-image-1911821\"><img loading=\"lazy\" decoding=\"async\" class=\"size-full wp-image-1911821\" src=\"http:\/\/media.cubadebate.cu\/wp-content\/uploads\/2025\/01\/diaz-canel-en-artemisa-e1737076838140.jpg\" alt=\"\" width=\"940\" height=\"627\" \/><\/p>\n<p class=\"wp-caption-text\">La direccion de gobierno en Unidad Empresarial de Base San Pedro.<\/p>\n<\/div>\n<p>Por la Unidad Empresarial de Base San Pedro, que pertenece a la Empresa Gen\u00e9tica Porcina del municipio cabecera de la provincia de Artemisa, comenz\u00f3 el presidente Miguel D\u00edaz-Canel Berm\u00fadez su recorrido, en la tarde de este jueves, por el territorio.<\/p>\n<p>Juan Carlos Hern\u00e1ndez, director, explic\u00f3 al mandatario las prioridades de un centro cuyo objeto social es el logro de reproductores de cerdos, de la raza criolla, que hace d\u00e9cadas, cuando naci\u00f3 la unidad productiva, despert\u00f3 especial inter\u00e9s en el Comandante en Jefe Fidel.<\/p>\n<p>El mandatario se interes\u00f3 por el nivel de ingresos de los trabajadores, por los modos de alimentaci\u00f3n y crianza de la masa porcina, y en el recorrido escuch\u00f3 explicaci\u00f3n detallada sobre la labor gen\u00e9tica que se realiza para mejorar la calidad de los ejemplares reproductores.<\/p>\n<p>El segundo punto en el itinerario fue el Hospital Provincial General Docente Ciro Redondo Garc\u00eda, a donde lleg\u00f3 el mandatario acompa\u00f1ado de Roberto Morales Ojeda.<\/p>\n<p>All\u00ed fue puesto al tanto del proceso recuperativo vivido en la instituci\u00f3n tras el paso del hurac\u00e1n Rafael.<\/p>\n<blockquote><p>Viendo los detalles de la recuperaci\u00f3n, el Jefe de Estado elogi\u00f3 el cuidado que se ha puesto en el acabado de techos e instalaci\u00f3n de luminarias en la Sala de Cuidados Intensivos.<\/p><\/blockquote>\n<p>Ustedes, ante el cicl\u00f3n, supieron reponerse y organizaron bien los servicios, dijo el Presidente a los trabajadores del hospital, quien hab\u00eda estado all\u00ed en las primeras horas luego del paso del hurac\u00e1n.<\/p>\n<div id=\"attachment_1911822\" class=\"wp-caption aligncenter size-full wp-image-1911822\"><img loading=\"lazy\" decoding=\"async\" class=\"size-full wp-image-1911822\" src=\"http:\/\/media.cubadebate.cu\/wp-content\/uploads\/2025\/01\/diaz-canel-en-artemisa-2-hospital-e1737076961195.jpg\" alt=\"\" width=\"940\" height=\"627\" \/><\/p>\n<p class=\"wp-caption-text\">En el Hospital Provincial General Docente Ciro Redondo Garc\u00eda<\/p>\n<\/div>\n<p>El recorrido tuvo como tercer destino a la Unidad Empresarial de Base Tom\u00e1s \u00c1lvarez Brito, lugar del cual nacen componentes necesarios para obras constructivas.<\/p>\n<p>Bloques, losas hexagonales, mosaicos, entre otros insumos, se hacen en la Unidad Empresarial, y el destino es el programa de construcci\u00f3n de viviendas.<\/p>\n<p>La instalaci\u00f3n sufri\u00f3 el paso del hurac\u00e1n Rafael, sobre todo en sus techos.<\/p>\n<div id=\"attachment_1911823\" class=\"wp-caption aligncenter size-full wp-image-1911823\"><img loading=\"lazy\" decoding=\"async\" class=\"size-full wp-image-1911823\" src=\"http:\/\/media.cubadebate.cu\/wp-content\/uploads\/2025\/01\/diaz-canel-artemisa-bloque-e1737077128530.jpg\" alt=\"\" width=\"940\" height=\"627\" \/><\/p>\n<p class=\"wp-caption-text\">Presidente cubano en Artemisa.<\/p>\n<\/div>\n<p>El barrio Neptuno, en transformaci\u00f3n, fue el siguiente punto en el recorrido.<\/p>\n<p>Entre los beneficios de la comunidad, est\u00e1n la disponibilidad de agua -gracias a una turbina que funciona con sistema de paneles solares-, gas, consultorio m\u00e9dico y bodega remodelada.<\/p>\n<p>Ahora hay que seguir, dijo el Presidente a los pobladores, en alusi\u00f3n a continuar mejorando y embelleciendo el lugar.<\/p>\n<p>Al conversar con los habitantes del barrio en transformaci\u00f3n, coment\u00f3 que todo lo hecho demuestra que, aunque los tiempos son dif\u00edciles, \u00abpodemos hacer cosas\u00bb.<\/p>\n<p>Destac\u00f3 tambi\u00e9n la importancia del control popular, y de seguir participando en el mejoramiento de la comunidad.<\/p>\n<p>Sobre que hayan sacado a Cuba de la lista de pa\u00edses supuestamente patrocinadores del terrorismo, el Presidente dijo: \u201cAhora en estos d\u00edas hemos tenido una victoria; tuvieron que reconocer que los reclamos de Cuba eran justos\u201d.<\/p>\n<p>\u201cLogramos una victoria y le demostramos al mundo que ten\u00edamos la raz\u00f3n\u201d, expres\u00f3 el mandatario.<\/p>\n<\/div>\n<\/section>\n<\/div>\n","protected":false},"excerpt":{"rendered":"<p>El presidente Miguel D\u00edaz-Canel Berm\u00fadez visit\u00f3 la provincia de Pinar del R\u00edo, donde se centr\u00f3 en el sector tabacalero y<\/p>\n<div class='heateor_sss_sharing_container heateor_sss_vertical_sharing heateor_sss_bottom_sharing' style='width:44px;left: -10px;top: 100px;-webkit-box-shadow:none;box-shadow:none;' ><div class=\"heateor_sss_sharing_ul\"><a class=\"heateor_sss_amp heateor_sss_amp_facebook\" href=\"https:\/\/www.facebook.com\/sharer\/sharer.php?u=https%3A%2F%2Fwww.radiomajaguabo.icrt.cu%2Findex.php%3Frest_route%3D%252Fwp%252Fv2%252Fposts%252F10355\" title=\"Facebook\" rel=\"nofollow noopener\" target=\"_blank\"><amp-img src=\"https:\/\/www.radiomajaguabo.icrt.cu\/wp-content\/plugins\/sassy-social-share\/public\/..\/images\/amp\/facebook.svg\" width=\"40\" height=\"40\" alt=\"Facebook\" class=\"amp-wp-enforced-sizes\" style=\"width: 40px;\"><\/amp-img><\/a><a class=\"heateor_sss_amp heateor_sss_amp_linkedin\" href=\"https:\/\/www.linkedin.com\/sharing\/share-offsite\/?url=https%3A%2F%2Fwww.radiomajaguabo.icrt.cu%2Findex.php%3Frest_route%3D%252Fwp%252Fv2%252Fposts%252F10355\" title=\"Linkedin\" rel=\"nofollow noopener\" target=\"_blank\"><amp-img src=\"https:\/\/www.radiomajaguabo.icrt.cu\/wp-content\/plugins\/sassy-social-share\/public\/..\/images\/amp\/linkedin.svg\" width=\"40\" height=\"40\" alt=\"Linkedin\" class=\"amp-wp-enforced-sizes\" style=\"width: 40px;\"><\/amp-img><\/a><a class=\"heateor_sss_amp heateor_sss_amp_whatsapp\" href=\"https:\/\/api.whatsapp.com\/send?text=Radio%20Majaguabo%20-%20Emisora%20Radio%20Majaguabo%2C%20San%20Luis%2C%20Santiago%20de%20Cuba%2C%20Cuba%20https%3A%2F%2Fwww.radiomajaguabo.icrt.cu%2Findex.php%3Frest_route%3D%252Fwp%252Fv2%252Fposts%252F10355\" title=\"Whatsapp\" rel=\"nofollow noopener\" target=\"_blank\"><amp-img src=\"https:\/\/www.radiomajaguabo.icrt.cu\/wp-content\/plugins\/sassy-social-share\/public\/..\/images\/amp\/whatsapp.svg\" width=\"40\" height=\"40\" alt=\"Whatsapp\" class=\"amp-wp-enforced-sizes\" style=\"width: 40px;\"><\/amp-img><\/a><a class=\"heateor_sss_amp heateor_sss_amp_instagram\" href=\"https:\/\/www.instagram.com\/\" title=\"Instagram\" rel=\"nofollow noopener\" target=\"_blank\"><amp-img src=\"https:\/\/www.radiomajaguabo.icrt.cu\/wp-content\/plugins\/sassy-social-share\/public\/..\/images\/amp\/instagram.svg\" width=\"40\" height=\"40\" alt=\"Instagram\" class=\"amp-wp-enforced-sizes\" style=\"width: 40px;\"><\/amp-img><\/a><a class=\"heateor_sss_amp heateor_sss_amp_x\" href=\"https:\/\/twitter.com\/intent\/tweet?text=Radio%20Majaguabo%20-%20Emisora%20Radio%20Majaguabo%2C%20San%20Luis%2C%20Santiago%20de%20Cuba%2C%20Cuba&url=https%3A%2F%2Fwww.radiomajaguabo.icrt.cu%2Findex.php%3Frest_route%3D%252Fwp%252Fv2%252Fposts%252F10355\" title=\"X\" rel=\"nofollow noopener\" target=\"_blank\"><amp-img src=\"https:\/\/www.radiomajaguabo.icrt.cu\/wp-content\/plugins\/sassy-social-share\/public\/..\/images\/amp\/x.svg\" width=\"40\" height=\"40\" alt=\"X\" class=\"amp-wp-enforced-sizes\" style=\"width:40px;\"><\/amp-img><\/a><\/div><div class=\"heateorSssClear\"><\/div><\/div>","protected":false},"author":1,"featured_media":10356,"comment_status":"open","ping_status":"open","sticky":false,"template":"","format":"standard","meta":{"colormag_page_layout":"default_layout","footnotes":""},"categories":[8],"tags":[],"ppma_author":[37,361],"class_list":["post-10355","post","type-post","status-publish","format-standard","has-post-thumbnail","hentry","category-nacionales"],"authors":[{"term_id":37,"user_id":1,"is_guest":0,"slug":"alberterie","display_name":"Administrador","avatar_url":"https:\/\/secure.gravatar.com\/avatar\/c7c20c93c5f4c81e7a7dc9b02a42095ae8875c9af446129683aaa06faf7fd1f3?s=96&d=mm&r=g","author_category":"","user_url":"https:\/\/www.radiomajaguabo.icrt.cu","last_name":"Alberterie Rivero","first_name":"Pedro","job_title":"","description":""},{"term_id":361,"user_id":15,"is_guest":0,"slug":"cubadebate","display_name":"Cubadebate","avatar_url":"https:\/\/secure.gravatar.com\/avatar\/dea41543675ed9bce0a3a1aadc84cffab8b405e1b91699c20cedb5cd80dc31b2?s=96&d=mm&r=g","author_category":"","user_url":"http:\/\/www.cubadebate.cu\/","last_name":"","first_name":"Cubadebate","job_title":"","description":""}],"amp_enabled":true,"_links":{"self":[{"href":"https:\/\/www.radiomajaguabo.icrt.cu\/index.php?rest_route=\/wp\/v2\/posts\/10355","targetHints":{"allow":["GET"]}}],"collection":[{"href":"https:\/\/www.radiomajaguabo.icrt.cu\/index.php?rest_route=\/wp\/v2\/posts"}],"about":[{"href":"https:\/\/www.radiomajaguabo.icrt.cu\/index.php?rest_route=\/wp\/v2\/types\/post"}],"author":[{"embeddable":true,"href":"https:\/\/www.radiomajaguabo.icrt.cu\/index.php?rest_route=\/wp\/v2\/users\/1"}],"replies":[{"embeddable":true,"href":"https:\/\/www.radiomajaguabo.icrt.cu\/index.php?rest_route=%2Fwp%2Fv2%2Fcomments&post=10355"}],"version-history":[{"count":1,"href":"https:\/\/www.radiomajaguabo.icrt.cu\/index.php?rest_route=\/wp\/v2\/posts\/10355\/revisions"}],"predecessor-version":[{"id":10357,"href":"https:\/\/www.radiomajaguabo.icrt.cu\/index.php?rest_route=\/wp\/v2\/posts\/10355\/revisions\/10357"}],"wp:featuredmedia":[{"embeddable":true,"href":"https:\/\/www.radiomajaguabo.icrt.cu\/index.php?rest_route=\/wp\/v2\/media\/10356"}],"wp:attachment":[{"href":"https:\/\/www.radiomajaguabo.icrt.cu\/index.php?rest_route=%2Fwp%2Fv2%2Fmedia&parent=10355"}],"wp:term":[{"taxonomy":"category","embeddable":true,"href":"https:\/\/www.radiomajaguabo.icrt.cu\/index.php?rest_route=%2Fwp%2Fv2%2Fcategories&post=10355"},{"taxonomy":"post_tag","embeddable":true,"href":"https:\/\/www.radiomajaguabo.icrt.cu\/index.php?rest_route=%2Fwp%2Fv2%2Ftags&post=10355"},{"taxonomy":"author","embeddable":true,"href":"https:\/\/www.radiomajaguabo.icrt.cu\/index.php?rest_route=%2Fwp%2Fv2%2Fppma_author&post=10355"}],"curies":[{"name":"wp","href":"https:\/\/api.w.org\/{rel}","templated":true}]}}