{"id":101,"date":"2022-06-25T14:58:45","date_gmt":"2022-06-25T14:58:45","guid":{"rendered":"https:\/\/localhost\/radiomajaguabo\/?p=101"},"modified":"2022-06-25T14:58:45","modified_gmt":"2022-06-25T14:58:45","slug":"gobierno-cubano-prioriza-participacion-popular-en-su-gestion","status":"publish","type":"post","link":"https:\/\/www.radiomajaguabo.icrt.cu\/?p=101","title":{"rendered":"Gobierno cubano prioriza participaci\u00f3n popular en su gesti\u00f3n"},"content":{"rendered":"<div class=\"elementor-element elementor-element-44014e52 elementor-widget elementor-widget-theme-post-excerpt\" data-id=\"44014e52\" data-element_type=\"widget\" data-widget_type=\"theme-post-excerpt.default\">\n<div class=\"elementor-widget-container\">La Habana, 25 jun (Prensa Latina) El Gobierno cubano prioriza la participaci\u00f3n popular en la b\u00fasqueda de soluciones y la toma de decisiones, trascendi\u00f3 esta semana aqu\u00ed, donde la gesti\u00f3n gubernamental incluy\u00f3 visitas a territorios y encuentros con autoridades locales.<\/div>\n<\/div>\n<p><!--more--><\/p>\n<div class=\"elementor-element elementor-element-27865fbc elementor-share-buttons--view-icon elementor-share-buttons--skin-minimal elementor-share-buttons--shape-circle elementor-share-buttons--color-custom elementor-grid-0 elementor-widget elementor-widget-share-buttons\" data-id=\"27865fbc\" data-element_type=\"widget\" data-widget_type=\"share-buttons.default\">\n<div class=\"elementor-widget-container\">\n<div class=\"elementor-grid\">\n<div class=\"elementor-grid-item\"><\/div>\n<\/div>\n<\/div>\n<\/div>\n<div class=\"elementor-element elementor-element-560e1f7e elementor-widget elementor-widget-theme-post-content\" data-id=\"560e1f7e\" data-element_type=\"widget\" data-widget_type=\"theme-post-content.default\">\n<div class=\"elementor-widget-container\">\n<p>El presidente de la Rep\u00fablica Miguel D\u00edaz-Canel encabez\u00f3 una visita del Consejo de Ministros a la occidental provincia de Matanzas, en la que llam\u00f3 a los dirigentes a acercarse a la base para conocer sus problem\u00e1ticas y gestionar soluciones con las potencialidades locales.<\/p>\n<p>En la universidad del territorio el mandatario abog\u00f3 por dirigir las acciones de investigaci\u00f3n e innovaci\u00f3n hacia las problem\u00e1ticas m\u00e1s apremiantes con un encadenamiento entre los dievrsos actores sociales y de la econom\u00eda.<\/p>\n<p>Esta semana el tambi\u00e9n primer secretario del Partido Comunista de Cuba presidi\u00f3 una visita del Secretariado del Comit\u00e9 Central a las provincias de Santiago de Cuba y Guant\u00e1namo, en el oriente del pa\u00eds, para evaluar la implememtaci\u00f3n de los acuerdos del Octavo Congreso de la organizaci\u00f3n pol\u00edtica.<\/p>\n<p>En sus contactos con la m\u00e1xima dirigencia y militantes, el jefe de Estado insisti\u00f3 en la necesidad de perfeccionar el trabajo pol\u00edtico con los j\u00f3venes y desarrollar inciativas para el redimensionamiento de barrios y comunidades.<\/p>\n<p>Asuntos similares fueron analizados a inicios de semana en un encuentro de D\u00edaz-Canel con los presidentes de las asambleas municipales del Poder Popular, que sesion\u00f3 mediante videoconferencia desde el Capitolio Nacional, sede del legislativo cubano.<\/p>\n<p>En esa reuni\u00f3n Esteban Lazo, titular de la Asamblea Nacional del Poder Popular (parlamento) anunci\u00f3 que se trabaja para establecer un marco regulatorio sobre el trabajo comunitario como herramienta del poder popular.<\/p>\n<p>Durante el periodo el pa\u00eds continu\u00f3 sus esfuerzos para garantizar la estabilidad en la generaci\u00f3n de electricidad con labores de mantenimiento en sus termoel\u00e9ctricas y medidas de ahorro, no obstante, se produjeron d\u00e9ficits significativos que llegaron a alcanzar m\u00e1s de 500 Megawatt en el horario pico de consumo.<\/p>\n<p>Por otra parte, la Fiscal\u00eda General de la Rep\u00fablica inform\u00f3 sobre los resultados de los procesos penales de ciudadanos que participaron en los disturbios del 11 de julio de 2021 y las sentencias a cinco ciudadanos acusados de vejaci\u00f3n a los s\u00edmbolos patrios y a las autoridades, y desorden p\u00fablico, entre otros cargos.<\/p>\n<p>oda\/jfs<\/p>\n<\/div>\n<\/div>\n<div class=\"elementor-element elementor-element-1fdbd0a elementor-widget elementor-widget-post-info\" data-id=\"1fdbd0a\" data-element_type=\"widget\" data-widget_type=\"post-info.default\">\n<div class=\"elementor-widget-container\">\n<ul class=\"elementor-inline-items elementor-icon-list-items elementor-post-info\">\n<li class=\"elementor-icon-list-item elementor-repeater-item-170494c elementor-inline-item\"><span class=\"elementor-icon-list-text elementor-post-info__item elementor-post-info__item--type-custom\"> #<a href=\"https:\/\/www.prensa-latina.cu\/tags\/asamblea-nacional-del-poder-popular\" rel=\"tag noopener\" target=\"_blank\">Asamblea Nacional del Poder Popular<\/a> #<a href=\"https:\/\/www.prensa-latina.cu\/tags\/cuba\" rel=\"tag noopener\" target=\"_blank\">cuba<\/a> #<a href=\"https:\/\/www.prensa-latina.cu\/tags\/diaz-canel\" rel=\"tag noopener\" target=\"_blank\">D\u00edaz Canel<\/a> #<a href=\"https:\/\/www.prensa-latina.cu\/tags\/participacion-popular\" rel=\"tag noopener\" target=\"_blank\">participaci\u00f3n popular<\/a> <\/span><\/li>\n<\/ul>\n<\/div>\n<\/div>\n","protected":false},"excerpt":{"rendered":"<p>La Habana, 25 jun (Prensa Latina) El Gobierno cubano prioriza la participaci\u00f3n popular en la b\u00fasqueda de soluciones y la<\/p>\n<div class='heateor_sss_sharing_container heateor_sss_vertical_sharing heateor_sss_bottom_sharing' style='width:44px;left: -10px;top: 100px;-webkit-box-shadow:none;box-shadow:none;' ><div class=\"heateor_sss_sharing_ul\"><a class=\"heateor_sss_amp heateor_sss_amp_facebook\" href=\"https:\/\/www.facebook.com\/sharer\/sharer.php?u=https%3A%2F%2Fwww.radiomajaguabo.icrt.cu%2Findex.php%3Frest_route%3D%252Fwp%252Fv2%252Fposts%252F101\" title=\"Facebook\" rel=\"nofollow noopener\" target=\"_blank\"><amp-img src=\"https:\/\/www.radiomajaguabo.icrt.cu\/wp-content\/plugins\/sassy-social-share\/public\/..\/images\/amp\/facebook.svg\" width=\"40\" height=\"40\" alt=\"Facebook\" class=\"amp-wp-enforced-sizes\" style=\"width: 40px;\"><\/amp-img><\/a><a class=\"heateor_sss_amp heateor_sss_amp_linkedin\" href=\"https:\/\/www.linkedin.com\/sharing\/share-offsite\/?url=https%3A%2F%2Fwww.radiomajaguabo.icrt.cu%2Findex.php%3Frest_route%3D%252Fwp%252Fv2%252Fposts%252F101\" title=\"Linkedin\" rel=\"nofollow noopener\" target=\"_blank\"><amp-img src=\"https:\/\/www.radiomajaguabo.icrt.cu\/wp-content\/plugins\/sassy-social-share\/public\/..\/images\/amp\/linkedin.svg\" width=\"40\" height=\"40\" alt=\"Linkedin\" class=\"amp-wp-enforced-sizes\" style=\"width: 40px;\"><\/amp-img><\/a><a class=\"heateor_sss_amp heateor_sss_amp_whatsapp\" href=\"https:\/\/api.whatsapp.com\/send?text=Radio%20Majaguabo%20-%20Emisora%20Radio%20Majaguabo%2C%20San%20Luis%2C%20Santiago%20de%20Cuba%2C%20Cuba%20https%3A%2F%2Fwww.radiomajaguabo.icrt.cu%2Findex.php%3Frest_route%3D%252Fwp%252Fv2%252Fposts%252F101\" title=\"Whatsapp\" rel=\"nofollow noopener\" target=\"_blank\"><amp-img src=\"https:\/\/www.radiomajaguabo.icrt.cu\/wp-content\/plugins\/sassy-social-share\/public\/..\/images\/amp\/whatsapp.svg\" width=\"40\" height=\"40\" alt=\"Whatsapp\" class=\"amp-wp-enforced-sizes\" style=\"width: 40px;\"><\/amp-img><\/a><a class=\"heateor_sss_amp heateor_sss_amp_instagram\" href=\"https:\/\/www.instagram.com\/\" title=\"Instagram\" rel=\"nofollow noopener\" target=\"_blank\"><amp-img src=\"https:\/\/www.radiomajaguabo.icrt.cu\/wp-content\/plugins\/sassy-social-share\/public\/..\/images\/amp\/instagram.svg\" width=\"40\" height=\"40\" alt=\"Instagram\" class=\"amp-wp-enforced-sizes\" style=\"width: 40px;\"><\/amp-img><\/a><a class=\"heateor_sss_amp heateor_sss_amp_x\" href=\"https:\/\/twitter.com\/intent\/tweet?text=Radio%20Majaguabo%20-%20Emisora%20Radio%20Majaguabo%2C%20San%20Luis%2C%20Santiago%20de%20Cuba%2C%20Cuba&url=https%3A%2F%2Fwww.radiomajaguabo.icrt.cu%2Findex.php%3Frest_route%3D%252Fwp%252Fv2%252Fposts%252F101\" title=\"X\" rel=\"nofollow noopener\" target=\"_blank\"><amp-img src=\"https:\/\/www.radiomajaguabo.icrt.cu\/wp-content\/plugins\/sassy-social-share\/public\/..\/images\/amp\/x.svg\" width=\"40\" height=\"40\" alt=\"X\" class=\"amp-wp-enforced-sizes\" style=\"width:40px;\"><\/amp-img><\/a><\/div><div class=\"heateorSssClear\"><\/div><\/div>","protected":false},"author":10,"featured_media":102,"comment_status":"open","ping_status":"open","sticky":false,"template":"","format":"standard","meta":{"colormag_page_layout":"default_layout","footnotes":""},"categories":[8],"tags":[46,47,48,49],"ppma_author":[39],"class_list":["post-101","post","type-post","status-publish","format-standard","has-post-thumbnail","hentry","category-nacionales","tag-asamblea-nacional-del-poder-popular","tag-diaz-canel","tag-participacion-popular","tag-santiago-de-cuba"],"authors":[{"term_id":39,"user_id":10,"is_guest":0,"slug":"prensa-latina","display_name":"Prensa Latina","avatar_url":"https:\/\/secure.gravatar.com\/avatar\/50c7a3112bb25b21ddc4cf0ff17bac923226a0d4e8814139af94a839af15e315?s=96&d=mm&r=g","author_category":"","user_url":"https:\/\/www.prensa-latina.cu","last_name":"","first_name":"Prensa Latina","job_title":"","description":""}],"amp_enabled":true,"_links":{"self":[{"href":"https:\/\/www.radiomajaguabo.icrt.cu\/index.php?rest_route=\/wp\/v2\/posts\/101","targetHints":{"allow":["GET"]}}],"collection":[{"href":"https:\/\/www.radiomajaguabo.icrt.cu\/index.php?rest_route=\/wp\/v2\/posts"}],"about":[{"href":"https:\/\/www.radiomajaguabo.icrt.cu\/index.php?rest_route=\/wp\/v2\/types\/post"}],"author":[{"embeddable":true,"href":"https:\/\/www.radiomajaguabo.icrt.cu\/index.php?rest_route=\/wp\/v2\/users\/10"}],"replies":[{"embeddable":true,"href":"https:\/\/www.radiomajaguabo.icrt.cu\/index.php?rest_route=%2Fwp%2Fv2%2Fcomments&post=101"}],"version-history":[{"count":1,"href":"https:\/\/www.radiomajaguabo.icrt.cu\/index.php?rest_route=\/wp\/v2\/posts\/101\/revisions"}],"predecessor-version":[{"id":103,"href":"https:\/\/www.radiomajaguabo.icrt.cu\/index.php?rest_route=\/wp\/v2\/posts\/101\/revisions\/103"}],"wp:featuredmedia":[{"embeddable":true,"href":"https:\/\/www.radiomajaguabo.icrt.cu\/index.php?rest_route=\/wp\/v2\/media\/102"}],"wp:attachment":[{"href":"https:\/\/www.radiomajaguabo.icrt.cu\/index.php?rest_route=%2Fwp%2Fv2%2Fmedia&parent=101"}],"wp:term":[{"taxonomy":"category","embeddable":true,"href":"https:\/\/www.radiomajaguabo.icrt.cu\/index.php?rest_route=%2Fwp%2Fv2%2Fcategories&post=101"},{"taxonomy":"post_tag","embeddable":true,"href":"https:\/\/www.radiomajaguabo.icrt.cu\/index.php?rest_route=%2Fwp%2Fv2%2Ftags&post=101"},{"taxonomy":"author","embeddable":true,"href":"https:\/\/www.radiomajaguabo.icrt.cu\/index.php?rest_route=%2Fwp%2Fv2%2Fppma_author&post=101"}],"curies":[{"name":"wp","href":"https:\/\/api.w.org\/{rel}","templated":true}]}}